{"id":886,"count":2,"description":"","link":"https:\/\/aitia.fr\/erd\/mot-cle\/ministere-de-la-verite\/","name":"minist\u00e8re de la v\u00e9rit\u00e9","slug":"ministere-de-la-verite","taxonomy":"post_tag","meta":[],"_links":{"self":[{"href":"https:\/\/aitia.fr\/erd\/wp-json\/wp\/v2\/tags\/886"}],"collection":[{"href":"https:\/\/aitia.fr\/erd\/wp-json\/wp\/v2\/tags"}],"about":[{"href":"https:\/\/aitia.fr\/erd\/wp-json\/wp\/v2\/taxonomies\/post_tag"}],"wp:post_type":[{"href":"https:\/\/aitia.fr\/erd\/wp-json\/wp\/v2\/posts?tags=886"}],"curies":[{"name":"wp","href":"https:\/\/api.w.org\/{rel}","templated":true}]}}