{"id":9946,"date":"2017-11-12T15:56:09","date_gmt":"2017-11-12T14:56:09","guid":{"rendered":"https:\/\/aitia.fr\/erd\/?p=9946"},"modified":"2018-12-08T21:38:21","modified_gmt":"2018-12-08T20:38:21","slug":"pourquoi-il-ne-se-passe-rien-bis-antipresse","status":"publish","type":"post","link":"https:\/\/aitia.fr\/erd\/pourquoi-il-ne-se-passe-rien-bis-antipresse\/","title":{"rendered":"Pourquoi il ne se passe rien (bis, Antipresse)"},"content":{"rendered":"<p style=\"text-align: justify;\"><img decoding=\"async\" loading=\"lazy\" class=\"alignleft size-full wp-image-9953\" src=\"https:\/\/aitia.fr\/erd\/wp-content\/uploads\/2017\/11\/Smartphone-Zombies-r-extra-bonus-s.jpg\" alt=\"\" width=\"450\" height=\"305\" srcset=\"https:\/\/aitia.fr\/erd\/wp-content\/uploads\/2017\/11\/Smartphone-Zombies-r-extra-bonus-s.jpg 450w, https:\/\/aitia.fr\/erd\/wp-content\/uploads\/2017\/11\/Smartphone-Zombies-r-extra-bonus-s-300x203.jpg 300w\" sizes=\"(max-width: 450px) 100vw, 450px\" \/>[<em>Note de l&#8217;administrateur de ce blog : il serait difficile, ayant diffus\u00e9 il y a une semaine &#8220;<a href=\"https:\/\/aitia.fr\/erd\/pourquoi-il-ne-se-passe-rien-antipresse\/\" target=\"_blank\" rel=\"noopener\">Pourquoi il ne se passe rien<\/a>&#8220;, d&#8217;ignorer la suite qu&#8217;en donne aujourd&#8217;hui Slobodan Despot, sous forme d&#8217;un t\u00e9moignage qui en outre corrobore de tr\u00e8s pr\u00e8s mon exp\u00e9rience personnelle (m\u00eame si mon &#8220;\u00e9veil&#8221; est beaucoup plus tardif que le sien, et que je le dois \u00e0 d&#8217;autres sujets), <strong>en particulier le dernier paragraphe<\/strong>. Je vous livre donc ici la suite (et fin) de l&#8217;histoire, et vous recommande une fois de plus la lecture du <a href=\"https:\/\/web.archive.org\/web\/20180116141720\/https:\/\/antipresse.net:80\/drone\/index.html\" target=\"_blank\" rel=\"noopener\">Drone<\/a>, voire l&#8217;abonnement \u00e0 cette petite revue si m\u00e9ritante qui, elle, ne re\u00e7oit aucune subvention.<\/em>]<\/p>\n<hr \/>\n<p style=\"text-align: justify;\"><strong>A la suite du documentaire d\u2019Adam Curtis, <a href=\"https:\/\/antipresse.us1.list-manage.com\/track\/click?u=2629b793135807a38735c3ef1&amp;id=abc9441de3&amp;e=039ca4cbfc\" target=\"_blank\" rel=\"noopener\"><em>Hypernormalisation<\/em><\/a> (voir Antipresse 101), sur le remplacement de notre r\u00e9alit\u00e9 contemporaine par un monde de synth\u00e8se, j\u2019ai r\u00e9interpr\u00e9t\u00e9 certains \u00e9v\u00e9nements cruciaux de ma propre vie, et qui ont d\u00e9termin\u00e9 mon destin.<\/strong><\/p>\n<h2 id=\"un-temoignage-personnel-bosnie-1992\" style=\"text-align: justify;\">Un t\u00e9moignage personnel : Bosnie, 1992<\/h2>\n<div style=\"text-align: justify;\" align=\"right\"><small><em>\u00abNous les avons tous suivis, parce que la simplicit\u00e9 \u00e9tait rassurante.\u00bb<\/em> (Hypernormalisation)<\/small><\/div>\n<p style=\"text-align: justify;\">Quoique contestable sur bien des points, <em>Hypernormalisation<\/em> reste un remarquable exercice d\u2019<em>intelligence<\/em> au sens premier : <em>inter-lier<\/em> des faits en apparence disparates. Il m\u2019a aid\u00e9, entre autres choses, \u00e0 comprendre ma propre trajectoire.<\/p>\n<p style=\"text-align: justify;\">De mani\u00e8re significative, Curtis fait appel \u00e0 des r\u00e9f\u00e9rences litt\u00e9raires (et non \u00abscientifiques\u00bb) pour une compr\u00e9hension profonde des syst\u00e8mes : le <a href=\"https:\/\/fr.wikipedia.org\/wiki\/Stalker_(roman)\" target=\"_blank\" rel=\"noopener\"><em>Pique-nique au bord du chemin<\/em><\/a> des fr\u00e8res Strougatski pour l\u2019URSS moribonde (roman qui servit de base au film <em>Stalker<\/em> de Tarkovski), et, pour l\u2019Occident, la puissant univers romanesque de <a href=\"https:\/\/fr.wikipedia.org\/wiki\/William_Gibson\" target=\"_blank\" rel=\"noopener\">William Gibson<\/a> qui forgea le concept de <em>cyberspace<\/em>. Cela ouvre une r\u00e9flexion \u00e9tourdissante sur le rapport entre la cr\u00e9ation litt\u00e9raire et la compr\u00e9hension concr\u00e8te du monde o\u00f9 nous vivons. Mais revenons sur le c\u0153ur du sujet.<\/p>\n<p><!--more--><\/p>\n<p style=\"text-align: justify;\">En novembre 1992, je me trouvais embarqu\u00e9 comme interpr\u00e8te-accompagnateur dans la mission Elie Wiesel qui se proposait d\u2019\u00e9tablir la v\u00e9rit\u00e9 sur la rumeur de camps d\u2019extermination dans les zones serbes de la Bosnie en guerre <span id='easy-footnote-1-9946' class='easy-footnote-margin-adjust'><\/span><span class='easy-footnote'><a href='https:\/\/aitia.fr\/erd\/pourquoi-il-ne-se-passe-rien-bis-antipresse\/#easy-footnote-bottom-1-9946' title='Wiesel, sous pression, allait par la suite changer d\u2019avis, mais sans motiver son revirement par une nouvelle enqu\u00eate.'><sup>1<\/sup><\/a><\/span>. Durant tout l\u2019\u00e9t\u00e9, la presse internationale n\u2019avait parl\u00e9 que de \u00e7a, vouant \u00e0 la vindicte les Serbes et leurs leaders, sans distinction. En Suisse, en particulier, la rumeur des \u00abcamps de la mort\u00bb \u00e9tait devenue un sensationnel feuilleton de l\u2019\u00e9t\u00e9, lanc\u00e9e par le magazine <em>L\u2019Hebdo<\/em>. Fait remarquable, le \u00abreportage\u00bb \u00e0 l\u2019origine de cette avalanche \u00e9tait enti\u00e8rement autor\u00e9f\u00e9rentiel \u00e0 l\u2019int\u00e9rieur du milieu journalistique (\u00abuntel a certifi\u00e9 \u00e0 son confr\u00e8re que\u2026 lequel a transmis \u00e0&#8230;\u00bb). Encore \u00e9tudiant alors, j\u2019avais \u00e9crit des lettres rest\u00e9es sans r\u00e9ponse aux r\u00e9dactions en les priant de produire des t\u00e9moignages probants et ind\u00e9pendants et, surtout, de ne pas impliquer tout un groupement ethnique dans l\u2019amalgame des \u00abcriminels serbes\u00bb. Lorsque l\u2019occasion s\u2019est pr\u00e9sent\u00e9e de m\u2019embarquer dans une mission d\u2019enqu\u00eate, je n\u2019ai pas h\u00e9sit\u00e9. Ce fut la meilleure \u00e9cole de \u00abjournalisme\u00bb dont on pouvait r\u00eaver.<\/p>\n<p style=\"text-align: justify;\">Wiesel \u00e9tait accompagn\u00e9 de rescap\u00e9s de l\u2019Holocauste issus de sa fondation et d\u2019une quarantaine de journalistes. Nous avions atterri par surprise \u00e0 Banja Luka (capitale de la Republika Srpska) apr\u00e8s un vol rocambolesque: l\u2019ambassade US de Belgrade nous avait adjoint <em>in extremis<\/em> et de force un de ses espions, faute de quoi \u00abnul ne pouvait garantir la s\u00e9curit\u00e9 de l\u2019avion\u00bb. Puis nous nous sommes embarqu\u00e9s pour Manja\u010da, le plus mal fam\u00e9 de ces fameux camps. Comme on allait le voir par la suite, le petit espion U. S. \u00e9tait l\u00e0 pour \u00abg\u00e9rer la perception\u00bb des journalistes et des t\u00e9moins embarqu\u00e9s \u2014 mais son op\u00e9ration allait \u00eatre un \u00e9chec.<\/p>\n<p style=\"text-align: justify;\">Dans l\u2019autocar qui nous menait vers le site, j\u2019\u00e9tais assis \u00e0 c\u00f4t\u00e9 d\u2019une journaliste britannique travaillant pour une grande cha\u00eene. Elle \u00e9tait morose et ferm\u00e9e. Me faisant passer pour un coll\u00e8gue \u00abde chez eux\u00bb, j\u2019ai entam\u00e9 la conversation. Elle m\u2019a dit \u00e0 peu pr\u00e8s ceci : \u00abA quoi bon y aller? De toute fa\u00e7on, ils auront pr\u00e9par\u00e9 une mise en sc\u00e8ne.\u00bb Elle parlait des \u00abSerbes\u00bb avec un d\u00e9go\u00fbt et un m\u00e9pris de chasseur de vampires. Son reportage \u00e9tait de toute \u00e9vidence \u00e9crit avant son d\u00e9part.<\/p>\n<p style=\"text-align: justify;\">Or, nous avons d\u00e9barqu\u00e9 dans une ferme d\u2019alpage convertie en hangar de d\u00e9tention. Des prisonniers y \u00e9taient align\u00e9s avec leurs couvertures. Ils \u00e9taient maigres, tout comme leurs gardiens. Personne, en ce lieu, n\u2019aurait eu le temps d\u2019effacer les preuves et les structures d\u2019une extermination de masse avec quelques heures de pr\u00e9avis. Pas m\u00eame un mirador \u00e0 filmer! Les cinq ou six \u00e9quipes de t\u00e9l\u00e9vision sont reparties bredouilles et d\u00e9pit\u00e9es.<\/p>\n<p style=\"text-align: justify;\">Ayant visit\u00e9 plusieurs lieux suspect\u00e9s, Elie Wiesel a d\u00e9clar\u00e9 avoir vu une r\u00e9alit\u00e9 dure, mais sans aucun rapport avec les camps nazis. Aucun m\u00e9dia occidental n\u2019a fait \u00e9tat de sa mission : elle ne cadrait pas avec la <em>narrative<\/em> pr\u00e9fabriqu\u00e9e. Les \u00abcamps de la mort\u00bb de l\u2019\u00e9t\u00e9 1992 ont eux aussi fini dans le magasin des accessoires<span id='easy-footnote-2-9946' class='easy-footnote-margin-adjust'><\/span><span class='easy-footnote'><a href='https:\/\/aitia.fr\/erd\/pourquoi-il-ne-se-passe-rien-bis-antipresse\/#easy-footnote-bottom-2-9946' title='Cette mission est racont\u00e9e par la journaliste italienne Jeanie Toschi Marazzani Visconti dans son livre &lt;a href=&quot;https:\/\/www.lafeltrinelli.it\/libri\/jean-toschi-marazzani-visconti\/corridoio\/9788882922771&quot; target=&quot;_blank&quot; rel=&quot;noopener&quot;&gt;&lt;em&gt;Il Corridoio&lt;\/em&gt;&lt;\/a&gt; (Citt\u00e0 del Sole, 2005).'><sup>2<\/sup><\/a><\/span>.<\/p>\n<p style=\"text-align: justify;\">Or il se trouvait parmi ces quarante journalistes un Fran\u00e7ais portant lunettes rondes et moustache \u00e0 la Hercule Poirot. Jacques Merlino \u00e9tait alors chef des informations \u00e0 France 2. Il \u00e9tait furieux, mais pas pour la m\u00eame raison que ses coll\u00e8gues. \u00abOn a fabriqu\u00e9 une fiction totale autour de cette guerre!\u00bb, nous a-t-il dit le dernier soir, avant de s\u2019embarquer pour Paris.<\/p>\n<p style=\"text-align: justify;\">Merlino a joint l\u2019acte \u00e0 l\u2019indignation. Il a men\u00e9 une enqu\u00eate m\u00e9ticuleuse sur la fabrication des bons et des m\u00e9chants en ex-Yougoslavie. Il a m\u00eame interview\u00e9 James Harff, le patron de Ruder &amp; Finn, la principale agence de RP charg\u00e9e de \u00abconvertir l\u2019opinion juive\u00bb aux USA, \u00e0 l\u2019origine favorable aux Serbes et hostile aux musulmans. Et celui-ci, fier de son coup, a tout d\u00e9ball\u00e9. Pour r\u00e9pandre d\u2019\u00e9pouvantables histoires de g\u00e9nocide, il lui suffisait d\u2019un fax et d\u2019un bon carnet d\u2019adresses\u2026<\/p>\n<p style=\"text-align: justify;\"><em><a href=\"https:\/\/antipresse.us1.list-manage.com\/track\/click?u=2629b793135807a38735c3ef1&amp;id=ff408405b6&amp;e=039ca4cbfc\" target=\"_blank\" rel=\"noopener\">Les V\u00e9rit\u00e9s yougoslaves ne sont pas toutes bonnes \u00e0 dire<\/a><\/em> s\u2019est vendu \u00e0 des milliers d\u2019exemplaires, a \u00e9t\u00e9 rapidement \u00e9puis\u00e9, mais n\u2019a jamais \u00e9t\u00e9 r\u00e9\u00e9dit\u00e9. Jacques Merlino, lui, a vu sa carri\u00e8re d\u00e9finitivement bris\u00e9e. Il avait os\u00e9 d\u00e9chirer le rideau de l\u2019\u00abinformation spectacle\u00bb. Il fut envoy\u00e9 comme correspondant en Chine. Puis la profession a perdu sa trace.<\/p>\n<p style=\"text-align: justify;\">Ni son livre, ni les autres contre-enqu\u00eates solidement document\u00e9es, ni les couacs r\u00e9p\u00e9t\u00e9s du TPI de La Haye, ni l\u2019intervention totalement ill\u00e9gale de l\u2019OTAN dans ce conflit n\u2019ont rien chang\u00e9 \u00e0 la narrative et \u00e0 ses visions manich\u00e9istes. L\u2019<em>hypernormalisation<\/em> m\u00e9diatique, dans le cas yougoslave, a fonctionn\u00e9 sans heurts. Aucune irruption de r\u00e9alit\u00e9 n\u2019est venue perturber l\u2019instauration d\u00e9lib\u00e9r\u00e9e du fondamentalisme islamique dans les Balkans et en Europe.<\/p>\n<p style=\"text-align: justify;\">Deux ans plus tard, je devais compara\u00eetre comme \u00abt\u00e9moin-expert\u00bb dans le proc\u00e8s d\u2019un serbe de Bosnie arr\u00eat\u00e9 et jug\u00e9 en Suisse sur d\u00e9l\u00e9gation du TPI pour de suppos\u00e9s crimes de g\u00e9nocide en Bosnie du Nord-Ouest (la presse r\u00e9pandait \u00e0 l\u2019\u00e9poque une rumeur de \u00abtueurs du week-end\u00bb, rentrant d\u2019Europe de l\u2019Ouest pour tuer du musulman pendant deux ou trois jours). Cet innocent, qui avait \u00e9t\u00e9 d\u00e9tenu pendant presque deux ans en Suisse sans conseil, sans explication ni contact avec son ambassade au m\u00e9pris des droits de l\u2019homme les plus \u00e9l\u00e9mentaires, fut relax\u00e9 et obtint dommages et int\u00e9r\u00eats. La fiction journalistique avait contamin\u00e9 m\u00eame les juges, mais elle devait se briser sur un \u00e9cueil \u00e9l\u00e9mentaire : la n\u00e9cessit\u00e9 d\u2019apporter des preuves, ou du moins des t\u00e9moignages cr\u00e9dibles. Ni les unes, ni les autres ne purent \u00eatre r\u00e9unis dans le cas de Goran G. <span id='easy-footnote-3-9946' class='easy-footnote-margin-adjust'><\/span><span class='easy-footnote'><a href='https:\/\/aitia.fr\/erd\/pourquoi-il-ne-se-passe-rien-bis-antipresse\/#easy-footnote-bottom-3-9946' title='Pour plus d\u2019information, voir : &lt;a href=&quot;https:\/\/arretsurinfo.ch\/lere-de-la-terreur-par-slobodan-despot\/&quot; target=&quot;_blank&quot; rel=&quot;noopener&quot;&gt;\u00abL\u2019\u00e8re de la Terreur\u00bb&lt;\/a&gt;, Antipresse 17, 27 mars 2016.'><sup>3<\/sup><\/a><\/span><\/p>\n<p style=\"text-align: justify;\">Pour ma part, et depuis cette exp\u00e9rience, j\u2019ai \u00e9t\u00e9 d\u00e9finitivement instruit et n\u2019ai eu de cesse de d\u00e9shabiller l\u2019inanit\u00e9 des structures politiques, m\u00e9diatiques et acad\u00e9miques europ\u00e9ennes qui ont contribu\u00e9 \u00e0 ce montage suicidaire. Elles me l\u2019ont bien rendu, en me rangeant d\u00e8s qu\u2019elles le pouvaient parmi les demeur\u00e9s \u00e0 cr\u00e2ne ras\u00e9 d\u2019extr\u00eame droite. <em>\u00abParce que la simplicit\u00e9 \u00e9tait rassurante\u2026\u00bb<\/em><\/p>\n<p><code>\n<style type=\"text\/css\">\n<!--\n\n.prisna-gwt-align-left {\n\ttext-align: left !important;\n}\n.prisna-gwt-align-right {\n\ttext-align: right !important;\n}\n\n\n.prisna-gwt-flags-container {\n\tlist-style: none !important;\n\tmargin: 0 !important;\n\tpadding: 0 !important;\n\tborder: none !important;\n\tclear: both !important;\n}\n.prisna-gwt-flag-container {\n\tlist-style: none !important;\n\tdisplay: inline-block;\n\tmargin: 0 2px 0 0 !important;\n\tpadding: 0 !important;\n\tborder: none !important;\n}\n.prisna-gwt-flag-container a {\n\tdisplay: inline-block;\n\tmargin: 0 !important;\n\tpadding: 0 !important;\n\tborder: none !important;\n\tbackground-repeat: no-repeat !important;\n\tbackground-image: url(https:\/\/aitia.fr\/erd\/wp-content\/plugins\/google-website-translator\/images\/all.png) !important;\n\twidth: 22px !important;\n\theight: 16px !important;\n}\n.prisna-gwt-language-en a { background-position: 0px 0px !important; }\n.prisna-gwt-language-ar a { background-position: -44px -32px !important; }\n.prisna-gwt-language-eu a { background-position: -110px -32px !important; }\n.prisna-gwt-language-bg a { background-position: -198px -32px !important; }\n.prisna-gwt-language-ca a { background-position: 0px -48px !important; }\n.prisna-gwt-language-zh-CN a { background-position: -132px 0px !important; }\n.prisna-gwt-language-zh-TW a { background-position: -154px 0px !important; }\n.prisna-gwt-language-cs a { background-position: -88px -48px !important; }\n.prisna-gwt-language-da a { background-position: -110px -16px !important; }\n.prisna-gwt-language-nl a { background-position: -44px 0px !important; }\n.prisna-gwt-language-fr a { background-position: -22px 0px !important; }\n.prisna-gwt-language-de a { background-position: -88px 0px !important; }\n.prisna-gwt-language-el a { background-position: -66px 0px !important; }\n.prisna-gwt-language-ga a { background-position: -110px -64px !important; }\n.prisna-gwt-language-it a { background-position: -176px -16px !important; }\n.prisna-gwt-language-ja a { background-position: -198px -16px !important; }\n.prisna-gwt-language-km a { background-position: -154px -64px !important; }\n.prisna-gwt-language-ko a { background-position: -176px -64px !important; }\n.prisna-gwt-language-ms a { background-position: -88px -80px !important; }\n.prisna-gwt-language-no a { background-position: -88px -16px !important; }\n.prisna-gwt-language-fa a { background-position: 0px -96px !important; }\n.prisna-gwt-language-pl a { background-position: -176px 0px !important; }\n.prisna-gwt-language-pt a { background-position: -198px 0px !important; }\n.prisna-gwt-language-pa a { background-position: -22px -16px !important; }\n.prisna-gwt-language-ro a { background-position: -44px -16px !important; }\n.prisna-gwt-language-ru a { background-position: -66px -16px !important; }\n.prisna-gwt-language-sr a { background-position: -22px -96px !important; }\n.prisna-gwt-language-es a { background-position: -110px 0px !important; }\n.prisna-gwt-language-th a { background-position: 0px -16px !important; }\n.prisna-gwt-language-tr a { background-position: -154px -96px !important; }\n.prisna-gwt-language-uk a { background-position: -176px -96px !important; }\n.prisna-gwt-language-vi a { background-position: -22px -64px !important; }\n\n\n#goog-gt-tt,\n.goog-tooltip,\n.goog-tooltip:hover {\n\tdisplay: none !important;\n}\n.goog-text-highlight {\n\tbackground-color: transparent !important;\n\tborder: none !important;\n\tbox-shadow: none !important;\n}\n.translated-rtl font,\n.translated-ltr font {\n\tbackground-color: transparent !important;\n\tbox-shadow: none !important;\n\tbox-sizing: border-box !important;\n\t-webkit-box-sizing: border-box !important;\n\t-moz-box-sizing: border-box !important;\n}\n\n-->\n<\/style>\n\n\n\n<script type=\"text\/javascript\">\n\/*<![CDATA[*\/\nvar PrisnaGWT = {\n\n\t_fire_event: function(_element, _event) {\n\t\t\n\t\ttry {\n\t\t\tif (document.createEvent) {\n\t\t\t\tvar ev = document.createEvent(\"HTMLEvents\");\n\t\t\t\tev.initEvent(_event, true, true);\n\t\t\t\t_element.dispatchEvent(ev);\n\t\t\t} \n\t\t\telse {\n\t\t\t\tvar ev = document.createEventObject();\n\t\t\t\t_element.fireEvent(\"on\" + _event, ev);\n\t\t\t}\n\t\t} \n\t\tcatch (e) {\n\t\t\tconsole.log(\"Prisna GWT: Browser not supported!\");\n\t\t}\n\t\t\n\t},\n\n\t_restore: function() {\n\n\t\tvar b, d = false;\n\t\tvar c =  document.getElementById(\"\\:1\\.container\");\n\t\tif (c)\n\t\t\td = c.contentWindow.document.getElementById(\"\\:1\\.restore\");\n\t\t\n\t\tif (d)\n\t\t\tthis._fire_event(d, \"click\");\n\n\t},\n\t\n\ttranslate: function(_language) {\n\t\n\t\tvar element;\n\t\tvar combos = document.getElementsByTagName(\"select\"); \/\/ IE8 doesn't support getElementsByClassName\n\t\t\n\t\tfor (var i=0; i<combos.length; i++)\n\t\t\tif (combos[i].className == \"goog-te-combo\")\n\t\t\t\telement = combos[i];\n\t\t\n\t\tif (!element)\n\t\t\treturn;\n\t\t\n\t\tif (_language == \"fr\")\n\t\t\tthis._restore();\n\t\telse {\n\t\t\telement.value = _language;\n\t\t\tthis._fire_event(element, \"change\");\n\t\t}\n\n\t}\n\t\n};\n\/*]]>*\/\n<\/script>\n<ul class=\"prisna-gwt-flags-container prisna-gwt-align-right notranslate\">\n\t<li class=\"prisna-gwt-flag-container prisna-gwt-language-ar\">\n\t<a href=\"javascript:;\" onclick=\"PrisnaGWT.translate('ar'); return false;\" title=\"Arabic\"><\/a>\n<\/li><li class=\"prisna-gwt-flag-container prisna-gwt-language-zh-CN\">\n\t<a href=\"javascript:;\" onclick=\"PrisnaGWT.translate('zh-CN'); return false;\" title=\"Chinese Simplified\"><\/a>\n<\/li><li class=\"prisna-gwt-flag-container prisna-gwt-language-zh-TW\">\n\t<a href=\"javascript:;\" onclick=\"PrisnaGWT.translate('zh-TW'); return false;\" title=\"Chinese Traditional\"><\/a>\n<\/li><li class=\"prisna-gwt-flag-container prisna-gwt-language-nl\">\n\t<a href=\"javascript:;\" onclick=\"PrisnaGWT.translate('nl'); return false;\" title=\"Dutch\"><\/a>\n<\/li><li class=\"prisna-gwt-flag-container prisna-gwt-language-en\">\n\t<a href=\"javascript:;\" onclick=\"PrisnaGWT.translate('en'); return false;\" title=\"English\"><\/a>\n<\/li><li class=\"prisna-gwt-flag-container prisna-gwt-language-fr\">\n\t<a href=\"javascript:;\" onclick=\"PrisnaGWT.translate('fr'); return false;\" title=\"French\"><\/a>\n<\/li><li class=\"prisna-gwt-flag-container prisna-gwt-language-de\">\n\t<a href=\"javascript:;\" onclick=\"PrisnaGWT.translate('de'); return false;\" title=\"German\"><\/a>\n<\/li><li class=\"prisna-gwt-flag-container prisna-gwt-language-el\">\n\t<a href=\"javascript:;\" onclick=\"PrisnaGWT.translate('el'); return false;\" title=\"Greek\"><\/a>\n<\/li><li class=\"prisna-gwt-flag-container prisna-gwt-language-it\">\n\t<a href=\"javascript:;\" onclick=\"PrisnaGWT.translate('it'); return false;\" title=\"Italian\"><\/a>\n<\/li><li class=\"prisna-gwt-flag-container prisna-gwt-language-ja\">\n\t<a href=\"javascript:;\" onclick=\"PrisnaGWT.translate('ja'); return false;\" title=\"Japanese\"><\/a>\n<\/li><li class=\"prisna-gwt-flag-container prisna-gwt-language-ms\">\n\t<a href=\"javascript:;\" onclick=\"PrisnaGWT.translate('ms'); return false;\" title=\"Malay\"><\/a>\n<\/li><li class=\"prisna-gwt-flag-container prisna-gwt-language-fa\">\n\t<a href=\"javascript:;\" onclick=\"PrisnaGWT.translate('fa'); return false;\" title=\"Persian\"><\/a>\n<\/li><li class=\"prisna-gwt-flag-container prisna-gwt-language-pt\">\n\t<a href=\"javascript:;\" onclick=\"PrisnaGWT.translate('pt'); return false;\" title=\"Portuguese\"><\/a>\n<\/li><li class=\"prisna-gwt-flag-container prisna-gwt-language-ro\">\n\t<a href=\"javascript:;\" onclick=\"PrisnaGWT.translate('ro'); return false;\" title=\"Romanian\"><\/a>\n<\/li><li class=\"prisna-gwt-flag-container prisna-gwt-language-ru\">\n\t<a href=\"javascript:;\" onclick=\"PrisnaGWT.translate('ru'); return false;\" title=\"Russian\"><\/a>\n<\/li><li class=\"prisna-gwt-flag-container prisna-gwt-language-es\">\n\t<a href=\"javascript:;\" onclick=\"PrisnaGWT.translate('es'); return false;\" title=\"Spanish\"><\/a>\n<\/li><li class=\"prisna-gwt-flag-container prisna-gwt-language-uk\">\n\t<a href=\"javascript:;\" onclick=\"PrisnaGWT.translate('uk'); return false;\" title=\"Ukrainian\"><\/a>\n<\/li><li class=\"prisna-gwt-flag-container prisna-gwt-language-vi\">\n\t<a href=\"javascript:;\" onclick=\"PrisnaGWT.translate('vi'); return false;\" title=\"Vietnamese\"><\/a>\n<\/li><li class=\"prisna-gwt-flag-container prisna-gwt-language-cs\">\n\t<a href=\"javascript:;\" onclick=\"PrisnaGWT.translate('cs'); return false;\" title=\"Czech\"><\/a>\n<\/li><li class=\"prisna-gwt-flag-container prisna-gwt-language-eu\">\n\t<a href=\"javascript:;\" onclick=\"PrisnaGWT.translate('eu'); return false;\" title=\"Basque\"><\/a>\n<\/li><li class=\"prisna-gwt-flag-container prisna-gwt-language-bg\">\n\t<a href=\"javascript:;\" onclick=\"PrisnaGWT.translate('bg'); return false;\" title=\"Bulgarian\"><\/a>\n<\/li><li class=\"prisna-gwt-flag-container prisna-gwt-language-ca\">\n\t<a href=\"javascript:;\" onclick=\"PrisnaGWT.translate('ca'); return false;\" title=\"Catalan\"><\/a>\n<\/li><li class=\"prisna-gwt-flag-container prisna-gwt-language-da\">\n\t<a href=\"javascript:;\" onclick=\"PrisnaGWT.translate('da'); return false;\" title=\"Danish\"><\/a>\n<\/li><li class=\"prisna-gwt-flag-container prisna-gwt-language-ga\">\n\t<a href=\"javascript:;\" onclick=\"PrisnaGWT.translate('ga'); return false;\" title=\"Irish\"><\/a>\n<\/li><li class=\"prisna-gwt-flag-container prisna-gwt-language-ko\">\n\t<a href=\"javascript:;\" onclick=\"PrisnaGWT.translate('ko'); return false;\" title=\"Korean\"><\/a>\n<\/li><li class=\"prisna-gwt-flag-container prisna-gwt-language-km\">\n\t<a href=\"javascript:;\" onclick=\"PrisnaGWT.translate('km'); return false;\" title=\"Khmer\"><\/a>\n<\/li><li class=\"prisna-gwt-flag-container prisna-gwt-language-no\">\n\t<a href=\"javascript:;\" onclick=\"PrisnaGWT.translate('no'); return false;\" title=\"Norwegian\"><\/a>\n<\/li><li class=\"prisna-gwt-flag-container prisna-gwt-language-pl\">\n\t<a href=\"javascript:;\" onclick=\"PrisnaGWT.translate('pl'); return false;\" title=\"Polish\"><\/a>\n<\/li><li class=\"prisna-gwt-flag-container prisna-gwt-language-pa\">\n\t<a href=\"javascript:;\" onclick=\"PrisnaGWT.translate('pa'); return false;\" title=\"Punjabi\"><\/a>\n<\/li><li class=\"prisna-gwt-flag-container prisna-gwt-language-sr\">\n\t<a href=\"javascript:;\" onclick=\"PrisnaGWT.translate('sr'); return false;\" title=\"Serbian\"><\/a>\n<\/li><li class=\"prisna-gwt-flag-container prisna-gwt-language-th\">\n\t<a href=\"javascript:;\" onclick=\"PrisnaGWT.translate('th'); return false;\" title=\"Thai\"><\/a>\n<\/li><li class=\"prisna-gwt-flag-container prisna-gwt-language-tr\">\n\t<a href=\"javascript:;\" onclick=\"PrisnaGWT.translate('tr'); return false;\" title=\"Turkish\"><\/a>\n<\/li>\n<\/ul>\n\n<div id=\"google_translate_element\" class=\"prisna-gwt-align-right\"><\/div>\n<script type=\"text\/javascript\">\n\/*<![CDATA[*\/\nfunction initializeGoogleTranslateElement() {\n\tnew google.translate.TranslateElement({\n\t\tpageLanguage: \"fr\",\n\t\tautoDisplay: false,\n\t\tincludedLanguages: \"ar,eu,bg,ca,zh-CN,zh-TW,cs,da,nl,en,fr,de,el,ga,it,ja,km,ko,ms,no,fa,pl,pt,pa,ro,ru,sr,es,th,tr,uk,vi\"\n\t}, \"google_translate_element\");\n}\n\/*]]>*\/\n<\/script>\n<script type=\"text\/javascript\" src=\"\/\/translate.google.com\/translate_a\/element.js?cb=initializeGoogleTranslateElement\"><\/script><\/code><\/p>\n","protected":false},"excerpt":{"rendered":"<p>[Note de l&#8217;administrateur de ce blog : il serait difficile, ayant diffus\u00e9 il y a une semaine &#8220;Pourquoi il ne se passe rien&#8220;, d&#8217;ignorer la suite qu&#8217;en donne aujourd&#8217;hui Slobodan Despot, sous forme d&#8217;un t\u00e9moignage qui en outre corrobore de tr\u00e8s pr\u00e8s mon exp\u00e9rience personnelle (m\u00eame si mon &#8220;\u00e9veil&#8221; est beaucoup plus tardif que le [&hellip;]<\/p>\n","protected":false},"author":1,"featured_media":0,"comment_status":"open","ping_status":"open","sticky":false,"template":"","format":"standard","meta":[],"categories":[4,134,3,29],"tags":[787,390,785,93,784,803,12,786,391,675],"_links":{"self":[{"href":"https:\/\/aitia.fr\/erd\/wp-json\/wp\/v2\/posts\/9946"}],"collection":[{"href":"https:\/\/aitia.fr\/erd\/wp-json\/wp\/v2\/posts"}],"about":[{"href":"https:\/\/aitia.fr\/erd\/wp-json\/wp\/v2\/types\/post"}],"author":[{"embeddable":true,"href":"https:\/\/aitia.fr\/erd\/wp-json\/wp\/v2\/users\/1"}],"replies":[{"embeddable":true,"href":"https:\/\/aitia.fr\/erd\/wp-json\/wp\/v2\/comments?post=9946"}],"version-history":[{"count":13,"href":"https:\/\/aitia.fr\/erd\/wp-json\/wp\/v2\/posts\/9946\/revisions"}],"predecessor-version":[{"id":11789,"href":"https:\/\/aitia.fr\/erd\/wp-json\/wp\/v2\/posts\/9946\/revisions\/11789"}],"wp:attachment":[{"href":"https:\/\/aitia.fr\/erd\/wp-json\/wp\/v2\/media?parent=9946"}],"wp:term":[{"taxonomy":"category","embeddable":true,"href":"https:\/\/aitia.fr\/erd\/wp-json\/wp\/v2\/categories?post=9946"},{"taxonomy":"post_tag","embeddable":true,"href":"https:\/\/aitia.fr\/erd\/wp-json\/wp\/v2\/tags?post=9946"}],"curies":[{"name":"wp","href":"https:\/\/api.w.org\/{rel}","templated":true}]}}