{"id":9846,"date":"2017-11-07T07:10:15","date_gmt":"2017-11-07T06:10:15","guid":{"rendered":"https:\/\/aitia.fr\/erd\/?p=9846"},"modified":"2017-11-06T19:15:08","modified_gmt":"2017-11-06T18:15:08","slug":"pierre-berge-esclavagiste-sexuel-la-nouvelle-interview-choc-panamza","status":"publish","type":"post","link":"https:\/\/aitia.fr\/erd\/pierre-berge-esclavagiste-sexuel-la-nouvelle-interview-choc-panamza\/","title":{"rendered":"Pierre Berg\u00e9, \u00ab esclavagiste sexuel \u00bb : la nouvelle interview-choc (Panamza)"},"content":{"rendered":"<p style=\"text-align: center;\"><iframe loading=\"lazy\" src=\"https:\/\/www.youtube.com\/embed\/q_KHUyOP0sQ\" width=\"640\" height=\"360\" frameborder=\"0\" allowfullscreen=\"allowfullscreen\"><\/iframe><\/p>\n<p>Pour en savoir plus, et notamment sur les actes p\u00e9dophiles ayant eu lieu dans la propri\u00e9t\u00e9 marocaine de Pierre Berg\u00e9 : voir <a href=\"https:\/\/www.panamza.com\/041117-pierre-berge-esclavagiste-sexuel\/\" target=\"_blank\" rel=\"noopener\">l&#8217;article de Panamza<\/a>.<\/p>\n<p>Et sur l&#8217;aspect proc\u00e9durier du personnage, immens\u00e9ment pervers mais ne supportant pas que l&#8217;on puisse \u00e9gratigner son image de &#8220;m\u00e9c\u00e8ne progressiste&#8221;, <a href=\"https:\/\/www.egaliteetreconciliation.fr\/Pierre-Berge-censeur-L-affaire-Dialogues-desaccordes-42944.html\" target=\"_blank\" rel=\"noopener\">voir cet article<\/a>.<\/p>\n","protected":false},"excerpt":{"rendered":"<p>Pour en savoir plus, et notamment sur les actes p\u00e9dophiles ayant eu lieu dans la propri\u00e9t\u00e9 marocaine de Pierre Berg\u00e9 : voir l&#8217;article de Panamza. Et sur l&#8217;aspect proc\u00e9durier du personnage, immens\u00e9ment pervers mais ne supportant pas que l&#8217;on puisse \u00e9gratigner son image de &#8220;m\u00e9c\u00e8ne progressiste&#8221;, voir cet article.<\/p>\n","protected":false},"author":1,"featured_media":0,"comment_status":"open","ping_status":"open","sticky":false,"template":"","format":"standard","meta":[],"categories":[4,134],"tags":[794,790,792,791,795,788,793,789],"_links":{"self":[{"href":"https:\/\/aitia.fr\/erd\/wp-json\/wp\/v2\/posts\/9846"}],"collection":[{"href":"https:\/\/aitia.fr\/erd\/wp-json\/wp\/v2\/posts"}],"about":[{"href":"https:\/\/aitia.fr\/erd\/wp-json\/wp\/v2\/types\/post"}],"author":[{"embeddable":true,"href":"https:\/\/aitia.fr\/erd\/wp-json\/wp\/v2\/users\/1"}],"replies":[{"embeddable":true,"href":"https:\/\/aitia.fr\/erd\/wp-json\/wp\/v2\/comments?post=9846"}],"version-history":[{"count":4,"href":"https:\/\/aitia.fr\/erd\/wp-json\/wp\/v2\/posts\/9846\/revisions"}],"predecessor-version":[{"id":9850,"href":"https:\/\/aitia.fr\/erd\/wp-json\/wp\/v2\/posts\/9846\/revisions\/9850"}],"wp:attachment":[{"href":"https:\/\/aitia.fr\/erd\/wp-json\/wp\/v2\/media?parent=9846"}],"wp:term":[{"taxonomy":"category","embeddable":true,"href":"https:\/\/aitia.fr\/erd\/wp-json\/wp\/v2\/categories?post=9846"},{"taxonomy":"post_tag","embeddable":true,"href":"https:\/\/aitia.fr\/erd\/wp-json\/wp\/v2\/tags?post=9846"}],"curies":[{"name":"wp","href":"https:\/\/api.w.org\/{rel}","templated":true}]}}