{"id":9776,"date":"2017-10-25T22:00:58","date_gmt":"2017-10-25T20:00:58","guid":{"rendered":"https:\/\/aitia.fr\/erd\/?p=9776"},"modified":"2017-10-25T22:00:58","modified_gmt":"2017-10-25T20:00:58","slug":"la-vaccination-est-sans-risque-vraiment-hippocrate-et-pindare-sont-dans-un-bateau","status":"publish","type":"post","link":"https:\/\/aitia.fr\/erd\/la-vaccination-est-sans-risque-vraiment-hippocrate-et-pindare-sont-dans-un-bateau\/","title":{"rendered":"La vaccination est sans risque. Vraiment ? <br>(Hippocrate et Pindare sont dans un bateau&#8230;)"},"content":{"rendered":"<div id=\"attachment_9780\" style=\"width: 360px\" class=\"wp-caption alignleft\"><a href=\"https:\/\/lnx.febbriperiodiche.it\/aifp\/agenda-eventi\/116-the-10th-international-congress-on-autoimmunity\" target=\"_blank\" rel=\"noopener\"><img aria-describedby=\"caption-attachment-9780\" decoding=\"async\" loading=\"lazy\" class=\"wp-image-9780\" src=\"https:\/\/aitia.fr\/erd\/wp-content\/uploads\/2017\/10\/Kanduc_Schoenfeld-300x245.png\" alt=\"Darja et Yehuda ne sont pas vraiment d'accord avec Marisol et Agn\u00e8s. Normal, ils servent la science, pas la finance.\" width=\"350\" height=\"286\" srcset=\"https:\/\/aitia.fr\/erd\/wp-content\/uploads\/2017\/10\/Kanduc_Schoenfeld-300x245.png 300w, https:\/\/aitia.fr\/erd\/wp-content\/uploads\/2017\/10\/Kanduc_Schoenfeld.png 409w\" sizes=\"(max-width: 350px) 100vw, 350px\" \/><\/a><p id=\"caption-attachment-9780\" class=\"wp-caption-text\">Darja et Yehuda ne sont pas vraiment d&#8217;accord avec Marisol et Agn\u00e8s. Normal, ils servent la science, pas la finance.<\/p><\/div>\n<p style=\"text-align: justify;\">[<em>Note de l&#8217;administrateur de ce blog : en mati\u00e8re de vaccination, on en entend de belles. D\u00e9j\u00e0 avec l&#8217;ex-ministre qui disait que &#8220;<a href=\"https:\/\/www.prevention-sante.eu\/actus\/vaccination-ca-ne-se-discute-pas-sauf\" target=\"_blank\" rel=\"noopener\">la vaccination, \u00e7a ne se discute pas<\/a>&#8221; (ah bon, cela n&#8217;a rien de scientifique alors ?), et aujourd&#8217;hui avec la <del>m\u00e8re fouettarde<\/del> ministre en exercice qui <a href=\"https:\/\/www.rtl.fr\/actu\/politique\/buzyn-sur-rtl-vos-enfants-ne-rentreront-pas-a-l-ecole-s-ils-ne-sont-pas-vaccines-7790626946\" target=\"_blank\" rel=\"noopener\">justifie l&#8217;interdiction de cr\u00e8che et d&#8217;\u00e9cole<\/a> pour les enfants non vaccin\u00e9s au motif qu&#8217;ils pourraient exposer &#8220;les autres enfants \u00e0 des virus mortels&#8221; (mais \u00e0 quoi donc servent les vaccins, alors ? c&#8217;est les non-vaccin\u00e9s qui ne craignent rien et les vaccin\u00e9s qui risquent leur vie ? comprends plus, moi&#8230;). On pourrait aussi b\u00eatement lui faire remarquer que ni en Espagne, ni en Allemagne, ni en Angleterre (<a href=\"https:\/\/aitia.fr\/erd\/wp-content\/uploads\/2017\/10\/obligation-vaccinale-Europe-2015.jpg\" target=\"_blank\" rel=\"noopener\">entre autres&#8230;<\/a>) la vaccination n&#8217;est obligatoire, mais c&#8217;est sans doute parce que ces pays sont arri\u00e9r\u00e9s et que leurs ministres de la sant\u00e9 respectifs n&#8217;ont pas encore \u00e9t\u00e9 inform\u00e9s des bienfaits de cette pratique m\u00e9dicale r\u00e9volutionnaire.<\/em><\/p>\n<p style=\"text-align: justify;\"><em>Mais rassurez-vous (si j&#8217;ose dire), nombre de mes proches coll\u00e8gues ne sont pas en reste. Il ne s&#8217;agit pas de m\u00e9decins, la facult\u00e9 de m\u00e9decine n&#8217;existe pas \u00e0 Pau ; mais de scientifiques qui se pr\u00e9tendent rationnels. Et qui ont quelque peine \u00e0 comprendre que :<\/em><\/p>\n<ul>\n<li><em>la vaccination agit, par d\u00e9finition, sur le syst\u00e8me immunitaire ; ce qui n&#8217;a rien d&#8217;anodin et devrait inciter \u00e0 la prudence, en particulier sur les patients immuno-d\u00e9ficients (nouveaux-n\u00e9s, personnes \u00e2g\u00e9es), et en cas de multiplication des vaccinations<\/em><\/li>\n<li><em>cons\u00e9quence du point ci-dessus, il ne para\u00eet pas aberrant de rechercher la cause de l&#8217;augmentation des maladies auto-immunes du c\u00f4t\u00e9 des vaccinations, surtout pr\u00e9coces et massives<\/em><\/li>\n<li><em>il est difficile d&#8217;\u00e9valuer les risques d&#8217;une pratique m\u00e9dicale quelconque en ne prenant en compte que ses aspects positifs (ne rigolez pas, j&#8217;ai vu des &#8220;d\u00e9monstrations&#8221; du b\u00e9n\u00e9fice vaccinal sur une base de calculs statistiques (justes) ne prenant en compte que les probabilit\u00e9s des b\u00e9n\u00e9fices)<\/em><\/li>\n<\/ul>\n<p style=\"text-align: justify;\"><em>Mais assez parl\u00e9. Je vous invite \u00e0 lire le billet suivant issu du blog d&#8217;un m\u00e9decin g\u00e9n\u00e9raliste, qui relate les conclusions d&#8217;un article scientifique (dont les auteurs figurent en illustration ci-dessus) paru en ao\u00fbt 2016, et que les plus courageux <a href=\"https:\/\/aitia.fr\/erd\/wp-content\/uploads\/2017\/10\/Kanduc_Schoenfeld_2016.pdf\" target=\"_blank\" rel=\"noopener\">pourront lire ici<\/a>. Il semble, h\u00e9las, que contrairement \u00e0 ce m\u00e9decin-blogueur beaucoup de ses confr\u00e8res ne connaissent de la recherche m\u00e9dicale que ce que les visiteurs m\u00e9dicaux viennent leur en pr\u00e9senter. J&#8217;en ai rencontr\u00e9. Plusieurs.<\/em><\/p>\n<p style=\"text-align: justify;\"><em>Et <strong>je recommande tout particuli\u00e8rement<\/strong>, sur le m\u00eame blog, la <strong><a title=\"Lettre ouverte aux d\u00e9put\u00e9s contre le projet d\u2019extension de l\u2019obligation de vaccination des nourrissons\" href=\"https:\/\/hippocrate-et-pindare.fr\/2017\/10\/16\/lettre-ouverte-aux-deputes-contre-le-projet-dextension-de-lobligation-de-vaccination-des-nourrissons\/\" target=\"_blank\" rel=\"noopener\">Lettre ouverte aux d\u00e9put\u00e9s contre le projet d\u2019extension de l\u2019obligation de vaccination des nourrissons<\/a><\/strong>, qui est <a href=\"https:\/\/drive.google.com\/file\/d\/0B5uL3qcB-2Z9dVlzdnowMGxoRm8\/view\" target=\"_blank\" rel=\"noopener\">t\u00e9l\u00e9chargeable ici<\/a> au format PDF. Secouez vos d\u00e9put\u00e9s !<\/em>]<\/p>\n<hr \/>\n<p style=\"text-align: justify;\">Une commentatrice a cit\u00e9, sur le blog d\u2019un confr\u00e8re,\u00a0 <a href=\"https:\/\/www.ncbi.nlm.nih.gov\/pubmed\/27490205\" target=\"_blank\" rel=\"noopener\">une \u00e9tude scientifique<\/a> qui m\u2019a interpell\u00e9.<\/p>\n<p style=\"text-align: justify;\">Je la remercie pour sa veille scientifique.<\/p>\n<p style=\"text-align: justify;\">Je suis all\u00e9 lire cet article.<\/p>\n<p style=\"text-align: justify;\">Il est publi\u00e9 dans une revue d\u2019immunologie, <a href=\"https:\/\/www.journals.elsevier.com\/autoimmunity-reviews\/\" target=\"_blank\" rel=\"noopener\">revue tr\u00e8s sp\u00e9cialis\u00e9e<\/a>. Cet article pose le probl\u00e8me de r\u00e9actions crois\u00e9es entre les g\u00e8nes des virus utilis\u00e9s dans certaines vaccinations et les g\u00e8nes humains.<\/p>\n<p style=\"text-align: justify;\">Le titre de cet article est le suivant :<\/p>\n<p style=\"text-align: justify;\"><strong>From HBV to HPV: Designing vaccines for extensive and intensive vaccination campaigns worldwide.<\/strong><\/p>\n<p style=\"text-align: justify;\">Ce qui signifie : <strong><em>\u00ab\u00a0<span class=\"\" lang=\"fr\"><span class=\"\">Du HBV (virus de l\u2019h\u00e9patite B) au HPV (Papilloma virus humain) : conception de vaccins pour des campagnes de vaccination\u00a0 intensives et \u00e0 grande \u00e9chelle dans le monde entier.\u00a0\u00bb<\/span><\/span><\/em><\/strong><\/p>\n<p style=\"text-align: justify;\">Que dit cet article ?<\/p>\n<p style=\"text-align: justify;\"><em>\u00ab\u00a0Depuis 2000, des recherches intensives ont \u00e9t\u00e9 men\u00e9es sur des prot\u00e9ines humaines et microbiennes recherchant des d\u00e9terminants immunog\u00e8nes et des s\u00e9quences courantes crois\u00e9es . De telles \u00e9tudes peuvent avoir une pertinence particuli\u00e8re pour comprendre les interactions h\u00f4te-pathog\u00e8ne en relation avec les maladies humaines.\u00a0\u00bb<\/em><\/p>\n<p style=\"text-align: justify;\"><em>\u00ab\u00a0En fait, les r\u00e9ponses immunitaires de l\u2019h\u00f4te \u00e0 la suite d\u2019une infection pathog\u00e8ne peuvent provoquer des r\u00e9actions crois\u00e9es \u2013 et \u00e9ventuellement des maladies auto-immunes \u2013 lorsque l\u2019h\u00f4te et le pathog\u00e8ne partagent des s\u00e9quences identiques d\u2019acides amin\u00e9s au sein de leurs g\u00e8nes. De toute \u00e9vidence, plus l\u2019\u00e9tendue du partage des s\u00e9quences est \u00e9lev\u00e9e, plus le risque de provoquer des maladies auto-immunes ou des r\u00e9actions pathologiques risque d\u2019\u00eatre \u00e9lev\u00e9. Ces consid\u00e9rations tiennent \u00e9galement dans les proc\u00e9dures de vaccination, surtout si l\u2019on consid\u00e8re que les vaccins utilisent des adjuvants pour briser les m\u00e9canismes d\u2019auto-tol\u00e9rance de protection qui emp\u00eachent une autor\u00e9activit\u00e9 n\u00e9faste. Par cons\u00e9quent, il faut s\u2019attendre \u00e0 des r\u00e9actions crois\u00e9es lorsque des antig\u00e8nes ayant un pourcentage \u00e9lev\u00e9 d\u2019identit\u00e9 de s\u00e9quence avec des mol\u00e9cules h\u00f4tes sont utilis\u00e9s dans des formulations de vaccins.\u00a0\u00bb<\/em><\/p>\n<p><a href=\"https:\/\/hippocrate-et-pindare.fr\/2017\/10\/23\/la-vaccination-est-sans-risque-vraiment\/\" target=\"_blank\" rel=\"noopener\">Continuer la lecture sur <em>Hippocrate et Pindare sont dans un bateau&#8230;<\/em> \u27f6<\/a><\/p>\n","protected":false},"excerpt":{"rendered":"<p>[Note de l&#8217;administrateur de ce blog : en mati\u00e8re de vaccination, on en entend de belles. D\u00e9j\u00e0 avec l&#8217;ex-ministre qui disait que &#8220;la vaccination, \u00e7a ne se discute pas&#8221; (ah bon, cela n&#8217;a rien de scientifique alors ?), et aujourd&#8217;hui avec la m\u00e8re fouettarde ministre en exercice qui justifie l&#8217;interdiction de cr\u00e8che et d&#8217;\u00e9cole pour [&hellip;]<\/p>\n","protected":false},"author":1,"featured_media":0,"comment_status":"open","ping_status":"open","sticky":false,"template":"","format":"standard","meta":[],"categories":[4,134,29],"tags":[475,777,778,199,477,344],"_links":{"self":[{"href":"https:\/\/aitia.fr\/erd\/wp-json\/wp\/v2\/posts\/9776"}],"collection":[{"href":"https:\/\/aitia.fr\/erd\/wp-json\/wp\/v2\/posts"}],"about":[{"href":"https:\/\/aitia.fr\/erd\/wp-json\/wp\/v2\/types\/post"}],"author":[{"embeddable":true,"href":"https:\/\/aitia.fr\/erd\/wp-json\/wp\/v2\/users\/1"}],"replies":[{"embeddable":true,"href":"https:\/\/aitia.fr\/erd\/wp-json\/wp\/v2\/comments?post=9776"}],"version-history":[{"count":15,"href":"https:\/\/aitia.fr\/erd\/wp-json\/wp\/v2\/posts\/9776\/revisions"}],"predecessor-version":[{"id":9794,"href":"https:\/\/aitia.fr\/erd\/wp-json\/wp\/v2\/posts\/9776\/revisions\/9794"}],"wp:attachment":[{"href":"https:\/\/aitia.fr\/erd\/wp-json\/wp\/v2\/media?parent=9776"}],"wp:term":[{"taxonomy":"category","embeddable":true,"href":"https:\/\/aitia.fr\/erd\/wp-json\/wp\/v2\/categories?post=9776"},{"taxonomy":"post_tag","embeddable":true,"href":"https:\/\/aitia.fr\/erd\/wp-json\/wp\/v2\/tags?post=9776"}],"curies":[{"name":"wp","href":"https:\/\/api.w.org\/{rel}","templated":true}]}}