{"id":9710,"date":"2017-10-07T20:30:59","date_gmt":"2017-10-07T18:30:59","guid":{"rendered":"https:\/\/aitia.fr\/erd\/?p=9710"},"modified":"2019-04-18T16:34:55","modified_gmt":"2019-04-18T14:34:55","slug":"coqueluche-et-vaccin-5-faits-tres-genants-pour-la-ministre-sante-corps-esprit","status":"publish","type":"post","link":"https:\/\/aitia.fr\/erd\/coqueluche-et-vaccin-5-faits-tres-genants-pour-la-ministre-sante-corps-esprit\/","title":{"rendered":"Coqueluche et vaccin : 5 faits tr\u00e8s \u00ab g\u00eanants \u00bb <br>pour la Ministre (Sant\u00e9 Corps Esprit)"},"content":{"rendered":"<p style=\"text-align: justify;\"><a href=\"https:\/\/www.flickr.com\/photos\/diethylstilbestrol\/31710671596\" target=\"_blank\" rel=\"noopener noreferrer\"><img decoding=\"async\" loading=\"lazy\" class=\"alignleft wp-image-9722\" src=\"https:\/\/aitia.fr\/erd\/wp-content\/uploads\/2017\/10\/vaccins_obligatoires_c.jpg\" alt=\"\" width=\"400\" height=\"283\" srcset=\"https:\/\/aitia.fr\/erd\/wp-content\/uploads\/2017\/10\/vaccins_obligatoires_c.jpg 1024w, https:\/\/aitia.fr\/erd\/wp-content\/uploads\/2017\/10\/vaccins_obligatoires_c-300x212.jpg 300w, https:\/\/aitia.fr\/erd\/wp-content\/uploads\/2017\/10\/vaccins_obligatoires_c-768x544.jpg 768w, https:\/\/aitia.fr\/erd\/wp-content\/uploads\/2017\/10\/vaccins_obligatoires_c-600x425.jpg 600w\" sizes=\"(max-width: 400px) 100vw, 400px\" \/><\/a>[<em>Note de l&#8217;administrateur de ce blog : en pleine pol\u00e9mique sur les vaccins, je reproduis ici un article de la lettre d&#8217;information &#8220;Sant\u00e9 Corps Esprit&#8221; que je re\u00e7ois. Je ne suis pas m\u00e9decin, mais constate avec consternation le niveau intellectuel des arguments <a href=\"https:\/\/www.egaliteetreconciliation.fr\/Vaccins-l-animateur-communautaire-Michel-Cymes-defend-la-politique-d-Agnes-Buzyn-47951.html\" target=\"_blank\" rel=\"noopener noreferrer\">employ\u00e9s dans les media de grand chemin<\/a> pour d\u00e9fendre la politique vaccinale autoritaire de notre ministre. Et je constate aussi avec un certain d\u00e9sespoir que parmi les coll\u00e8gues, ceux qui pr\u00e9tendent faire des raisonnements &#8220;scientifiques&#8221; pour d\u00e9montrer qu&#8217;il est toujours pr\u00e9f\u00e9rable de se faire vacciner n&#8217;h\u00e9sitent pas \u00e0 mettre dans les pr\u00e9misses de la d\u00e9monstration la conclusion qu&#8217;ils souhaitent trouver au bout. Par exemple en faisant de savants calculs statistiques bas\u00e9s uniquement sur la prise en compte des effets positifs des vaccins. C&#8217;est s\u00fbr que quand on n&#8217;additionne que des nombres positifs, on a peu de chances de trouver un r\u00e9sultat n\u00e9gatif&#8230; dommage d&#8217;\u00eatre arriv\u00e9 \u00e0 Bac+8 sans \u00eatre capable de diff\u00e9rencier un syllogisme d&#8217;un sophisme !<\/em> ]<\/p>\n<hr \/>\n<p style=\"text-align: justify;\">La coqueluche revient !<\/p>\n<p style=\"text-align: justify;\">Oui, apr\u00e8s des ann\u00e9es de \u00ab r\u00e9pit \u00bb, le nombre de cas de coqueluche repart \u00e0 la hausse, en France, aux \u00c9tats-Unis, un peu partout.<\/p>\n<p style=\"text-align: justify;\">En Angleterre, en 2012, ann\u00e9e d\u2019un triste record, 10 enfants de moins d\u2019un an sont morts de la coqueluche.<\/p>\n<p style=\"text-align: justify;\">C\u2019est le m\u00eame ph\u00e9nom\u00e8ne que pour <a href=\"https:\/\/www.sante-corps-esprit.com\/vaccins-avez-vous-eu-la-rougeole\/\" target=\"_blank\" rel=\"noopener noreferrer\">la rougeole<\/a>, en pire.<\/p>\n<p style=\"text-align: justify;\">Est-ce parce que l\u2019on vaccine moins les enfants qu\u2019avant ?<\/p>\n<p style=\"text-align: justify;\">Pas du tout ! La couverture vaccinale contre la coqueluche n\u2019a fait qu\u2019augmenter en Europe et aux \u00c9tats-Unis !<\/p>\n<p style=\"text-align: justify;\">Elle d\u00e9passe aujourd\u2019hui les 95 % dans la plupart des pays occidentaux.<\/p>\n<p style=\"text-align: justify;\">Alors o\u00f9 est le probl\u00e8me ?<\/p>\n<p style=\"text-align: justify;\">C\u2019est tr\u00e8s simple : on assiste en ce moment aux effets pervers parfaitement pr\u00e9visibles de la vaccination g\u00e9n\u00e9ralis\u00e9e.<\/p>\n<p><!--more--><\/p>\n<p style=\"text-align: justify;\">Comme pour la rougeole, la vaccination a drastiquement r\u00e9duit le nombre total de cas de coqueluche\u2026<\/p>\n<p style=\"text-align: justify;\">\u2026mais elle a aussi d\u00e9plac\u00e9 l\u2019\u00e2ge de la maladie vers ceux qui sont le plus vuln\u00e9rables !<\/p>\n<p style=\"text-align: justify;\">La coqueluche s\u2019abat aujourd\u2019hui sur les adolescents, et surtout sur les enfants en bas \u00e2ge, de 0 \u00e0 6 mois, ceux qui ont le plus de risques d\u2019en mourir. <span id='easy-footnote-1-9710' class='easy-footnote-margin-adjust'><\/span><span class='easy-footnote'><a href='https:\/\/aitia.fr\/erd\/coqueluche-et-vaccin-5-faits-tres-genants-pour-la-ministre-sante-corps-esprit\/#easy-footnote-bottom-1-9710' title='&lt;a href=&quot;https:\/\/academic.oup.com\/cid\/article-lookup\/doi\/10.1093\/cid\/cir542&quot; target=&quot;_blank&quot; rel=&quot;noopener noreferrer&quot;&gt;Infant Pertussis: Is Cocooning the Answer?&lt;\/a&gt;'><sup>1<\/sup><\/a><\/span><\/p>\n<p style=\"text-align: justify;\">Face \u00e0 cette recrudescence, la Ministre de la Sant\u00e9 Agn\u00e8s Buzyn est tr\u00e8s embarrass\u00e9e.<\/p>\n<p style=\"text-align: justify;\">Elle sait parfaitement qu\u2019il ne servira \u00e0 rien de rendre la vaccination anti-coqueluche obligatoire chez les nourrissons car :<\/p>\n<ul>\n<li style=\"text-align: justify;\">la couverture vaccinale est d\u00e9j\u00e0 extr\u00eamement \u00e9lev\u00e9e (plus de 97 % \u00e0 2 ans en France) ;<\/li>\n<li style=\"text-align: justify;\">et les enfants ne sont totalement vaccin\u00e9s qu\u2019\u00e0 l\u2019\u00e2ge de 5 mois, bien apr\u00e8s le \u00ab pic \u00bb de risque autour de l\u2019\u00e2ge de 1 \u00e0 2 mois.<\/li>\n<\/ul>\n<p style=\"text-align: justify;\">Que faire alors ? Toujours plus de rappels et de vaccinations, pour les adolescents, les femmes enceintes, les futurs parents ?<\/p>\n<p style=\"text-align: justify;\">Comme vous allez le voir, cela pose plus de probl\u00e8mes que cela n\u2019en r\u00e9sout !<\/p>\n<p style=\"text-align: justify;\">La coqueluche est un nouveau cas d\u2019\u00e9cole des contradictions et effets pervers de la vaccination g\u00e9n\u00e9ralis\u00e9e contre une maladie infantile peu grave.<\/p>\n<p style=\"text-align: justify;\">Voyez plut\u00f4t ces 5 faits incontestables\u2026 et tr\u00e8s g\u00eanants pour les dogmatiques du \u00ab tout vaccin \u00bb.<\/p>\n<h2 style=\"text-align: justify;\">Fait n\u00b01 : Ce n\u2019est pas gr\u00e2ce au vaccin que la coqueluche a (globalement) cess\u00e9 de tuer<\/h2>\n<p style=\"text-align: justify;\">Les experts officiels et les m\u00e9dias vous parlent toujours de l\u2019h\u00e9catombe caus\u00e9e par les maladies infectieuses avant l\u2019\u00e8re vaccinale.<\/p>\n<p style=\"text-align: justify;\">Et ils vous disent que c\u2019est gr\u00e2ce aux vaccins que nous ne mourrons plus de ces maladies.<\/p>\n<p style=\"text-align: justify;\">En fait, il faut plut\u00f4t remercier les progr\u00e8s de l\u2019hygi\u00e8ne, de la nutrition et des soins.<\/p>\n<p style=\"text-align: justify;\">Voyez plut\u00f4t la courbe (en bleu) du nombre de d\u00e9c\u00e8s caus\u00e9s par la coqueluche en Angleterre et Pays de Galles de 1 900 \u00e0 2 000 :<\/p>\n<p><img decoding=\"async\" loading=\"lazy\" class=\"size-full wp-image-9717 aligncenter\" src=\"https:\/\/aitia.fr\/erd\/wp-content\/uploads\/2017\/10\/argaeg.jpg\" alt=\"\" width=\"612\" height=\"402\" srcset=\"https:\/\/aitia.fr\/erd\/wp-content\/uploads\/2017\/10\/argaeg.jpg 612w, https:\/\/aitia.fr\/erd\/wp-content\/uploads\/2017\/10\/argaeg-300x197.jpg 300w, https:\/\/aitia.fr\/erd\/wp-content\/uploads\/2017\/10\/argaeg-600x394.jpg 600w\" sizes=\"(max-width: 612px) 100vw, 612px\" \/><\/p>\n<p style=\"text-align: center;\">Graphique tir\u00e9 de l\u2019excellent <a href=\"https:\/\/pourquoi-vacciner.fr\/accueil.php\" target=\"_blank\" rel=\"noopener noreferrer\"><em>Pourquoi vacciner<\/em><\/a>, reproduit avec l\u2019autorisation de son auteur Pierre-Jean Arduin<\/p>\n<p style=\"text-align: justify;\">Comme vous le voyez, la baisse de la mortalit\u00e9 a commenc\u00e9 bien avant la cr\u00e9ation du vaccin et \u00e9tait quasiment achev\u00e9e au moment de sa g\u00e9n\u00e9ralisation \u00e0 la fin des ann\u00e9es 1950.<\/p>\n<p style=\"text-align: justify;\">Cela dit, il faut reconna\u00eetre que le vaccin a permis d\u2019\u00e9viter un nombre consid\u00e9rable de cas de coqueluche.<\/p>\n<p style=\"text-align: justify;\">Voyez plut\u00f4t la courbe rouge, qui montre la r\u00e9surgence de la maladie dans les ann\u00e9es 1980 et 1990 \u2013 lorsque les Britanniques ont arr\u00eat\u00e9 massivement de vacciner leurs nourrissons (ils craignaient les graves effets ind\u00e9sirables du vaccin de l\u2019\u00e9poque).<\/p>\n<p style=\"text-align: justify;\">Moins de cas de coqueluche, c\u2019est \u00ab toujours \u00e7a de pris \u00bb, vu que la maladie cause d\u2019\u00e9puisantes quintes de toux.<\/p>\n<p style=\"text-align: justify;\">Mais pour la baisse de la mortalit\u00e9, le vaccin n\u2019y est pour rien, ou presque, en Grande-Bretagne comme ailleurs.<\/p>\n<p style=\"text-align: justify;\">En France, on pouvait lire, dans le <em>Pr\u00e9cis de M\u00e9decine Infantile<\/em> de 1975 :<\/p>\n<blockquote>\n<p style=\"text-align: justify;\"><em>\u00ab Il ne faut pas attribuer \u00e0 la vaccination la baisse consid\u00e9rable de la mortalit\u00e9 [coquelucheuse] observ\u00e9e depuis quelques dizaines d\u2019ann\u00e9es. Un taux tr\u00e8s bas \u00e9tait d\u00e9j\u00e0 obtenu avant la g\u00e9n\u00e9ralisation de la vaccination \u00bb<\/em><\/p>\n<\/blockquote>\n<p><\/p>\n<p style=\"text-align: justify;\">M\u00eame chose aux \u00c9tats-Unis : le nombre de morts li\u00e9s \u00e0 la coqueluche a baiss\u00e9 de 75 % entre 1922 et 1948, avant l\u2019introduction du vaccin. <span id='easy-footnote-2-9710' class='easy-footnote-margin-adjust'><\/span><span class='easy-footnote'><a href='https:\/\/aitia.fr\/erd\/coqueluche-et-vaccin-5-faits-tres-genants-pour-la-ministre-sante-corps-esprit\/#easy-footnote-bottom-2-9710' title='&lt;a href=&quot;https:\/\/www.nvic.org\/nvic-vaccine-news\/march-2016\/pertussis-microbe-outsmarts-the-vaccines.aspx&quot; target=&quot;_blank&quot; rel=&quot;noopener noreferrer&quot;&gt;Pertussis Microbe Outsmarts the Vaccines As Experts Argue About Why, B. Loe Fisher, National Vaccine Information Center, 2016&lt;\/a&gt;'><sup>2<\/sup><\/a><\/span><\/p>\n<p style=\"text-align: justify;\">Quant \u00e0 la Su\u00e8de, lorsqu\u2019elle a brutalement cess\u00e9 son programme de vaccination des nourrissons contre la coqueluche, de 1979 \u00e0 1996, elle n\u2019a observ\u00e9 aucune r\u00e9surgence du nombre de morts. <span id='easy-footnote-3-9710' class='easy-footnote-margin-adjust'><\/span><span class='easy-footnote'><a href='https:\/\/aitia.fr\/erd\/coqueluche-et-vaccin-5-faits-tres-genants-pour-la-ministre-sante-corps-esprit\/#easy-footnote-bottom-3-9710' title='&lt;a href=&quot;https:\/\/www.ncbi.nlm.nih.gov\/pubmed\/3588110&quot; target=&quot;_blank&quot; rel=&quot;noopener noreferrer&quot;&gt;Pertussis in Sweden after the cessation of general immunization in 1979.&lt;\/a&gt;'><sup>3<\/sup><\/a><\/span><\/p>\n<p style=\"text-align: justify;\">Entre 0 et 1 nourrisson mourrait de la coqueluche dans les ann\u00e9es 1970, et c\u2019est aussi ce qui s\u2019est produit dans les ann\u00e9es 1980 et 1990\u2026 alors que plus personne ne se vaccinait !<\/p>\n<h2 style=\"text-align: justify;\">Fait n\u00b02 : le premier vaccin contre la coqueluche avait de graves effets ind\u00e9sirables, mais on ne vous l\u2019a pas dit !<\/h2>\n<p style=\"text-align: justify;\">Jusqu\u2019\u00e0 une date r\u00e9cente, le seul vaccin disponible contre la coqueluche \u00e9tait un vaccin \u00ab \u00e0 cellule enti\u00e8re \u00bb.<\/p>\n<p style=\"text-align: justify;\">Cela veut dire qu\u2019on injectait aux nourrissons la bact\u00e9rie enti\u00e8re (<em>Bordetella pertussis<\/em>), que l\u2019on avait pris soin de tuer au pr\u00e9alable.<\/p>\n<p style=\"text-align: justify;\">En France, ce vaccin a s\u00e9vi jusqu\u2019en 2 000.<\/p>\n<p style=\"text-align: justify;\">Je dis bien \u00ab s\u00e9vi \u00bb, car il causait des effets secondaires assez ravageurs (en langage m\u00e9dical un peu pudique, on dit que ce vaccin est \u00ab tr\u00e8s r\u00e9actif \u00bb).<\/p>\n<p style=\"text-align: justify;\">C\u2019est un article publi\u00e9 dans le <em>British Medical Journal<\/em> qui l\u2019a r\u00e9v\u00e9l\u00e9 pour la premi\u00e8re fois, en 1981 : le vaccin contre la coqueluche multiplie par 3,3 le risque qu\u2019un b\u00e9b\u00e9 en pleine sant\u00e9 soit affect\u00e9 :<\/p>\n<ul>\n<li style=\"text-align: justify;\">d\u2019<em>enc\u00e9phalites\/enc\u00e9phalopathies<\/em> (inflammations du cerveau)<\/li>\n<li style=\"text-align: justify;\">et de <em>convulsions prolong\u00e9es<\/em> <span id='easy-footnote-4-9710' class='easy-footnote-margin-adjust'><\/span><span class='easy-footnote'><a href='https:\/\/aitia.fr\/erd\/coqueluche-et-vaccin-5-faits-tres-genants-pour-la-ministre-sante-corps-esprit\/#easy-footnote-bottom-4-9710' title='&lt;a href=&quot;https:\/\/www.ncbi.nlm.nih.gov\/pmc\/articles\/PMC1505512\/&quot; target=&quot;_blank&quot; rel=&quot;noopener noreferrer&quot;&gt;Pertussis immunisation and serious acute neurological illness in children.&lt;\/a&gt;'><sup>4<\/sup><\/a><\/span><\/li>\n<\/ul>\n<p style=\"text-align: justify;\">Ce vaccin \u00e9tait associ\u00e9 \u00e0 des convulsions dans 1 cas sur 1750, l\u2019inflammation du cerveau dans 1 cas sur 110 000\u2026 et des <em>dommages irr\u00e9versibles au cerveau<\/em> dans 1 cas sur 310 000 \u00bb. <span id='easy-footnote-5-9710' class='easy-footnote-margin-adjust'><\/span><span class='easy-footnote'><a href='https:\/\/aitia.fr\/erd\/coqueluche-et-vaccin-5-faits-tres-genants-pour-la-ministre-sante-corps-esprit\/#easy-footnote-bottom-5-9710' title='&lt;a href=&quot;https:\/\/www.ncbi.nlm.nih.gov\/pmc\/articles\/PMC391511\/&quot; target=&quot;_blank&quot; rel=&quot;noopener noreferrer&quot;&gt;Pertussis toxin is required for pertussis vaccine encephalopathy.&lt;\/a&gt;'><sup>5<\/sup><\/a><\/span><\/p>\n<p style=\"text-align: justify;\">Et je ne parle pas ici des sympt\u00f4mes plus \u00ab l\u00e9gers \u00bb que provoquait ce vaccin : fi\u00e8vre, douleurs et irritabilit\u00e9 dans la majorit\u00e9 des cas.<\/p>\n<p style=\"text-align: justify;\">Vous comprenez pourquoi la Su\u00e8de a arr\u00eat\u00e9 son programme de vaccination en 1979 !<\/p>\n<p style=\"text-align: justify;\">Le Japon a \u00e9t\u00e9 encore plus rapide, puisqu\u2019il a d\u00e9cid\u00e9 de cesser la vaccination anti-coqueluche en 1975.<\/p>\n<p style=\"text-align: justify;\">Et ils ont bien fait : le simple fait de repousser le d\u00e9but de la vaccination de 3 \u00e0 24 mois a fait chuter le nombre d\u2019accidents neurologiques graves de 80 % et celui des d\u00e9c\u00e8s de 90 % !! <span id='easy-footnote-6-9710' class='easy-footnote-margin-adjust'><\/span><span class='easy-footnote'><a href='https:\/\/aitia.fr\/erd\/coqueluche-et-vaccin-5-faits-tres-genants-pour-la-ministre-sante-corps-esprit\/#easy-footnote-bottom-6-9710' title='Voir Michel Georget, &lt;a href=&quot;https:\/\/web.archive.org\/web\/20161207155548\/http:\/\/editions-dangles.fr\/livre-39526-L-apport-des-vaccinations-a-la-sante-publique.html&quot; target=&quot;_blank&quot; rel=&quot;noopener noreferrer&quot;&gt;&lt;em&gt;L\u2019apport de la vaccination \u00e0 la sant\u00e9 publique&lt;\/em&gt;&lt;\/a&gt;, Dangles, 2014. '><sup>6<\/sup><\/a><\/span><\/p>\n<p style=\"text-align: justify;\">Vous comprenez aussi pourquoi les Britanniques ont refus\u00e9 massivement de vacciner leurs enfants au d\u00e9but des ann\u00e9es 1980, malgr\u00e9 les paroles rassurantes des autorit\u00e9s de l\u2019\u00e9poque !<\/p>\n<p style=\"text-align: justify;\">Mais en France, on a continu\u00e9 la vaccination comme si de rien n\u2019\u00e9tait, alors que ce vaccin \u00ab \u00e0 germe entier \u00bb causait de nombreux cas d\u2019enc\u00e9phalites et de convulsions.<\/p>\n<p style=\"text-align: justify;\">Heureusement, ces effets secondaires graves ont largement recul\u00e9 dans les ann\u00e9es 2 000, avec la mise au point d\u2019un nouveau vaccin.<\/p>\n<p style=\"text-align: justify;\">Ce vaccin, dit \u00ab acellulaire \u00bb, ne contient plus la bact\u00e9rie enti\u00e8re, mais seulement certaines de ses composantes.<\/p>\n<p style=\"text-align: justify;\">Mais \u00e0 quel point ce vaccin est-il plus s\u00fbr que le pr\u00e9c\u00e9dent ? \u00c9vite-t-il totalement le risque d\u2019inflammation du cerveau ?<\/p>\n<p style=\"text-align: justify;\">Difficile \u00e0 dire, tant il ne fait pas bon pour un scientifique de s\u2019int\u00e9resser de trop pr\u00e8s aux accidents li\u00e9s aux vaccins.<\/p>\n<p style=\"text-align: justify;\">Ce qui est s\u00fbr, c\u2019est que la vaccination g\u00e9n\u00e9ralis\u00e9e a eu un effet assez ind\u00e9sirable pour la collectivit\u00e9, qui est de d\u00e9placer l\u2019\u00e2ge de la maladie.<\/p>\n<p style=\"text-align: justify;\">En France, l\u2019INPES (L&#8217;Institut national de pr\u00e9vention et d&#8217;\u00e9ducation pour la sant\u00e9) a parfaitement expliqu\u00e9 le probl\u00e8me :<\/p>\n<blockquote>\n<p style=\"text-align: justify;\"><em>&#8220;Dans les pays non ou mal vaccin\u00e9s, la coqueluche touche principalement les enfants de 4 \u00e0 7 ans. Au contraire, dans les pays o\u00f9 la couverture vaccinale est \u00e9lev\u00e9e, comme aux \u00c9tats-Unis ou en France, la coqueluche affecte tr\u00e8s peu l\u2019enfant mais touche, d\u2019une part, les nourrissons non prot\u00e9g\u00e9s par la vaccination et, d\u2019autre part, l\u2019adolescent ou l\u2019adulte qui les contamine.&#8221;<\/em><\/p>\n<\/blockquote>\n<p><\/p>\n<p style=\"text-align: justify;\">Pourquoi ce d\u00e9placement de l\u2019\u00e2ge de la maladie ? Pourquoi la coqueluche n\u2019a-t-elle pas \u00e9t\u00e9 \u00ab \u00e9radiqu\u00e9e \u00bb par la vaccination ?<\/p>\n<p style=\"text-align: justify;\">Il y a plusieurs raisons, vous allez voir, toutes tr\u00e8s \u00ab g\u00eanantes \u00bb pour les id\u00e9ologues de la vaccination.<\/p>\n<p style=\"text-align: justify;\">La premi\u00e8re, tout b\u00eatement, est que le vaccin n\u2019a jamais \u00e9t\u00e9 tr\u00e8s efficace :<\/p>\n<h2 style=\"text-align: justify;\">Fait n\u00b03 : Ancien ou nouveau, le vaccin ne prot\u00e8ge pas \u00e0 100 % (loin de l\u00e0)<\/h2>\n<p style=\"text-align: justify;\">D\u00e9j\u00e0, il faut savoir que lorsque vous avez la coqueluche, il n\u2019est pas impossible de l\u2019attraper une seconde fois.<\/p>\n<p style=\"text-align: justify;\">Alors vous imaginez bien que le vaccin (qui est une forme tr\u00e8s att\u00e9nu\u00e9e de la maladie) est incapable de prot\u00e9ger \u00ab \u00e0 vie \u00bb.<\/p>\n<p style=\"text-align: justify;\">D\u2019apr\u00e8s le Haut Conseil \u00e0 la Sant\u00e9 publique, la dur\u00e9e de protection du vaccin contre la coqueluche serait seulement de 8 \u00e0 10 ans chez les enfants. <span id='easy-footnote-7-9710' class='easy-footnote-margin-adjust'><\/span><span class='easy-footnote'><a href='https:\/\/aitia.fr\/erd\/coqueluche-et-vaccin-5-faits-tres-genants-pour-la-ministre-sante-corps-esprit\/#easy-footnote-bottom-7-9710' title='Avis du HCSP du 19 mars 2008 relatif aux recommandations vaccinales contre la coqueluche'><sup>7<\/sup><\/a><\/span><\/p>\n<p style=\"text-align: justify;\">Mais cette estimation est beaucoup trop <em>optimiste<\/em>, comme en t\u00e9moigne la recrudescence des cas de coqueluche chez les 7-8 ans <span id='easy-footnote-8-9710' class='easy-footnote-margin-adjust'><\/span><span class='easy-footnote'><a href='https:\/\/aitia.fr\/erd\/coqueluche-et-vaccin-5-faits-tres-genants-pour-la-ministre-sante-corps-esprit\/#easy-footnote-bottom-8-9710' title='&lt;a href=&quot;https:\/\/pediatrics.aappublications.org\/content\/118\/3\/978?download=true&amp;amp;sso=1&amp;amp;sso_redirect_count=2&amp;amp;nfstatus=401&amp;amp;nftoken=00000000-0000-0000-0000-000000000000&amp;amp;nfstatusdescription=ERROR%3A%20No%20local%20token&amp;amp;nfstatus=401&amp;amp;nftoken=00000000-0000-0000-0000-000000000000&amp;amp;nfstatusdescription=ERROR%3a+No+local+token&quot; target=&quot;_blank&quot; rel=&quot;noopener noreferrer&quot;&gt;Long-term Follow-up of Swedish Children Vaccinated With Acellular Pertussis Vaccines at 3, 5, and 12 Months of Age Indicates the Need for a Booster Dose at 5 to 7 Years of Age&lt;\/a&gt;'><sup>8<\/sup><\/a><\/span> parfaitement vaccin\u00e9s.<\/p>\n<p style=\"text-align: justify;\">De fait, une \u00e9tude parue dans le <em>New England of Journal Medecine<\/em> rapporte que le vaccin perd rapidement de son efficacit\u00e9. <span id='easy-footnote-9-9710' class='easy-footnote-margin-adjust'><\/span><span class='easy-footnote'><a href='https:\/\/aitia.fr\/erd\/coqueluche-et-vaccin-5-faits-tres-genants-pour-la-ministre-sante-corps-esprit\/#easy-footnote-bottom-9-9710' title='Malgr\u00e9 5 doses administr\u00e9es aux enfants am\u00e9ricains jusqu\u2019\u00e0 l\u2019\u00e2ge de 5 ans, le risque de contamination augmente de 42 % chaque ann\u00e9e apr\u00e8s la cinqui\u00e8me dose ! lien : &lt;a href=&quot;https:\/\/www.nejm.org\/doi\/full\/10.1056\/NEJMoa1200850&quot; target=&quot;_blank&quot; rel=&quot;noopener noreferrer&quot;&gt;https:\/\/www.nejm.org\/doi\/full\/10.1056\/NEJMoa1200850&lt;\/a&gt; '><sup>9<\/sup><\/a><\/span><\/p>\n<p style=\"text-align: justify;\">Au total, il est clair que le vaccin ne prot\u00e8ge que quelques ann\u00e9es, tout au plus.<\/p>\n<p style=\"text-align: justify;\">R\u00e9sultat : il ne peut pas emp\u00eacher les \u00e9pid\u00e9mies.<\/p>\n<p style=\"text-align: justify;\">C\u2019est ce qu\u2019ont reconnu r\u00e9cemment les chercheurs dans le prestigieux <em>Journal of Infectious Diseases<\/em> <span id='easy-footnote-10-9710' class='easy-footnote-margin-adjust'><\/span><span class='easy-footnote'><a href='https:\/\/aitia.fr\/erd\/coqueluche-et-vaccin-5-faits-tres-genants-pour-la-ministre-sante-corps-esprit\/#easy-footnote-bottom-10-9710' title='&lt;a href=&quot;https:\/\/academic.oup.com\/cid\/article\/54\/12\/1730\/452864\/Unexpectedly-Limited-Durability-of-Immunity&quot; target=&quot;_blank&quot; rel=&quot;noopener noreferrer&quot;&gt;Unexpectedly Limited Durability of Immunity Following Acellular Pertussis Vaccination in Preadolescents in a North American Outbreak&lt;\/a&gt;'><sup>10<\/sup><\/a><\/span> :<\/p>\n<blockquote>\n<p style=\"text-align: justify;\"><em>\u00ab Nos donn\u00e9es sugg\u00e8rent que le sch\u00e9ma actuel des injections de vaccin anti-coquelucheux acellulaire est insuffisant pour pr\u00e9venir des \u00e9pid\u00e9mies de coqueluche. Nous avons not\u00e9 un taux significativement accru de la maladie entre l\u2019\u00e2ge de 8 et 12 ans, proportionnel au taux \u00e9coul\u00e9 depuis la derni\u00e8re dose pr\u00e9vue de vaccin \u00bb<\/em><\/p>\n<\/blockquote>\n<p><\/p>\n<p style=\"text-align: justify;\">Et en plus, il faut ajouter que le vaccin ne prot\u00e8ge pas tout le monde \u00e0 100 %, y compris dans les semaines qui suivent la vaccination !<\/p>\n<p style=\"text-align: justify;\">D\u2019apr\u00e8s une revue d\u2019\u00e9tudes de la tr\u00e8s respect\u00e9e Fondation Cochrane, l\u2019efficacit\u00e9 des vaccins anti-coqueluche serait de 84 \u00e0 85 % <span id='easy-footnote-11-9710' class='easy-footnote-margin-adjust'><\/span><span class='easy-footnote'><a href='https:\/\/aitia.fr\/erd\/coqueluche-et-vaccin-5-faits-tres-genants-pour-la-ministre-sante-corps-esprit\/#easy-footnote-bottom-11-9710' title='&lt;a href=&quot;https:\/\/www.cochrane.org\/CD001478\/ARI_acellular-vaccines-for-preventing-whooping-cough-pertussis-in-children&quot; target=&quot;_blank&quot; rel=&quot;noopener noreferrer&quot;&gt;Acellular vaccines for preventing whooping cough (pertussis) in children, L. Zhang et al., Cochrane, 2014&lt;\/a&gt;'><sup>11<\/sup><\/a><\/span>&#8230; ce qui veut dire qu\u20191 enfant vaccin\u00e9 sur 7 n\u2019est absolument pas prot\u00e9g\u00e9 contre la forme s\u00e9rieuse de la coqueluche.<\/p>\n<p style=\"text-align: justify;\">Quant aux rappels \u00e0 l\u2019adolescence, ils ne sont pas tr\u00e8s efficaces non plus, comme l\u2019a r\u00e9v\u00e9l\u00e9 une r\u00e9cente publication dans le <em>British Medical Journal<\/em> : seuls 53 \u00e0 64 % des rappels de vaccination apr\u00e8s l\u2019\u00e2ge de 11 ans sont efficaces ! <span id='easy-footnote-12-9710' class='easy-footnote-margin-adjust'><\/span><span class='easy-footnote'><a href='https:\/\/aitia.fr\/erd\/coqueluche-et-vaccin-5-faits-tres-genants-pour-la-ministre-sante-corps-esprit\/#easy-footnote-bottom-12-9710' title='&lt;a href=&quot;https:\/\/www.bmj.com\/content\/347\/bmj.f4249&quot; target=&quot;_blank&quot; rel=&quot;noopener noreferrer&quot;&gt;Effectiveness of pertussis vaccines for adolescents and adults: case-control study, R. Baxter et al., British Medical Journal, 2013&lt;\/a&gt;'><sup>12<\/sup><\/a><\/span><\/p>\n<p style=\"text-align: justify;\">R\u00e9sultat : vous aurez beau vacciner 100 % d\u2019une population, vous ne pourrez jamais faire dispara\u00eetre la coqueluche.<\/p>\n<p style=\"text-align: justify;\">Voil\u00e0 pourquoi des \u00e9pid\u00e9mies de coqueluche sont apparues aux \u00c9tats-Unis et en Australie parmi des enfants vaccin\u00e9s \u00e0 100 % et parfaitement \u00e0 jour de leurs vaccins. <span id='easy-footnote-13-9710' class='easy-footnote-margin-adjust'><\/span><span class='easy-footnote'><a href='https:\/\/aitia.fr\/erd\/coqueluche-et-vaccin-5-faits-tres-genants-pour-la-ministre-sante-corps-esprit\/#easy-footnote-bottom-13-9710' title='&lt;a href=&quot;https:\/\/www.ncbi.nlm.nih.gov\/pubmed\/24927977&quot; target=&quot;_blank&quot; rel=&quot;noopener noreferrer&quot;&gt;An outbreak of pertussis in rural Texas: an example of the resurgence of the disease in the United States, AO. Eshofonie et al., Community Health, 2015&lt;\/a&gt;'><sup>13<\/sup><\/a><\/span><\/p>\n<p style=\"text-align: justify;\">Impossible, donc, d\u2019accuser les non-vaccin\u00e9s d\u2019\u00eatre la CAUSE de la r\u00e9surgence de la coqueluche.<\/p>\n<p style=\"text-align: justify;\">Impossible \u00e9galement de justifier la vaccination obligatoire dans \u00ab l\u2019int\u00e9r\u00eat sup\u00e9rieur de la nation \u00bb, puisqu\u2019il est impossible d\u2019\u00e9radiquer la maladie.<\/p>\n<p style=\"text-align: justify;\">L\u2019obligation g\u00e9n\u00e9ralis\u00e9e de vacciner les nourrissons contre la coqueluche est d\u2019autant plus absurde que la protection ne dure que quelques ann\u00e9es, comme on l\u2019a vu.<\/p>\n<p style=\"text-align: justify;\">Ce ne sont pas les nourrissons qui contaminent les autres, ce sont les autres qui contaminent les nourrissons\u2026 La vaccination des b\u00e9b\u00e9s devrait donc relever du seul choix des parents, qui doivent \u00e9valuer en \u00e2me et conscience :<\/p>\n<ul>\n<li style=\"text-align: justify;\">le risque qu\u2019ils font courir \u00e0 leur enfant en le vaccinant (ce risque n\u2019est pas nul, surtout que le vaccin actuel contient de l\u2019aluminium)<\/li>\n<li style=\"text-align: justify;\">et le risque de ne pas le vacciner \u2013 tr\u00e8s faible, on l\u2019a vu, puisque la coqueluche est la plus dangereuse avant que l\u2019enfant ne soit totalement vaccin\u00e9 (avant l\u2019\u00e2ge de 3 \u00e0 6 mois).<\/li>\n<\/ul>\n<p style=\"text-align: justify;\">C\u2019est donc aux parents de faire ce choix, et pas \u00e0 l\u2019\u00c9tat de l\u2019imposer aux familles !<\/p>\n<p style=\"text-align: justify;\">Et c\u2019est d\u2019autant plus vrai que deux d\u00e9couvertes EXPLOSIVES remettent totalement en question l\u2019int\u00e9r\u00eat de la vaccination g\u00e9n\u00e9ralis\u00e9e contre la coqueluche !<\/p>\n<h2 style=\"text-align: justify;\">Fait n\u00b04 : le vaccin a provoqu\u00e9 une mutation de la bact\u00e9rie, plus virulente !<\/h2>\n<p style=\"text-align: justify;\">Il fallait s\u2019y attendre, car c\u2019est souvent ce qui se passe avec la vaccination<\/p>\n<p style=\"text-align: justify;\">Non seulement la coqueluche n\u2019a pas \u00e9t\u00e9 \u00e9radiqu\u00e9e\u2026 mais la vaccination a suscit\u00e9 une mutation g\u00e9n\u00e9tique de la bact\u00e9rie, qui lui permet d\u2019\u00e9chapper aux effets du vaccin ! <span id='easy-footnote-14-9710' class='easy-footnote-margin-adjust'><\/span><span class='easy-footnote'><a href='https:\/\/aitia.fr\/erd\/coqueluche-et-vaccin-5-faits-tres-genants-pour-la-ministre-sante-corps-esprit\/#easy-footnote-bottom-14-9710' title='&lt;a href=&quot;https:\/\/pediatrics.aappublications.org\/content\/129\/5\/968&quot; target=&quot;_blank&quot; rel=&quot;noopener noreferrer&quot;&gt;Why Do Pertussis Vaccines Fail? JD. Cherry, AAP Journals, 2012&lt;\/a&gt;'><sup>14<\/sup><\/a><\/span><\/p>\n<p style=\"text-align: justify;\">C\u2019est comme pour les antibiotiques : \u00e0 force de les utiliser, les bact\u00e9ries s\u2019adaptent, mutent et r\u00e9sistent.<\/p>\n<p style=\"text-align: justify;\">Et l\u2019ironie de l\u2019affaire, c\u2019est que ce sont d\u00e9sormais les vaccin\u00e9s contre la coqueluche qui sont les plus vuln\u00e9rables face \u00e0 cette mutation de la bact\u00e9rie ! <span id='easy-footnote-15-9710' class='easy-footnote-margin-adjust'><\/span><span class='easy-footnote'><a href='https:\/\/aitia.fr\/erd\/coqueluche-et-vaccin-5-faits-tres-genants-pour-la-ministre-sante-corps-esprit\/#easy-footnote-bottom-15-9710' title='&lt;a href=&quot;https:\/\/academic.oup.com\/cid\/article\/60\/2\/223\/2895696\/Pertactin-Negative-Bordetella-pertussis-Strains&quot; target=&quot;_blank&quot; rel=&quot;noopener noreferrer&quot;&gt;Pertactin-Negative Bordetella pertussis Strains: Evidence for a Possible Selective Advantage, SW. Martin et al., Clinical Infectious Diseases, 2015&lt;\/a&gt;'><sup>15<\/sup><\/a><\/span><\/p>\n<p style=\"text-align: justify;\">Et ce n\u2019est pas tout.<\/p>\n<p style=\"text-align: justify;\">La vaccination classique contre la bact\u00e9rie <em>B. Pertussis<\/em> a laiss\u00e9 la voie libre \u00e0 une autre souche bact\u00e9rienne, <em>B. Parapertussis<\/em>, qui provoque \u00e9galement la coqueluche.<\/p>\n<p style=\"text-align: justify;\">C\u2019est ce que sugg\u00e8re une \u00e9tude r\u00e9cente, qui a trouv\u00e9 que la vaccination anti-coqueluche multiplie par 40 la colonisation des poumons des souris par l\u2019autre souche, B. Parapertussis !<\/p>\n<p style=\"text-align: justify;\">Alors bien s\u00fbr, la communaut\u00e9 scientifique finira sans doute par appeler \u00e0 faire de \u00ab nouveaux vaccins \u00bb, \u00ab plus efficaces \u00bb, qui contiendront ces nouvelles souches\u2026<\/p>\n<p style=\"text-align: justify;\">\u2026mais il s\u2019agit d\u2019une course aux armements sans fin contre la Nature, que nous avons peu de chance de gagner !<\/p>\n<p style=\"text-align: justify;\">Si vous n\u2019en \u00eates pas convaincu, voici un autre effet pervers assez inattendu de la vaccination anti-coqueluche :<\/p>\n<h2 style=\"text-align: justify;\">Fait n\u00b05 : Le vaccin n\u2019emp\u00eache pas de transmettre la maladie !<\/h2>\n<p style=\"text-align: justify;\">C\u2019est un scoop qui a \u00e9t\u00e9 d\u00e9couvert chez les babouins <span id='easy-footnote-16-9710' class='easy-footnote-margin-adjust'><\/span><span class='easy-footnote'><a href='https:\/\/aitia.fr\/erd\/coqueluche-et-vaccin-5-faits-tres-genants-pour-la-ministre-sante-corps-esprit\/#easy-footnote-bottom-16-9710' title='&lt;a href=&quot;https:\/\/www.pnas.org\/content\/111\/2\/787.abstract&quot; target=&quot;_blank&quot; rel=&quot;noopener noreferrer&quot;&gt;Acellular pertussis vaccines protect against disease but fail to prevent infection and transmission in a nonhuman primate model, JM. Warfel et al., PNAS, 2013&lt;\/a&gt;'><sup>16<\/sup><\/a><\/span>, avant d\u2019\u00eatre confirm\u00e9 chez l\u2019\u00eatre humain.<\/p>\n<p style=\"text-align: justify;\">Il appara\u00eet clairement que la vaccination contre la coqueluche n\u2019emp\u00eache pas d\u2019\u00eatre infect\u00e9 ni de transmettre la maladie \u00e0 d\u2019autres ! <span id='easy-footnote-17-9710' class='easy-footnote-margin-adjust'><\/span><span class='easy-footnote'><a href='https:\/\/aitia.fr\/erd\/coqueluche-et-vaccin-5-faits-tres-genants-pour-la-ministre-sante-corps-esprit\/#easy-footnote-bottom-17-9710' title='&lt;a href=&quot;https:\/\/bmcmedicine.biomedcentral.com\/articles\/10.1186\/s12916-015-0382-8&quot; target=&quot;_blank&quot; rel=&quot;noopener noreferrer&quot;&gt;Asymptomatic transmission and the resurgence of Bordetella pertussis, BM. Althouse et al., BMC Medicine, 2015&lt;\/a&gt;'><sup>17<\/sup><\/a><\/span><\/p>\n<p style=\"text-align: justify;\">Simplement, la vaccination masque les sympt\u00f4mes. Vous ne souffrez pas de la maladie\u2026 mais vous \u00eates quand m\u00eame contagieux !<\/p>\n<p style=\"text-align: justify;\">R\u00e9sultat, selon les chercheurs :<\/p>\n<blockquote>\n<p style=\"text-align: justify;\"><em>\u00ab Il pourrait y avoir l\u00e0 des millions de personnes avec seulement une petite toux ou pas de toux qui r\u00e9pandent cette maladie potentiellement fatale sans le savoir \u00bb<\/em><\/p>\n<\/blockquote>\n<p><\/p>\n<p style=\"text-align: justify;\">Vous voyez le probl\u00e8me ?<\/p>\n<p style=\"text-align: justify;\">L\u2019avantage d\u2019avoir les sympt\u00f4mes de la maladie, c\u2019est que l\u2019on peut s\u2019isoler et essayer de ne pas contaminer les autres.<\/p>\n<p style=\"text-align: justify;\">Par exemple, on peut \u00e9viter de prendre un nourrisson dans ses bras.<\/p>\n<p style=\"text-align: justify;\">Mais que se passe-t-il si vous ne toussez pas ? Vous vous croyez en pleine sant\u00e9 et vous n\u2019h\u00e9sitez pas \u00e0 multiplier les contacts avec les autres\u2026 et potentiellement transmettre la maladie !<\/p>\n<p style=\"text-align: justify;\">Le risque est particuli\u00e8rement grand pour les adolescents, qui transmettent la coqueluche \u00e0 des nouveaux-n\u00e9s vuln\u00e9rables !<\/p>\n<p style=\"text-align: justify;\">Avant la vaccination de masse, les nourrissons risquaient \u00ab simplement \u00bb d\u2019\u00eatre infect\u00e9s par la m\u00e8re.<\/p>\n<p style=\"text-align: justify;\">Mais cela arrivait rarement, car la m\u00e8re avait g\u00e9n\u00e9ralement eu la coqueluche en bas \u00e2ge et avait obtenu des \u00ab rappels \u00bb naturels via la circulation de la bact\u00e9rie.<\/p>\n<p style=\"text-align: justify;\">Aujourd\u2019hui, ce ne sont plus seulement les m\u00e8res qui transmettent la bact\u00e9rie \u00e0 leurs b\u00e9b\u00e9s, mais \u00e9galement les fr\u00e8res et s\u0153urs de 7 ans ou plus ! <span id='easy-footnote-18-9710' class='easy-footnote-margin-adjust'><\/span><span class='easy-footnote'><a href='https:\/\/aitia.fr\/erd\/coqueluche-et-vaccin-5-faits-tres-genants-pour-la-ministre-sante-corps-esprit\/#easy-footnote-bottom-18-9710' title='&lt;a href=&quot;https:\/\/pediatrics.aappublications.org\/content\/136\/4\/635.long&quot; target=&quot;_blank&quot; rel=&quot;noopener noreferrer&quot;&gt;Sources of Infant Pertussis Infection in the United States, TH. Skoff et al., AAP Journals, 2015&lt;\/a&gt;'><sup>18<\/sup><\/a><\/span><\/p>\n<p style=\"text-align: justify;\">Qu\u2019\u00e0 cela ne tienne, r\u00e9pondent les id\u00e9ologues vaccinaux, on va donc vacciner et re-vacciner les fr\u00e8res et s\u0153urs.<\/p>\n<p style=\"text-align: justify;\">C\u2019est ce que recommandent aujourd\u2019hui les autorit\u00e9s fran\u00e7aises\u2026 mais c\u2019est une strat\u00e9gie vou\u00e9e \u00e0 l\u2019\u00e9chec puisqu\u2019on peut transmettre la maladie tout en \u00e9tant vaccin\u00e9 !<\/p>\n<p style=\"text-align: justify;\">Et comme si on n\u2019avait pas fait assez \u00ab d\u2019exp\u00e9rimentation \u00bb douteuse, les autorit\u00e9s am\u00e9ricaines recommandent d\u00e9sormais aux femmes enceintes de se faire vacciner contre la coqueluche !<\/p>\n<p style=\"text-align: justify;\">Oui, vous avez bien lu, les femmes enceintes\u2026<\/p>\n<p style=\"text-align: justify;\">Toujours selon le m\u00eame raisonnement : puisque les nourrissons sont le plus vuln\u00e9rable avant 3 \u00e0 6 mois (donc avant d\u2019\u00eatre pleinement vaccin\u00e9s), il faudrait vacciner l\u2019entourage proche, qui a le plus de risque de transmettre la maladie.<\/p>\n<p style=\"text-align: justify;\">On ignore totalement si cette vaccination de la femme enceinte aura le moindre d\u00e9but d\u2019efficacit\u00e9 <span id='easy-footnote-19-9710' class='easy-footnote-margin-adjust'><\/span><span class='easy-footnote'><a href='https:\/\/aitia.fr\/erd\/coqueluche-et-vaccin-5-faits-tres-genants-pour-la-ministre-sante-corps-esprit\/#easy-footnote-bottom-19-9710' title='&lt;a href=&quot;https:\/\/bmcinfectdis.biomedcentral.com\/articles\/10.1186\/1471-2334-13-151&quot; target=&quot;_blank&quot; rel=&quot;noopener noreferrer&quot;&gt;Pertussis re-emergence in the post-vaccination era, E. Chiappini et al., BMC Infectious Diseases, 2013&lt;\/a&gt;'><sup>19<\/sup><\/a><\/span>, mais on se permet de prendre le risque de leur injecter un vaccin contenant de l\u2019aluminium !<\/p>\n<p style=\"text-align: justify;\">Alors qu\u2019on sait depuis 50 ans que les substances chimiques sont tr\u00e8s dangereuses pour les femmes enceintes.<\/p>\n<p style=\"text-align: justify;\">Encore tout r\u00e9cemment, une \u00e9tude a montr\u00e9 que la prise d\u2019anti-d\u00e9presseurs pendant la grossesse augmentait le risque d\u2019autisme de 41 % ! <span id='easy-footnote-20-9710' class='easy-footnote-margin-adjust'><\/span><span class='easy-footnote'><a href='https:\/\/aitia.fr\/erd\/coqueluche-et-vaccin-5-faits-tres-genants-pour-la-ministre-sante-corps-esprit\/#easy-footnote-bottom-20-9710' title='&lt;a href=&quot;https:\/\/www.bmj.com\/content\/358\/bmj.j2811&quot; target=&quot;_blank&quot; rel=&quot;noopener noreferrer&quot;&gt;Antidepressants during pregnancy and autism in offspring: population based cohort study, D. Rai et al., British Medical Journal, juillet 2017&lt;\/a&gt;'><sup>20<\/sup><\/a><\/span><\/p>\n<p style=\"text-align: justify;\">Et on veut leur injecter de l\u2019aluminium, sans la moindre garantie d\u2019efficacit\u00e9 !?<\/p>\n<h2 style=\"text-align: justify;\">Et si le bon sens nous disait de trouver \u00ab autre chose \u00bb ?<\/h2>\n<p style=\"text-align: justify;\">Comme pour la rougeole, le vaccin a d\u00e9plac\u00e9 le probl\u00e8me plus qu\u2019il ne l\u2019a r\u00e9solu.<\/p>\n<p style=\"text-align: justify;\">Faute de circulation \u00ab naturelle \u00bb de la bact\u00e9rie, les m\u00e8res ne peuvent plus transmettre autant d\u2019anticorps qu\u2019avant \u00e0 leur nourrisson, via le placenta et le lait maternel.<\/p>\n<p style=\"text-align: justify;\">R\u00e9sultat : ce sont aujourd\u2019hui les b\u00e9b\u00e9s de quelques mois, avant vaccination, qui sont le plus \u00e0 risque d\u2019attraper cette maladie et d\u2019en subir de graves effets.<\/p>\n<p style=\"text-align: justify;\">Une fois de plus, on a r\u00eav\u00e9 \u00e0 une \u00ab \u00e9radication totale \u00bb, alors qu\u2019elle \u00e9tait parfaitement impossible puisque :<\/p>\n<ul>\n<li style=\"text-align: justify;\">le vaccin n\u2019est efficace imm\u00e9diatement qu\u2019\u00e0 85 % ;<\/li>\n<li style=\"text-align: justify;\">que ses effets disparaissent au bout de quelques ann\u00e9es ;<\/li>\n<li style=\"text-align: justify;\">que les rappels sont encore moins efficaces que la vaccination initiale ;<\/li>\n<li style=\"text-align: justify;\">que la maladie se transmet par d\u2019autres souches bact\u00e9riennes ou par des mutations g\u00e9n\u00e9tiques de la bact\u00e9rie initiale ;<\/li>\n<li style=\"text-align: justify;\">et qu\u2019elle se transmet d\u2019autant plus facilement que le vaccin semble supprimer les sympt\u00f4mes, mais pas la maladie.<\/li>\n<\/ul>\n<p style=\"text-align: justify;\">Et malgr\u00e9 l\u2019\u00e9chec patent de cette strat\u00e9gie de la vaccination \u00e0 tout prix, on parle d\u00e9j\u00e0 de faire de \u00ab nouveaux vaccins \u00bb, qui int\u00e9greront les nouvelles souches, les nouvelles mutations\u2026<\/p>\n<p style=\"text-align: justify;\">Ne serait-il pas plus raisonnable d\u2019en revenir \u00e0 une id\u00e9e simple ?<\/p>\n<p style=\"text-align: justify;\">Celle selon laquelle notre syst\u00e8me immunitaire est naturellement con\u00e7u pour repousser les maladies infectieuses et qu\u2019il serait plus int\u00e9ressant d\u2019optimiser notre immunit\u00e9 par toutes les voies naturelles qui existent (alimentation, vitamine D, etc.) ?<\/p>\n<p style=\"text-align: justify;\">Cette voie-l\u00e0 aurait le m\u00e9rite de nous prot\u00e9ger contre TOUTES les maladies, et pas seulement celles contre lesquelles l\u2019industrie a d\u00e9velopp\u00e9 un vaccin.<\/p>\n<p style=\"text-align: justify;\">Mais que voulez-vous, cette strat\u00e9gie de bon sens ne doit pas \u00ab rapporter \u00bb assez d\u2019argent \u00e0 certains.<\/p>\n<p style=\"text-align: justify;\">Bonne sant\u00e9,<\/p>\n<p style=\"text-align: justify;\">Xavier Bazin<\/p>\n<p><code>\n<style type=\"text\/css\">\n<!--\n\n.prisna-gwt-align-left {\n\ttext-align: left !important;\n}\n.prisna-gwt-align-right {\n\ttext-align: right !important;\n}\n\n\n.prisna-gwt-flags-container {\n\tlist-style: none !important;\n\tmargin: 0 !important;\n\tpadding: 0 !important;\n\tborder: none !important;\n\tclear: both !important;\n}\n.prisna-gwt-flag-container {\n\tlist-style: none !important;\n\tdisplay: inline-block;\n\tmargin: 0 2px 0 0 !important;\n\tpadding: 0 !important;\n\tborder: none !important;\n}\n.prisna-gwt-flag-container a {\n\tdisplay: inline-block;\n\tmargin: 0 !important;\n\tpadding: 0 !important;\n\tborder: none !important;\n\tbackground-repeat: no-repeat !important;\n\tbackground-image: url(https:\/\/aitia.fr\/erd\/wp-content\/plugins\/google-website-translator\/images\/all.png) !important;\n\twidth: 22px !important;\n\theight: 16px !important;\n}\n.prisna-gwt-language-en a { background-position: 0px 0px !important; }\n.prisna-gwt-language-ar a { background-position: -44px -32px !important; }\n.prisna-gwt-language-eu a { background-position: -110px -32px !important; }\n.prisna-gwt-language-bg a { background-position: -198px -32px !important; }\n.prisna-gwt-language-ca a { background-position: 0px -48px !important; }\n.prisna-gwt-language-zh-CN a { background-position: -132px 0px !important; }\n.prisna-gwt-language-zh-TW a { background-position: -154px 0px !important; }\n.prisna-gwt-language-cs a { background-position: -88px -48px !important; }\n.prisna-gwt-language-da a { background-position: -110px -16px !important; }\n.prisna-gwt-language-nl a { background-position: -44px 0px !important; }\n.prisna-gwt-language-fr a { background-position: -22px 0px !important; }\n.prisna-gwt-language-de a { background-position: -88px 0px !important; }\n.prisna-gwt-language-el a { background-position: -66px 0px !important; }\n.prisna-gwt-language-ga a { background-position: -110px -64px !important; }\n.prisna-gwt-language-it a { background-position: -176px -16px !important; }\n.prisna-gwt-language-ja a { background-position: -198px -16px !important; }\n.prisna-gwt-language-km a { background-position: -154px -64px !important; }\n.prisna-gwt-language-ko a { background-position: -176px -64px !important; }\n.prisna-gwt-language-ms a { background-position: -88px -80px !important; }\n.prisna-gwt-language-no a { background-position: -88px -16px !important; }\n.prisna-gwt-language-fa a { background-position: 0px -96px !important; }\n.prisna-gwt-language-pl a { background-position: -176px 0px !important; }\n.prisna-gwt-language-pt a { background-position: -198px 0px !important; }\n.prisna-gwt-language-pa a { background-position: -22px -16px !important; }\n.prisna-gwt-language-ro a { background-position: -44px -16px !important; }\n.prisna-gwt-language-ru a { background-position: -66px -16px !important; }\n.prisna-gwt-language-sr a { background-position: -22px -96px !important; }\n.prisna-gwt-language-es a { background-position: -110px 0px !important; }\n.prisna-gwt-language-th a { background-position: 0px -16px !important; }\n.prisna-gwt-language-tr a { background-position: -154px -96px !important; }\n.prisna-gwt-language-uk a { background-position: -176px -96px !important; }\n.prisna-gwt-language-vi a { background-position: -22px -64px !important; }\n\n\n#goog-gt-tt,\n.goog-tooltip,\n.goog-tooltip:hover {\n\tdisplay: none !important;\n}\n.goog-text-highlight {\n\tbackground-color: transparent !important;\n\tborder: none !important;\n\tbox-shadow: none !important;\n}\n.translated-rtl font,\n.translated-ltr font {\n\tbackground-color: transparent !important;\n\tbox-shadow: none !important;\n\tbox-sizing: border-box !important;\n\t-webkit-box-sizing: border-box !important;\n\t-moz-box-sizing: border-box !important;\n}\n\n-->\n<\/style>\n\n\n\n<script type=\"text\/javascript\">\n\/*<![CDATA[*\/\nvar PrisnaGWT = {\n\n\t_fire_event: function(_element, _event) {\n\t\t\n\t\ttry {\n\t\t\tif (document.createEvent) {\n\t\t\t\tvar ev = document.createEvent(\"HTMLEvents\");\n\t\t\t\tev.initEvent(_event, true, true);\n\t\t\t\t_element.dispatchEvent(ev);\n\t\t\t} \n\t\t\telse {\n\t\t\t\tvar ev = document.createEventObject();\n\t\t\t\t_element.fireEvent(\"on\" + _event, ev);\n\t\t\t}\n\t\t} \n\t\tcatch (e) {\n\t\t\tconsole.log(\"Prisna GWT: Browser not supported!\");\n\t\t}\n\t\t\n\t},\n\n\t_restore: function() {\n\n\t\tvar b, d = false;\n\t\tvar c =  document.getElementById(\"\\:1\\.container\");\n\t\tif (c)\n\t\t\td = c.contentWindow.document.getElementById(\"\\:1\\.restore\");\n\t\t\n\t\tif (d)\n\t\t\tthis._fire_event(d, \"click\");\n\n\t},\n\t\n\ttranslate: function(_language) {\n\t\n\t\tvar element;\n\t\tvar combos = document.getElementsByTagName(\"select\"); \/\/ IE8 doesn't support getElementsByClassName\n\t\t\n\t\tfor (var i=0; i<combos.length; i++)\n\t\t\tif (combos[i].className == \"goog-te-combo\")\n\t\t\t\telement = combos[i];\n\t\t\n\t\tif (!element)\n\t\t\treturn;\n\t\t\n\t\tif (_language == \"fr\")\n\t\t\tthis._restore();\n\t\telse {\n\t\t\telement.value = _language;\n\t\t\tthis._fire_event(element, \"change\");\n\t\t}\n\n\t}\n\t\n};\n\/*]]>*\/\n<\/script>\n<ul class=\"prisna-gwt-flags-container prisna-gwt-align-right notranslate\">\n\t<li class=\"prisna-gwt-flag-container prisna-gwt-language-ar\">\n\t<a href=\"javascript:;\" onclick=\"PrisnaGWT.translate('ar'); return false;\" title=\"Arabic\"><\/a>\n<\/li><li class=\"prisna-gwt-flag-container prisna-gwt-language-zh-CN\">\n\t<a href=\"javascript:;\" onclick=\"PrisnaGWT.translate('zh-CN'); return false;\" title=\"Chinese Simplified\"><\/a>\n<\/li><li class=\"prisna-gwt-flag-container prisna-gwt-language-zh-TW\">\n\t<a href=\"javascript:;\" onclick=\"PrisnaGWT.translate('zh-TW'); return false;\" title=\"Chinese Traditional\"><\/a>\n<\/li><li class=\"prisna-gwt-flag-container prisna-gwt-language-nl\">\n\t<a href=\"javascript:;\" onclick=\"PrisnaGWT.translate('nl'); return false;\" title=\"Dutch\"><\/a>\n<\/li><li class=\"prisna-gwt-flag-container prisna-gwt-language-en\">\n\t<a href=\"javascript:;\" onclick=\"PrisnaGWT.translate('en'); return false;\" title=\"English\"><\/a>\n<\/li><li class=\"prisna-gwt-flag-container prisna-gwt-language-fr\">\n\t<a href=\"javascript:;\" onclick=\"PrisnaGWT.translate('fr'); return false;\" title=\"French\"><\/a>\n<\/li><li class=\"prisna-gwt-flag-container prisna-gwt-language-de\">\n\t<a href=\"javascript:;\" onclick=\"PrisnaGWT.translate('de'); return false;\" title=\"German\"><\/a>\n<\/li><li class=\"prisna-gwt-flag-container prisna-gwt-language-el\">\n\t<a href=\"javascript:;\" onclick=\"PrisnaGWT.translate('el'); return false;\" title=\"Greek\"><\/a>\n<\/li><li class=\"prisna-gwt-flag-container prisna-gwt-language-it\">\n\t<a href=\"javascript:;\" onclick=\"PrisnaGWT.translate('it'); return false;\" title=\"Italian\"><\/a>\n<\/li><li class=\"prisna-gwt-flag-container prisna-gwt-language-ja\">\n\t<a href=\"javascript:;\" onclick=\"PrisnaGWT.translate('ja'); return false;\" title=\"Japanese\"><\/a>\n<\/li><li class=\"prisna-gwt-flag-container prisna-gwt-language-ms\">\n\t<a href=\"javascript:;\" onclick=\"PrisnaGWT.translate('ms'); return false;\" title=\"Malay\"><\/a>\n<\/li><li class=\"prisna-gwt-flag-container prisna-gwt-language-fa\">\n\t<a href=\"javascript:;\" onclick=\"PrisnaGWT.translate('fa'); return false;\" title=\"Persian\"><\/a>\n<\/li><li class=\"prisna-gwt-flag-container prisna-gwt-language-pt\">\n\t<a href=\"javascript:;\" onclick=\"PrisnaGWT.translate('pt'); return false;\" title=\"Portuguese\"><\/a>\n<\/li><li class=\"prisna-gwt-flag-container prisna-gwt-language-ro\">\n\t<a href=\"javascript:;\" onclick=\"PrisnaGWT.translate('ro'); return false;\" title=\"Romanian\"><\/a>\n<\/li><li class=\"prisna-gwt-flag-container prisna-gwt-language-ru\">\n\t<a href=\"javascript:;\" onclick=\"PrisnaGWT.translate('ru'); return false;\" title=\"Russian\"><\/a>\n<\/li><li class=\"prisna-gwt-flag-container prisna-gwt-language-es\">\n\t<a href=\"javascript:;\" onclick=\"PrisnaGWT.translate('es'); return false;\" title=\"Spanish\"><\/a>\n<\/li><li class=\"prisna-gwt-flag-container prisna-gwt-language-uk\">\n\t<a href=\"javascript:;\" onclick=\"PrisnaGWT.translate('uk'); return false;\" title=\"Ukrainian\"><\/a>\n<\/li><li class=\"prisna-gwt-flag-container prisna-gwt-language-vi\">\n\t<a href=\"javascript:;\" onclick=\"PrisnaGWT.translate('vi'); return false;\" title=\"Vietnamese\"><\/a>\n<\/li><li class=\"prisna-gwt-flag-container prisna-gwt-language-cs\">\n\t<a href=\"javascript:;\" onclick=\"PrisnaGWT.translate('cs'); return false;\" title=\"Czech\"><\/a>\n<\/li><li class=\"prisna-gwt-flag-container prisna-gwt-language-eu\">\n\t<a href=\"javascript:;\" onclick=\"PrisnaGWT.translate('eu'); return false;\" title=\"Basque\"><\/a>\n<\/li><li class=\"prisna-gwt-flag-container prisna-gwt-language-bg\">\n\t<a href=\"javascript:;\" onclick=\"PrisnaGWT.translate('bg'); return false;\" title=\"Bulgarian\"><\/a>\n<\/li><li class=\"prisna-gwt-flag-container prisna-gwt-language-ca\">\n\t<a href=\"javascript:;\" onclick=\"PrisnaGWT.translate('ca'); return false;\" title=\"Catalan\"><\/a>\n<\/li><li class=\"prisna-gwt-flag-container prisna-gwt-language-da\">\n\t<a href=\"javascript:;\" onclick=\"PrisnaGWT.translate('da'); return false;\" title=\"Danish\"><\/a>\n<\/li><li class=\"prisna-gwt-flag-container prisna-gwt-language-ga\">\n\t<a href=\"javascript:;\" onclick=\"PrisnaGWT.translate('ga'); return false;\" title=\"Irish\"><\/a>\n<\/li><li class=\"prisna-gwt-flag-container prisna-gwt-language-ko\">\n\t<a href=\"javascript:;\" onclick=\"PrisnaGWT.translate('ko'); return false;\" title=\"Korean\"><\/a>\n<\/li><li class=\"prisna-gwt-flag-container prisna-gwt-language-km\">\n\t<a href=\"javascript:;\" onclick=\"PrisnaGWT.translate('km'); return false;\" title=\"Khmer\"><\/a>\n<\/li><li class=\"prisna-gwt-flag-container prisna-gwt-language-no\">\n\t<a href=\"javascript:;\" onclick=\"PrisnaGWT.translate('no'); return false;\" title=\"Norwegian\"><\/a>\n<\/li><li class=\"prisna-gwt-flag-container prisna-gwt-language-pl\">\n\t<a href=\"javascript:;\" onclick=\"PrisnaGWT.translate('pl'); return false;\" title=\"Polish\"><\/a>\n<\/li><li class=\"prisna-gwt-flag-container prisna-gwt-language-pa\">\n\t<a href=\"javascript:;\" onclick=\"PrisnaGWT.translate('pa'); return false;\" title=\"Punjabi\"><\/a>\n<\/li><li class=\"prisna-gwt-flag-container prisna-gwt-language-sr\">\n\t<a href=\"javascript:;\" onclick=\"PrisnaGWT.translate('sr'); return false;\" title=\"Serbian\"><\/a>\n<\/li><li class=\"prisna-gwt-flag-container prisna-gwt-language-th\">\n\t<a href=\"javascript:;\" onclick=\"PrisnaGWT.translate('th'); return false;\" title=\"Thai\"><\/a>\n<\/li><li class=\"prisna-gwt-flag-container prisna-gwt-language-tr\">\n\t<a href=\"javascript:;\" onclick=\"PrisnaGWT.translate('tr'); return false;\" title=\"Turkish\"><\/a>\n<\/li>\n<\/ul>\n\n<div id=\"google_translate_element\" class=\"prisna-gwt-align-right\"><\/div>\n<script type=\"text\/javascript\">\n\/*<![CDATA[*\/\nfunction initializeGoogleTranslateElement() {\n\tnew google.translate.TranslateElement({\n\t\tpageLanguage: \"fr\",\n\t\tautoDisplay: false,\n\t\tincludedLanguages: \"ar,eu,bg,ca,zh-CN,zh-TW,cs,da,nl,en,fr,de,el,ga,it,ja,km,ko,ms,no,fa,pl,pt,pa,ro,ru,sr,es,th,tr,uk,vi\"\n\t}, \"google_translate_element\");\n}\n\/*]]>*\/\n<\/script>\n<script type=\"text\/javascript\" src=\"\/\/translate.google.com\/translate_a\/element.js?cb=initializeGoogleTranslateElement\"><\/script><\/code><\/p>\n","protected":false},"excerpt":{"rendered":"<p>[Note de l&#8217;administrateur de ce blog : en pleine pol\u00e9mique sur les vaccins, je reproduis ici un article de la lettre d&#8217;information &#8220;Sant\u00e9 Corps Esprit&#8221; que je re\u00e7ois. Je ne suis pas m\u00e9decin, mais constate avec consternation le niveau intellectuel des arguments employ\u00e9s dans les media de grand chemin pour d\u00e9fendre la politique vaccinale autoritaire [&hellip;]<\/p>\n","protected":false},"author":1,"featured_media":0,"comment_status":"open","ping_status":"open","sticky":false,"template":"","format":"standard","meta":[],"categories":[4,3],"tags":[768,770,769,194,771,344],"_links":{"self":[{"href":"https:\/\/aitia.fr\/erd\/wp-json\/wp\/v2\/posts\/9710"}],"collection":[{"href":"https:\/\/aitia.fr\/erd\/wp-json\/wp\/v2\/posts"}],"about":[{"href":"https:\/\/aitia.fr\/erd\/wp-json\/wp\/v2\/types\/post"}],"author":[{"embeddable":true,"href":"https:\/\/aitia.fr\/erd\/wp-json\/wp\/v2\/users\/1"}],"replies":[{"embeddable":true,"href":"https:\/\/aitia.fr\/erd\/wp-json\/wp\/v2\/comments?post=9710"}],"version-history":[{"count":16,"href":"https:\/\/aitia.fr\/erd\/wp-json\/wp\/v2\/posts\/9710\/revisions"}],"predecessor-version":[{"id":12713,"href":"https:\/\/aitia.fr\/erd\/wp-json\/wp\/v2\/posts\/9710\/revisions\/12713"}],"wp:attachment":[{"href":"https:\/\/aitia.fr\/erd\/wp-json\/wp\/v2\/media?parent=9710"}],"wp:term":[{"taxonomy":"category","embeddable":true,"href":"https:\/\/aitia.fr\/erd\/wp-json\/wp\/v2\/categories?post=9710"},{"taxonomy":"post_tag","embeddable":true,"href":"https:\/\/aitia.fr\/erd\/wp-json\/wp\/v2\/tags?post=9710"}],"curies":[{"name":"wp","href":"https:\/\/api.w.org\/{rel}","templated":true}]}}