{"id":9617,"date":"2017-09-26T13:00:03","date_gmt":"2017-09-26T11:00:03","guid":{"rendered":"https:\/\/aitia.fr\/erd\/?p=9617"},"modified":"2017-09-26T10:54:44","modified_gmt":"2017-09-26T08:54:44","slug":"la-ligue-de-defense-juive-se-rejouit-de-lagression-de-lathlete-francais-pierre-ambroise-bosse-er","status":"publish","type":"post","link":"https:\/\/aitia.fr\/erd\/la-ligue-de-defense-juive-se-rejouit-de-lagression-de-lathlete-francais-pierre-ambroise-bosse-er\/","title":{"rendered":"La Ligue de d\u00e9fense juive se r\u00e9jouit de l\u2019agression <br>de l\u2019athl\u00e8te fran\u00e7ais Pierre-Ambroise Bosse (E&#038;R)"},"content":{"rendered":"<div id=\"attachment_9618\" style=\"width: 289px\" class=\"wp-caption alignleft\"><img aria-describedby=\"caption-attachment-9618\" decoding=\"async\" loading=\"lazy\" class=\"wp-image-9618 size-medium\" src=\"https:\/\/aitia.fr\/erd\/wp-content\/uploads\/2017\/09\/Pierre-Ambroise-Bosse-agression-279x300.png\" alt=\"\" width=\"279\" height=\"300\" srcset=\"https:\/\/aitia.fr\/erd\/wp-content\/uploads\/2017\/09\/Pierre-Ambroise-Bosse-agression-279x300.png 279w, https:\/\/aitia.fr\/erd\/wp-content\/uploads\/2017\/09\/Pierre-Ambroise-Bosse-agression.png 473w\" sizes=\"(max-width: 279px) 100vw, 279px\" \/><p id=\"caption-attachment-9618\" class=\"wp-caption-text\">Pierre-Ambroise Bosse apr\u00e8s son agression<\/p><\/div>\n<p style=\"text-align: justify;\">[<em>Note de l&#8217;administrateur de ce blog : nous vivons dans un monde \u00e9trange o\u00f9 d&#8217;authentiques pacifistes et universalistes comme <a href=\"https:\/\/aitia.fr\/erd\/dieudonne-a-pau-le-triomphe-dune-bete-sacree\/\" target=\"_blank\" rel=\"noopener\">Dieudonn\u00e9<\/a> (ou <a href=\"https:\/\/aitia.fr\/erd\/paroles-de-francois-prelude\/\" target=\"_blank\" rel=\"noopener\">Christophe Oberlin<\/a>) sont tra\u00een\u00e9s dans la boue et emp\u00each\u00e9s de s&#8217;exprimer, au nom d&#8217;un &#8220;antiracisme&#8221; et d&#8217;une &#8220;lutte contre la haine&#8221; totalement pervertis et mis au service de groupes de pression au comportement mafieux, tandis que les v\u00e9ritables appels \u00e0 la haine et \u00e0 l&#8217;agression physique, m\u00eame suivis d&#8217;actes tr\u00e8s violents comme dans le cas de Pierre-Ambroise Bosse, b\u00e9n\u00e9ficient d&#8217;une coupable indulgence de la part des media et des institutions.<\/em><\/p>\n<p style=\"text-align: justify;\"><em>Pour le bien et la s\u00e9curit\u00e9 de tous, il faudra identifier clairement les responsables de ce d\u00e9ni de droit et les mettre durablement hors d&#8217;\u00e9tat de nuire.<\/em>]<\/p>\n<hr \/>\n<p style=\"text-align: justify;\"><strong>La Ligue de d\u00e9fense juive (LDJ), connue pour ses innombrables tentatives d\u2019intimidation et ses agressions revendiqu\u00e9es, s\u2019est r\u00e9jouie sur les r\u00e9seaux sociaux de l\u2019agression de Pierre-Ambroise Bosse. <\/strong><\/p>\n<p style=\"text-align: justify;\">L\u2019athl\u00e8te fran\u00e7ais Pierre-Ambroise Bosse est devenu <a href=\"https:\/\/www.egaliteetreconciliation.fr\/Le-Francais-blanc-Pierre-Ambroise-Bosse-champion-du-monde-du-800-m-47073.html\" target=\"_blank\" rel=\"noopener\">champion du monde du 800 m<\/a> \u00e0 Londres le 8 ao\u00fbt dernier. Mais trois semaines plus tard, il \u00e9tait victime d\u2019une tr\u00e8s violente agression pr\u00e8s de Bordeaux. Trois individus l\u2019ont rou\u00e9 de coups au visage, entra\u00eenant la fin imm\u00e9diate de sa saison et un pr\u00e9judice physique et moral important.<\/p>\n<p style=\"text-align: justify;\">Une information judiciaire a \u00e9t\u00e9 ouverte et l\u2019un des agresseurs a \u00e9t\u00e9 plac\u00e9 en garde \u00e0 vue. Mais \u00e9tonnamment, les m\u00e9dias <a href=\"https:\/\/www.egaliteetreconciliation.fr\/Pourquoi-n-a-t-on-pas-les-identites-des-agresseurs-de-Pierre-Ambroise-Bosse-47395.html\" target=\"_blank\" rel=\"noopener\">n\u2019ont pas communiqu\u00e9<\/a> sur l\u2019identit\u00e9 des auteurs des faits. Y aurait-il quelque chose \u00e0 cacher\u00a0?<\/p>\n<p><a href=\"https:\/\/www.egaliteetreconciliation.fr\/La-Ligue-de-defense-juive-se-rejouit-de-l-agression-de-l-athlete-francais-Pierre-Ambroise-Bosse-47769.html\" target=\"_blank\" rel=\"noopener noreferrer\">Continuer la lecture sur \u00c9galit\u00e9 &amp; R\u00e9conciliation \u27f6<\/a><\/p>\n<p>&nbsp;<\/p>\n","protected":false},"excerpt":{"rendered":"<p>[Note de l&#8217;administrateur de ce blog : nous vivons dans un monde \u00e9trange o\u00f9 d&#8217;authentiques pacifistes et universalistes comme Dieudonn\u00e9 (ou Christophe Oberlin) sont tra\u00een\u00e9s dans la boue et emp\u00each\u00e9s de s&#8217;exprimer, au nom d&#8217;un &#8220;antiracisme&#8221; et d&#8217;une &#8220;lutte contre la haine&#8221; totalement pervertis et mis au service de groupes de pression au comportement mafieux, [&hellip;]<\/p>\n","protected":false},"author":1,"featured_media":0,"comment_status":"open","ping_status":"open","sticky":false,"template":"","format":"standard","meta":[],"categories":[4,134],"tags":[760,759,761,56,71],"_links":{"self":[{"href":"https:\/\/aitia.fr\/erd\/wp-json\/wp\/v2\/posts\/9617"}],"collection":[{"href":"https:\/\/aitia.fr\/erd\/wp-json\/wp\/v2\/posts"}],"about":[{"href":"https:\/\/aitia.fr\/erd\/wp-json\/wp\/v2\/types\/post"}],"author":[{"embeddable":true,"href":"https:\/\/aitia.fr\/erd\/wp-json\/wp\/v2\/users\/1"}],"replies":[{"embeddable":true,"href":"https:\/\/aitia.fr\/erd\/wp-json\/wp\/v2\/comments?post=9617"}],"version-history":[{"count":6,"href":"https:\/\/aitia.fr\/erd\/wp-json\/wp\/v2\/posts\/9617\/revisions"}],"predecessor-version":[{"id":9624,"href":"https:\/\/aitia.fr\/erd\/wp-json\/wp\/v2\/posts\/9617\/revisions\/9624"}],"wp:attachment":[{"href":"https:\/\/aitia.fr\/erd\/wp-json\/wp\/v2\/media?parent=9617"}],"wp:term":[{"taxonomy":"category","embeddable":true,"href":"https:\/\/aitia.fr\/erd\/wp-json\/wp\/v2\/categories?post=9617"},{"taxonomy":"post_tag","embeddable":true,"href":"https:\/\/aitia.fr\/erd\/wp-json\/wp\/v2\/tags?post=9617"}],"curies":[{"name":"wp","href":"https:\/\/api.w.org\/{rel}","templated":true}]}}