{"id":955,"date":"2015-01-19T08:01:28","date_gmt":"2015-01-19T07:01:28","guid":{"rendered":"https:\/\/aitia.fr\/erd\/?p=955"},"modified":"2020-06-02T06:22:46","modified_gmt":"2020-06-02T04:22:46","slug":"la-logique-selon-caroline-fourest","status":"publish","type":"post","link":"https:\/\/aitia.fr\/erd\/la-logique-selon-caroline-fourest\/","title":{"rendered":"La logique selon Caroline Fourest"},"content":{"rendered":"<div style=\"width: 188px\" class=\"wp-caption alignright\"><a href=\"https:\/\/commons.wikimedia.org\/wiki\/File:Caroline_Fourest_\u00e0_Paris.JPG\" target=\"_blank\" rel=\"noopener noreferrer\"><img decoding=\"async\" loading=\"lazy\" src=\"https:\/\/upload.wikimedia.org\/wikipedia\/commons\/thumb\/f\/f2\/Caroline_Fourest_\u00e0_Paris.JPG\/178px-Caroline_Fourest_\u00e0_Paris.JPG\" alt=\"Caroline Fourest. Photo r\u00e9alis\u00e9e sans trucage.\" width=\"178\" height=\"240\" \/><\/a><p class=\"wp-caption-text\">Caroline Fourest. Photo r\u00e9alis\u00e9e sans trucage.<\/p><\/div>\n<p style=\"text-align: justify;\">Dans son &#8220;documentaire&#8221; intitul\u00e9 &#8220;<a title=\"Les naufrag\u00e9s de Sion\" href=\"https:\/\/www.youtube.com\/watch?v=wd5DFyJKboY&amp;t=374\" target=\"_blank\" rel=\"noopener noreferrer\">Les naufrag\u00e9s de Sion<\/a>&#8221; et diffus\u00e9 sur France 5 le 19 f\u00e9vrier 2013, Caroline Fourest affirme :<\/p>\n<blockquote><p>Dieudonn\u00e9 est pass\u00e9 de l&#8217;humour faisant rire les antiracistes \u00e0 celui faisant rire les antis\u00e9mites. C&#8217;est m\u00eame le titre de son dernier film,<em> l&#8217;Antis\u00e9mite<\/em>.<\/p><\/blockquote>\n<p>&nbsp;<\/p>\n<p><!--more--><\/p>\n<p style=\"text-align: justify;\">Gr\u00e2ce \u00e0 la clairvoyance de Mme Fourest, nous savons donc dor\u00e9navant que, contrairement \u00e0 une opinion largement\u00a0r\u00e9pandue chez des cin\u00e9philes parfois na\u00effs, Charlie Chaplin glorifiait la dictature naus\u00e9abonde\u00a0du Troisi\u00e8me Reich dans son film &#8220;<em><a title=\"Le Dictateur (notice Wikip\u00e9dia)\" href=\"https:\/\/fr.wikipedia.org\/wiki\/Le_Dictateur\" target=\"_blank\" rel=\"noopener noreferrer\">Le Dictateur<\/a><\/em>&#8221; .<\/p>\n<div style=\"width: 460px\" class=\"wp-caption aligncenter\"><img decoding=\"async\" loading=\"lazy\" class=\"\" src=\"https:\/\/upload.wikimedia.org\/wikipedia\/commons\/f\/f1\/Dictator_charlie2.jpg\" alt=\"Charlie Chaplin glorifiant l\u00e9zeurl\u00e9plussombres du Troisi\u00e8me Reich.\" width=\"450\" height=\"303\" \/><p class=\"wp-caption-text\">Charlie Chaplin glorifiant l\u00e9zeurl\u00e9plussombres du Troisi\u00e8me Reich.<\/p><\/div>\n<p><\/p>\n<p>Pour \u00eatre mieux inform\u00e9s que Mme Fourest sur le film <em>L&#8217;antis\u00e9mite<\/em>, <a title=\"L\u2019antis\u00e9mite\" href=\"https:\/\/aitia.fr\/erd\/lantisemite\/\">voir ici<\/a>.<\/p>\n","protected":false},"excerpt":{"rendered":"<p>Dans son &#8220;documentaire&#8221; intitul\u00e9 &#8220;Les naufrag\u00e9s de Sion&#8221; et diffus\u00e9 sur France 5 le 19 f\u00e9vrier 2013, Caroline Fourest affirme : Dieudonn\u00e9 est pass\u00e9 de l&#8217;humour faisant rire les antiracistes \u00e0 celui faisant rire les antis\u00e9mites. C&#8217;est m\u00eame le titre de son dernier film, l&#8217;Antis\u00e9mite. &nbsp;<\/p>\n","protected":false},"author":1,"featured_media":0,"comment_status":"open","ping_status":"open","sticky":false,"template":"","format":"standard","meta":[],"categories":[133,5,29],"tags":[137,15,40,48],"_links":{"self":[{"href":"https:\/\/aitia.fr\/erd\/wp-json\/wp\/v2\/posts\/955"}],"collection":[{"href":"https:\/\/aitia.fr\/erd\/wp-json\/wp\/v2\/posts"}],"about":[{"href":"https:\/\/aitia.fr\/erd\/wp-json\/wp\/v2\/types\/post"}],"author":[{"embeddable":true,"href":"https:\/\/aitia.fr\/erd\/wp-json\/wp\/v2\/users\/1"}],"replies":[{"embeddable":true,"href":"https:\/\/aitia.fr\/erd\/wp-json\/wp\/v2\/comments?post=955"}],"version-history":[{"count":30,"href":"https:\/\/aitia.fr\/erd\/wp-json\/wp\/v2\/posts\/955\/revisions"}],"predecessor-version":[{"id":15168,"href":"https:\/\/aitia.fr\/erd\/wp-json\/wp\/v2\/posts\/955\/revisions\/15168"}],"wp:attachment":[{"href":"https:\/\/aitia.fr\/erd\/wp-json\/wp\/v2\/media?parent=955"}],"wp:term":[{"taxonomy":"category","embeddable":true,"href":"https:\/\/aitia.fr\/erd\/wp-json\/wp\/v2\/categories?post=955"},{"taxonomy":"post_tag","embeddable":true,"href":"https:\/\/aitia.fr\/erd\/wp-json\/wp\/v2\/tags?post=955"}],"curies":[{"name":"wp","href":"https:\/\/api.w.org\/{rel}","templated":true}]}}