{"id":9437,"date":"2017-09-06T09:53:30","date_gmt":"2017-09-06T07:53:30","guid":{"rendered":"https:\/\/aitia.fr\/erd\/?p=9437"},"modified":"2017-09-06T12:59:08","modified_gmt":"2017-09-06T10:59:08","slug":"sante-faut-il-se-mefier-des-vaccins-c-a-dire-france-5-2-novembre-2016","status":"publish","type":"post","link":"https:\/\/aitia.fr\/erd\/sante-faut-il-se-mefier-des-vaccins-c-a-dire-france-5-2-novembre-2016\/","title":{"rendered":"Sant\u00e9 : faut-il se m\u00e9fier des vaccins ? <br>(C \u00e0 dire &#8211; France 5 &#8211; 2 novembre 2016)"},"content":{"rendered":"<p style=\"text-align: justify;\">[<em>Note de l&#8217;administrateur de ce blog : on apprendra notamment dans cette vid\u00e9o (\u00e0 partir de 6:54) que le <a href=\"https:\/\/fr.wikipedia.org\/wiki\/Syndrome_de_la_guerre_du_Golfe\" target=\"_blank\" rel=\"noopener\">&#8220;syndrome de la guerre du Golfe&#8221;<\/a>, pourrissant la vie de nombreux v\u00e9t\u00e9rans de guerre am\u00e9ricains, et attribu\u00e9 par certains aux armes \u00e0 uranium appauvri, a pour origine des campagnes de vaccination massives destin\u00e9es \u00e0 prot\u00e9ger les militaires d\u00e9ploy\u00e9s dans cette guerre de potentielles maladies. <\/em><\/p>\n<p style=\"text-align: justify;\"><em>Pour bien prendre conscience de l&#8217;omerta dont parle le Pr Gherardi sur le probl\u00e8me des adjuvants aux sels d&#8217;aluminium, la lecture de <a href=\"https:\/\/michel.delorgeril.info\/ethique-et-transparence\/la-question-vaccinale-vue-par-les-medias-en-juillet-2017-2\" target=\"_blank\" rel=\"noopener\">cet article du Dr de Lorgeril<\/a> fournit un compl\u00e9ment tr\u00e8s int\u00e9ressant. Mais reconnaissons tout de m\u00eame que le service public, via Axel de Tarl\u00e9 et son \u00e9mission sur France 5, remplit ici pleinement son r\u00f4le d&#8217;information du public.<\/em>]<\/p>\n<hr \/>\n<p style=\"text-align: center;\"><iframe loading=\"lazy\" src=\"https:\/\/www.youtube.com\/embed\/02ygkZqPXi4\" width=\"640\" height=\"360\" frameborder=\"0\" allowfullscreen=\"allowfullscreen\"><\/iframe><\/p>\n","protected":false},"excerpt":{"rendered":"<p>[Note de l&#8217;administrateur de ce blog : on apprendra notamment dans cette vid\u00e9o (\u00e0 partir de 6:54) que le &#8220;syndrome de la guerre du Golfe&#8221;, pourrissant la vie de nombreux v\u00e9t\u00e9rans de guerre am\u00e9ricains, et attribu\u00e9 par certains aux armes \u00e0 uranium appauvri, a pour origine des campagnes de vaccination massives destin\u00e9es \u00e0 prot\u00e9ger les [&hellip;]<\/p>\n","protected":false},"author":1,"featured_media":0,"comment_status":"open","ping_status":"open","sticky":false,"template":"","format":"video","meta":[],"categories":[4,133,29],"tags":[733,476,726,48,482,479,344],"_links":{"self":[{"href":"https:\/\/aitia.fr\/erd\/wp-json\/wp\/v2\/posts\/9437"}],"collection":[{"href":"https:\/\/aitia.fr\/erd\/wp-json\/wp\/v2\/posts"}],"about":[{"href":"https:\/\/aitia.fr\/erd\/wp-json\/wp\/v2\/types\/post"}],"author":[{"embeddable":true,"href":"https:\/\/aitia.fr\/erd\/wp-json\/wp\/v2\/users\/1"}],"replies":[{"embeddable":true,"href":"https:\/\/aitia.fr\/erd\/wp-json\/wp\/v2\/comments?post=9437"}],"version-history":[{"count":11,"href":"https:\/\/aitia.fr\/erd\/wp-json\/wp\/v2\/posts\/9437\/revisions"}],"predecessor-version":[{"id":9450,"href":"https:\/\/aitia.fr\/erd\/wp-json\/wp\/v2\/posts\/9437\/revisions\/9450"}],"wp:attachment":[{"href":"https:\/\/aitia.fr\/erd\/wp-json\/wp\/v2\/media?parent=9437"}],"wp:term":[{"taxonomy":"category","embeddable":true,"href":"https:\/\/aitia.fr\/erd\/wp-json\/wp\/v2\/categories?post=9437"},{"taxonomy":"post_tag","embeddable":true,"href":"https:\/\/aitia.fr\/erd\/wp-json\/wp\/v2\/tags?post=9437"}],"curies":[{"name":"wp","href":"https:\/\/api.w.org\/{rel}","templated":true}]}}