{"id":9428,"date":"2017-09-05T13:52:45","date_gmt":"2017-09-05T11:52:45","guid":{"rendered":"https:\/\/aitia.fr\/erd\/?p=9428"},"modified":"2017-09-05T13:52:45","modified_gmt":"2017-09-05T11:52:45","slug":"destruction-la-rentree-scolaire-dans-les-territoires-palestiniens-occupes-middle-east-eye","status":"publish","type":"post","link":"https:\/\/aitia.fr\/erd\/destruction-la-rentree-scolaire-dans-les-territoires-palestiniens-occupes-middle-east-eye\/","title":{"rendered":"Destruction : la rentr\u00e9e scolaire dans les territoires palestiniens occup\u00e9s (Middle East Eye)"},"content":{"rendered":"<div id=\"attachment_9429\" style=\"width: 410px\" class=\"wp-caption alignleft\"><a href=\"https:\/\/aitia.fr\/erd\/wp-content\/uploads\/2017\/09\/Jubbet-al-Dhib-08-smaller_0.jpg\" target=\"_blank\" rel=\"noopener\"><img aria-describedby=\"caption-attachment-9429\" decoding=\"async\" loading=\"lazy\" class=\"wp-image-9429\" src=\"https:\/\/aitia.fr\/erd\/wp-content\/uploads\/2017\/09\/Jubbet-al-Dhib-08-smaller_0.jpg\" alt=\"Des \u00e9coliers palestiniens sont assis patiemment pendant que des activistes installent une tente qui leur servira de classe (MEE\/Chlo\u00e9 Benoist)\" width=\"400\" height=\"225\" srcset=\"https:\/\/aitia.fr\/erd\/wp-content\/uploads\/2017\/09\/Jubbet-al-Dhib-08-smaller_0.jpg 620w, https:\/\/aitia.fr\/erd\/wp-content\/uploads\/2017\/09\/Jubbet-al-Dhib-08-smaller_0-300x169.jpg 300w, https:\/\/aitia.fr\/erd\/wp-content\/uploads\/2017\/09\/Jubbet-al-Dhib-08-smaller_0-600x338.jpg 600w\" sizes=\"(max-width: 400px) 100vw, 400px\" \/><\/a><p id=\"caption-attachment-9429\" class=\"wp-caption-text\">Des \u00e9coliers palestiniens sont assis patiemment pendant que des activistes installent une tente qui leur servira de classe (MEE\/Chlo\u00e9 Benoist)<\/p><\/div>\n<p style=\"text-align: justify;\">[<em>Note de l&#8217;administrateur de ce blog : contrairement \u00e0 une l\u00e9gende tenace, la rentr\u00e9e universitaire ne se fait pas mi-octobre ou pire. Pour ce qui me concerne, elle aura lieu le 11 septembre prochain.<\/em>]<\/p>\n<hr \/>\n<p style=\"text-align: justify;\"><strong>Pour certains enfants palestiniens, retourner \u00e0 l&#8217;\u00e9cole signifie retourner \u00e0 la violence de l\u2019occupation.<\/strong><\/p>\n<p style=\"text-align: justify;\">Les dizaines d&#8217;enfants de Jubbet al-Dhib et des villages avoisinants dans la r\u00e9gion de Bethl\u00e9em, dans le sud de la Cisjordanie occup\u00e9e, s&#8217;attendaient \u00e0 d\u00e9buter la nouvelle ann\u00e9e scolaire dans une toute nouvelle \u00e9cole primaire dont la construction avait \u00e9t\u00e9 financ\u00e9e par l&#8217;Union europ\u00e9enne (UE).<\/p>\n<p style=\"text-align: justify;\">Mais c\u2019\u00e9tait compter sans les forces isra\u00e9liennes qui, la veille au soir, avaient d\u00e9truit les six salles de classe pr\u00e9fabriqu\u00e9es et confisqu\u00e9 tout le mat\u00e9riel de construction, ne laissant que des tas de chaises renvers\u00e9es sur le b\u00e9ton nu.<\/p>\n<p style=\"text-align: justify;\">Les habitants de Jubbet al-Dhib sont encore sous le choc. \u00ab Ce ne sont pas des personnes du tout ceux qui d\u00e9molissent des \u00e9coles, ils ne sont pas du tout humains \u00bb, a d\u00e9clar\u00e9 aux journalistes Manal Zawahra, une r\u00e9sidente de Jubbet al-Dhib.<\/p>\n<p style=\"text-align: justify;\"><a href=\"https:\/\/www.middleeasteye.net\/fr\/reportages\/destruction-la-rentr-e-scolaire-dans-les-territoires-palestiniens-occup-s-2044713952\" target=\"_blank\" rel=\"noopener noreferrer\">Continuer la lecture sur Middle East Eye \u27f6<\/a><\/p>\n<p style=\"text-align: justify;\">Sur le sionisme r\u00e9el, ce proche cousin du nazisme qui lui a (pour l&#8217;instant) surv\u00e9cu, voir \u00e9galement sur ce blog :<\/p>\n<ul style=\"text-align: justify;\">\n<li><a href=\"https:\/\/aitia.fr\/erd\/les-sionistes-et-les-nazis-ont-seme-ensemble-les-graines-de-lantisemitisme-en-allemagne-true-torah-jews\/\" target=\"_blank\" rel=\"noopener\">Les sionistes et les nazis ont sem\u00e9 ensemble les graines de l&#8217;antis\u00e9mitisme en Allemagne<\/a><\/li>\n<li><a href=\"https:\/\/aitia.fr\/erd\/luttons-contre-l-antisemitisme\/\" target=\"_blank\" rel=\"noopener\">Luttons ensemble contre l&#8217;antis\u00e9mitisme (avec entrain)<\/a><\/li>\n<li><a href=\"https:\/\/aitia.fr\/erd\/publicite-comparative-israel-iran\/\" target=\"_blank\" rel=\"noopener\">Publicit\u00e9 comparative : Isra\u00ebl \/ Iran<\/a><\/li>\n<\/ul>\n<p style=\"text-align: justify;\">Et pour prendre conscience du gouffre entre le projet originel et la catastrophe finale :<\/p>\n<ul>\n<li style=\"text-align: justify;\"><a href=\"https:\/\/aitia.fr\/erd\/letat-des-juifs\/\" target=\"_blank\" rel=\"noopener\">L&#8217;\u00c9tat (des) juif(s)<\/a><\/li>\n<\/ul>\n","protected":false},"excerpt":{"rendered":"<p>[Note de l&#8217;administrateur de ce blog : contrairement \u00e0 une l\u00e9gende tenace, la rentr\u00e9e universitaire ne se fait pas mi-octobre ou pire. Pour ce qui me concerne, elle aura lieu le 11 septembre prochain.] Pour certains enfants palestiniens, retourner \u00e0 l&#8217;\u00e9cole signifie retourner \u00e0 la violence de l\u2019occupation. Les dizaines d&#8217;enfants de Jubbet al-Dhib et [&hellip;]<\/p>\n","protected":false},"author":1,"featured_media":0,"comment_status":"open","ping_status":"open","sticky":false,"template":"","format":"standard","meta":[],"categories":[4,134],"tags":[732,162,161,389,731,56],"_links":{"self":[{"href":"https:\/\/aitia.fr\/erd\/wp-json\/wp\/v2\/posts\/9428"}],"collection":[{"href":"https:\/\/aitia.fr\/erd\/wp-json\/wp\/v2\/posts"}],"about":[{"href":"https:\/\/aitia.fr\/erd\/wp-json\/wp\/v2\/types\/post"}],"author":[{"embeddable":true,"href":"https:\/\/aitia.fr\/erd\/wp-json\/wp\/v2\/users\/1"}],"replies":[{"embeddable":true,"href":"https:\/\/aitia.fr\/erd\/wp-json\/wp\/v2\/comments?post=9428"}],"version-history":[{"count":7,"href":"https:\/\/aitia.fr\/erd\/wp-json\/wp\/v2\/posts\/9428\/revisions"}],"predecessor-version":[{"id":9436,"href":"https:\/\/aitia.fr\/erd\/wp-json\/wp\/v2\/posts\/9428\/revisions\/9436"}],"wp:attachment":[{"href":"https:\/\/aitia.fr\/erd\/wp-json\/wp\/v2\/media?parent=9428"}],"wp:term":[{"taxonomy":"category","embeddable":true,"href":"https:\/\/aitia.fr\/erd\/wp-json\/wp\/v2\/categories?post=9428"},{"taxonomy":"post_tag","embeddable":true,"href":"https:\/\/aitia.fr\/erd\/wp-json\/wp\/v2\/tags?post=9428"}],"curies":[{"name":"wp","href":"https:\/\/api.w.org\/{rel}","templated":true}]}}