{"id":9174,"date":"2017-06-11T09:42:02","date_gmt":"2017-06-11T07:42:02","guid":{"rendered":"https:\/\/aitia.fr\/erd\/?p=9174"},"modified":"2017-06-11T09:42:02","modified_gmt":"2017-06-11T07:42:02","slug":"la-boucle-est-bouclee-antipresse","status":"publish","type":"post","link":"https:\/\/aitia.fr\/erd\/la-boucle-est-bouclee-antipresse\/","title":{"rendered":"La boucle est boucl\u00e9e (Antipresse)"},"content":{"rendered":"<div id=\"attachment_7103\" style=\"width: 210px\" class=\"wp-caption alignleft\"><img aria-describedby=\"caption-attachment-7103\" decoding=\"async\" loading=\"lazy\" class=\"wp-image-7103\" src=\"https:\/\/aitia.fr\/erd\/wp-content\/uploads\/2016\/09\/Slobodan-Despot-Geneve-2006.jpg\" alt=\"Slobodan Despot au salon du livre \u00e0 Gen\u00e8ve en 2006\" width=\"200\" height=\"191\" srcset=\"https:\/\/aitia.fr\/erd\/wp-content\/uploads\/2016\/09\/Slobodan-Despot-Geneve-2006.jpg 832w, https:\/\/aitia.fr\/erd\/wp-content\/uploads\/2016\/09\/Slobodan-Despot-Geneve-2006-300x286.jpg 300w, https:\/\/aitia.fr\/erd\/wp-content\/uploads\/2016\/09\/Slobodan-Despot-Geneve-2006-768x733.jpg 768w, https:\/\/aitia.fr\/erd\/wp-content\/uploads\/2016\/09\/Slobodan-Despot-Geneve-2006-600x573.jpg 600w\" sizes=\"(max-width: 200px) 100vw, 200px\" \/><p id=\"caption-attachment-7103\" class=\"wp-caption-text\">Slobodan Despot, salon du livre, <br \/> Gen\u00e8ve, 2006<\/p><\/div>\n<p style=\"text-align: justify;\">[<em>Note de l&#8217;administrateur de ce blog : ayant moi-m\u00eame eu l&#8217;occasion de me rendre dans une Yougoslavie en cours d&#8217;\u00e9clatement et partiellement en guerre durant l&#8217;\u00e9t\u00e9 1993, \u00e0 l&#8217;occasion d&#8217;un s\u00e9jour de vacances en Croatie qui avait fait s\u00e9cession, comme la Slov\u00e9nie, deux ans plus t\u00f4t, j&#8217;ai \u00e9t\u00e9 particuli\u00e8rement sensible \u00e0 ce r\u00e9cit de Slobodan Despot. <\/em><\/p>\n<p style=\"text-align: justify;\"><em>En effet, ce qu&#8217;il restait du &#8220;paradis socialiste&#8221; yougoslave n&#8217;avait rien de bien effrayant : la moyenne bourgeoisie vivait bien &#8211; gr\u00e2ce souvent aux entreprises allemandes ou autrichiennes &#8211; dans des quartiers r\u00e9sidentiels de Zagreb o\u00f9 la nationalisation des villas ne se traduisait que par quelques voisinages forc\u00e9s et un entretien d\u00e9faillant des murs de cl\u00f4ture, la sp\u00e9culation fonci\u00e8re n&#8217;avait pas autant mang\u00e9 les espaces verts que dans d&#8217;autres villes occidentales comparables, et si les bons h\u00f4tels pour touristes offraient un confort plut\u00f4t spartiate par rapport aux standards fran\u00e7ais de l&#8217;\u00e9poque, cela finissait par leur donner un certain charme exotique mettant en relief la splendeur architecturale des petites villes de la c\u00f4te adriatique enrichies par la R\u00e9publique de Venise.<\/em><\/p>\n<p style=\"text-align: justify;\"><em>Nettement plus inqui\u00e9tants \u00e9taient bien s\u00fbr les barrages militaires que devaient traverser les cars \u00e0 touristes, les maisons br\u00fbl\u00e9es que l&#8217;on pouvait voir parfois le long de la route et les rues d\u00e9sertes, en plein midi et pour cause de couvre-feu, d&#8217;une ville aussi touristique que Zadar, que notre bateau nous permettait de contempler en longeant la c\u00f4te entre Rijeka et l&#8217;\u00eele de Hvar. La Promenade des Anglais d\u00e9serte en milieu de journ\u00e9e en plein \u00e9t\u00e9, \u00e7a vous parle ?<\/em>]<\/p>\n<hr \/>\n<h2 style=\"text-align: justify;\">Ce que j\u2019ai cru comprendre du temps o\u00f9 nous sommes<\/h2>\n<h3 style=\"text-align: justify;\">Bref retour aux origines<\/h3>\n<p style=\"text-align: justify;\">Je suis n\u00e9 dans un pays sans libert\u00e9. L\u2019\u00e9conomie y \u00e9tait contr\u00f4l\u00e9e par l\u2019\u00c9tat, \u00e0 l\u2019exception des toutes petites entreprises. L\u2019\u00e9ducation y \u00e9tait affaire d\u2019\u00c9tat, sans exception. L\u2019information y \u00e9tait affaire d\u2019\u00c9tat. Tout, en somme, y \u00e9tait affaire d\u2019\u00c9tat, et l\u2019\u00c9tat \u00e9tait socialiste. Il \u0153uvrait <em>en th\u00e9orie<\/em> au bonheur futur de tous et <em>en pratique<\/em> \u00e0 la satisfaction imm\u00e9diate de quelques-uns. Les autres devaient se taire et faire semblant de ne pas voir ce qui crevait les yeux : qu\u2019ils subissaient au nom de l\u2019\u00e9galit\u00e9 et du progr\u00e8s un syst\u00e8me de castes dramatiquement scl\u00e9ros\u00e9.<\/p>\n<p style=\"text-align: justify;\">Cela dit, ne tombons pas dans le pathos. Ce n\u2019\u00e9tait pas si grave que \u00e7a. On \u00e9tait dans la Yougoslavie de Tito. Comme me l\u2019a r\u00e9sum\u00e9 une amie roumaine: \u00abPour nous, sous Ceausescu, la Yougoslavie, c\u2019\u00e9tait l\u2019Am\u00e9rique !\u00bb Le dictateur socialiste \u00e9tait habile et jouisseur. Pourquoi se priver? On construisait l\u2019avenir radieux avec le sale pognon du capitalisme. On se faisait photographier en costume blanc, cigare au bec, une Sophia Loren pendue au bras. Les vedettes de la jet-set croisaient \u00e0 bord du <em>Galeb<\/em>, le yacht du nabab rouge, \u00e0 quelques encablures de Goli Otok, l\u2019\u00abIle nue\u00bb de l\u2019Adriatique o\u00f9 ce bon vivant avait organis\u00e9 l\u2019enfer sur terre pour ses opposants qui s\u2019y surveillaient et s\u2019y torturaient entre eux, presque sans l\u2019aide de personne. Admirable \u00e9conomie de moyens!<\/p>\n<p style=\"text-align: justify;\">Mais m\u00eame cela n\u2019\u00e9tait pas grave. La part de r\u00e9pression brute \u00e9tait n\u00e9gligeable. Tout le monde profitait un peu de la poussi\u00e8re d\u2019\u00e9toiles sem\u00e9e dans le sillage du beau bateau blanc. Il suffisait de conna\u00eetre la ligne rouge \u2014 ne jamais parler politique \u2014, et l\u2019absence de libert\u00e9 se trouvait compens\u00e9e par un agr\u00e9able \u00e9ventail de libert\u00e9s.<\/p>\n<p><!--more--><\/p>\n<p style=\"text-align: justify;\">Or, c\u2019est cela qui compte. Si <em>la libert\u00e9<\/em> est un sujet pour les philosophes, <em>les libert\u00e9s<\/em> sont l\u2019affaire de M. Tout-le-monde. En m\u00eame temps qu\u2019il s\u2019endettait pour des si\u00e8cles aupr\u00e8s des Am\u00e9ricains, le dictateur avait ouvert les fronti\u00e8res, s\u2019assurant ainsi un flux de cash venu du travail des <em>gastarbeiter<\/em>, cette premi\u00e8re vague d\u2019immigr\u00e9s <em>yougos<\/em> qui convertissaient leur sueur d\u00e9pens\u00e9e sur les chantiers d\u2019Allemagne en maisons pr\u00e9tentieuses et bagnoles <em>kitsch<\/em> du c\u00f4t\u00e9 de Belgrade et de Sarajevo.<\/p>\n<p style=\"text-align: justify;\">Cette alliance d\u00e9jant\u00e9e entre l\u2019utopie et le <em>carpe diem<\/em> a fa\u00e7onn\u00e9 une \u00e9poque folle, indescriptible et passionnante \u00e0 vivre. Le cin\u00e9ma yougoslave se permettait des audaces qui le rendent aujourd\u2019hui improjetable sur une cha\u00eene de grand public. Le rock s\u2019\u00e9tait d\u00e9velopp\u00e9 en une contreculture de masse \u00e0 l\u2019\u00e9poque o\u00f9 les Polonais et les Russes \u00e9coutaient Brassens sous leur couette. Le succ\u00e8s mondial d\u2019un Goran Bregovi\u0107 ne repose que sur le resu\u00e7age, \u00e0 la sauce <em>world-music<\/em>, de son propre patrimoine rock and roll des ann\u00e9es 1970. Et ne parlons pas du paysage hallucin\u00e9 des films d\u2019Emir Kusturica, dont les plans les plus surr\u00e9alistes, les plus sardoniques, ne sont que des tranches de vie puis\u00e9es dans ce <em>happening<\/em> permanent qu\u2019\u00e9tait la Yougoslavie des derni\u00e8res ann\u00e9es. Comme l\u2019a observ\u00e9 quelque part un connaisseur, Patrick Besson, les jeunes Yougoslaves \u00e9taient trop occup\u00e9s \u00e0 faire l\u2019amour pour penser \u00e0 l\u2019avenir du pays.<\/p>\n<p style=\"text-align: justify;\">De toute fa\u00e7on, on y pensait pour eux. Au-dessus des stades bond\u00e9s, des concerts en plein air, des plages interminables de l\u2019Adriatique o\u00f9 l\u2019on copulait \u00e0 toute heure, veillaient des hommes mornes en manteaux noirs dont le seul souci \u00e9tait que personne ne l\u00e8ve la t\u00eate ni n\u2019ouvre les yeux. L\u2019\u00e9conomie stagnait ou s\u2019effondrait par pans entiers. D\u2019Argentine ou d\u2019Allemagne, les oustachis croates injectaient dans le pays des terroristes fanatis\u00e9s tandis que leur branche \u00absortable\u00bb rest\u00e9e au pays pr\u00e9parait l\u2019insurrection nationaliste en commen\u00e7ant par ergoter sur l\u2019appellation de la langue serbo-croate. Au Kosovo, le programme de conqu\u00eate des Albanais s\u2019\u00e9talait au grand jour dans des manifestations violentes. Mais dans une soci\u00e9t\u00e9 gouvern\u00e9e par le plaisir et le r\u00eave, rien n\u2019appara\u00eet plus irr\u00e9el que la blessante rugosit\u00e9 des faits.<\/p>\n<p style=\"text-align: justify;\">L\u2019illusion dura jusqu\u2019\u00e0 la mort de Tito dont on diff\u00e9ra l\u2019aveu de plusieurs mois, tout le syst\u00e8me \u00e9tant fond\u00e9 sur son immortalit\u00e9. Il y eut quelques ann\u00e9es de flottement. Puis, du jour au lendemain, les grandes claques dans le dos qu\u2019on s\u2019administrait d\u2019une communaut\u00e9 \u00e0 l\u2019autre devinrent des coups de poignard ou de kalachnikov. Les mass media qui jusqu\u2019alors n\u2019avaient servi qu\u2019\u00e0 bercer les foules se transform\u00e8rent en dresseurs de chiens de combat. Les doux anesth\u00e9sistes d\u2019hier \u2014 les m\u00eames journalistes et bateleurs! \u2014 se mirent \u00e0 haranguer les meutes enrag\u00e9es et \u00e0 leur pointer les prochaines cibles.<\/p>\n<h3 style=\"text-align: justify;\">Les paradis brouill\u00e9s<\/h3>\n<p style=\"text-align: justify;\">On l\u2019aura devin\u00e9, je ne d\u00e9terre ce pass\u00e9 que pour parler du pr\u00e9sent. Je ne fais que combattre l\u2019amn\u00e9sie. L\u2019oubli instantan\u00e9, le ravalement de la m\u00e9moire aux capacit\u00e9s de stockage du reptilien, est un outil clef de la manipulation des masses. Ironie de l\u2019histoire : le souvenir de cette culture de l\u2019oubli est le meilleur vaccin contre les illusions du temps pr\u00e9sent.<\/p>\n<p style=\"text-align: justify;\">Quand on a v\u00e9cu l\u2019exp\u00e9rience du totalitarisme, ce ne sont pas les th\u00e9ories et les concepts qui remontent \u00e0 la conscience, mais bien plut\u00f4t des ambiances et des comportements. La bienveillance obligatoire, l\u2019<em>ir\u00e9nisme<\/em> \u2014 le \u00abpersonne-ne-nous-en-veut-et-tout-ira-bien\u00bb \u2014, et la r\u00e9ticence \u00e0 appeler le mal par son vrai nom font partie des \u00e9l\u00e9ments inamovibles de ce d\u00e9cor. D\u2019instinct, l\u2019on sait quels sont les \u00absujets qui f\u00e2chent\u00bb \u2014 voire qui tuent \u2014 et comment les \u00e9viter. La censure n\u2019a pas grand-chose \u00e0 voir l\u00e0-dedans. L\u2019autocensure est infiniment plus efficace, parce que spontan\u00e9e. Rien de tel que le principe de confort \u00e9go\u00efste contre les lanc\u00e9es de fi\u00e8vre id\u00e9aliste.<\/p>\n<p style=\"text-align: justify;\">L\u2019obligation de concilier le r\u00e9el avec le souhaitable ressemble \u00e0 la conduite d\u2019une bicyclette. Tant qu\u2019il y a de l\u2019allure, on roule sans effort. Les r\u00e9gimes id\u00e9ologiques forts n\u2019ont pas trop de mal avec cela. La chape de plomb marxiste de l\u2019URSS n\u2019a pas emp\u00each\u00e9 les savants de penser ni les artistes de cr\u00e9er. Pas autant, du moins, qu\u2019on aurait pu le croire. On adopte un certain (double) langage, on sacrifie quelques ch\u00e8vres sur l\u2019autel de la doctrine officielle et l\u2019on poursuit son travail dans son coin. Leurs <em>fatwas<\/em> officielles stipulant que la Terre est plate n\u2019emp\u00eachent pas les principaut\u00e9s obscurantistes arabes d\u2019avoir des compagnies a\u00e9riennes tout \u00e0 fait concurrentielles. La vie r\u00e9elle est faite d\u2019accommodements.<\/p>\n<p style=\"text-align: justify;\">La situation est plus complexe dans les r\u00e9gimes en perte de vitesse. Quand l\u2019allure faiblit, on finit par investir toute son \u00e9nergie dans le maintien de l\u2019\u00e9quilibre. Plus il devient \u00e9vident que le roi est nu, et plus il devient vital d\u2019emp\u00eacher ses sujets de voir ce qu\u2019ils voient. A la longue, l\u2019illusionnisme et la manipulation deviennent les occupations pr\u00e9dominantes du pouvoir.<\/p>\n<p style=\"text-align: justify;\">A force de s\u2019accommoder, les peuples vivant sous le communisme avaient d\u00e9velopp\u00e9 une r\u00e9silience particuli\u00e8re, faite d\u2019humour noir, de lucidit\u00e9 et de d\u00e9brouillardise. On avait un masque public et un discours assorti, et puis, rentr\u00e9 chez soi, l\u2019on se d\u00e9maquillait et l\u2019on se racontait des horreurs sur le r\u00e9gime. Personne n\u2019\u00e9tait dupe. Personne n\u2019aurait pari\u00e9 un sou sur la \u00abr\u00e9forme\u00bb d\u2019un tel syst\u00e8me. Le mieux qui pouvait lui arriver, c\u2019\u00e9tait l\u2019effondrement. C\u2019est du reste ce qui est arriv\u00e9, et plus t\u00f4t que pr\u00e9vu.<\/p>\n<p style=\"text-align: justify;\">Le r\u00e9gime sous lequel nous vivons en Europe de l\u2019Ouest aujourd\u2019hui ressemble beaucoup \u00e0 celui de la Yougoslavie d\u00e9clinante. Il a su m\u00e9nager, autour des centres inaccessibles du pouvoir, de vastes parcs de d\u00e9tente et de bien-\u00eatre o\u00f9 les sujets peuvent \u00e9vacuer leurs frustrations. Il les fait m\u00eame voter. Mais il est en perte de vitesse et donc il se raidit. L\u00e0-bas, l\u2019absence de libert\u00e9 th\u00e9orique \u00e9tait compens\u00e9e par la multiplication des libert\u00e9s. Ici, la Libert\u00e9 est constitutionnellement garantie, mais ce sont <em>les<\/em> libert\u00e9s qui fondent au jour le jour. A force de restreindre ses champs d\u2019application, elles rendent la Libert\u00e9 (avec L majuscule) vide de tout sens.<\/p>\n<p style=\"text-align: justify;\">Pour le reste, l\u2019analogie \u2014 \u00e0 mes yeux \u2014 est frappante, du moins jusqu\u2019\u00e0 un certain point. Au-del\u00e0, nous sommes en terre inconnue. Mais commen\u00e7ons par ce qui nous est familier.<\/p>\n<p style=\"text-align: justify;\">Le grand voyageur et magnifique \u00e9crivain Sylvain Tesson a lanc\u00e9 l\u2019autre jour sur France Inter un aphorisme qui a fait mouche : \u00abLa France est un paradis peupl\u00e9 de gens qui se croient en enfer\u00bb. Il le disait en consid\u00e9ration de sa riche exp\u00e9rience du reste du monde, et il avait raison. Du moins pour l\u2019instant pr\u00e9sent : un pays magnifique, b\u00e9ni de Dieu, o\u00f9 la nourriture, l\u2019eau et l\u2019\u00e9nergie abondent, o\u00f9 les terrasses restent pleines et les destinations de vacances surbook\u00e9es. Des probl\u00e8mes d\u2019ins\u00e9curit\u00e9? Certes. Mais ne devait-on pas se munir de pistolets sur la route de Paris \u00e0 Versailles, du temps de Chateaubriand? Des probl\u00e8mes de cohabitation avec l\u2019immigration islamique? Certes. Mais qu\u2019on les compare, par exemple, avec la situation des joviaux Indiens avec leurs 150 millions de musulmans et leur extermination mutuelle il y a deux g\u00e9n\u00e9rations. Un d\u00e9clin \u00e9conomique inexorable? Un ch\u00f4mage end\u00e9mique? Certes. Mais on a trouv\u00e9 le moyen de les \u00e9vacuer des esprits. De leur enlever toute pesanteur!<\/p>\n<h3 style=\"text-align: justify;\">Comme des rats entra\u00een\u00e9s par un joueur de fl\u00fbte<\/h3>\n<p style=\"text-align: justify;\">Comment? Comme certains m\u00e9decins pr\u00e9conisent de traiter les douleurs chroniques : par la diversion. En les masquant d\u2019une douleur aigu\u00eb. Quelqu\u2019un se rappelle-t-il de nos grands soucis d\u2019il y a huit ans? De l\u2019angoisse profonde que nous inspirait la r\u00e9cession \u00e9conomique de 2008? Vaguement. Irr\u00e9ellement. Car entretemps, nous avons eu droit \u00e0 l\u2019\u00e9lixir d\u2019oubli : l\u2019irruption concomitante et prolif\u00e9rante du terrorisme, de la vague migratoire et du mod\u00e8le de soci\u00e9t\u00e9 islamique. Entre ces trois questions, nous avons pratiquement \u00e9puis\u00e9 les sujets de pr\u00e9occupation actuels des Fran\u00e7ais et des Europ\u00e9ens de l\u2019Ouest. Le reste du menu est meubl\u00e9 par des enjeux d\u2019une haute importance morale mais d\u2019un impact existentiel quasi nul : le sort des minorit\u00e9s sexuelles ou le r\u00e9chauffement climatique contre lequel nous ne voulons (ni ne pouvons) rien entreprendre de concret.<\/p>\n<p style=\"text-align: justify;\">Ajoutez \u00e0 cela une cascade in\u00e9puisable de d\u00e9crets et de r\u00e8glements de contr\u00f4le et de surveillance motiv\u00e9s par l\u2019alignement id\u00e9ologique, justifi\u00e9s par le principe de pr\u00e9caution et rendus possibles par les avanc\u00e9es technologiques, et vous aboutissez \u00e0 une soci\u00e9t\u00e9 o\u00f9 l\u2019Homme tel que d\u00e9fini par la charte des droits du m\u00eame m\u00e9tal n\u2019est plus qu\u2019un souvenir baroque et encombrant remplac\u00e9 dans la vie r\u00e9elle par des unit\u00e9s calibr\u00e9es et interchangeables, sans asp\u00e9rit\u00e9s et sans volont\u00e9 propre l\u00e9gitime.<\/p>\n<p style=\"text-align: justify;\">Comme dans le communisme, mais sans r\u00e9pression explicite et sans la lourde rh\u00e9torique d\u2019un syst\u00e8me de pens\u00e9e, on a cr\u00e9\u00e9 une humanit\u00e9 docile et hypocrite chez qui les sourires doucereux et la bienveillance obligatoire dissimulent l\u2019annihilation des personnalit\u00e9s. L\u2019humour qui prot\u00e9geait l\u2019homo sovieticus comme un sous-v\u00eatement pare-balles n\u2019existe pas en Occident. Il n\u2019a pas eu le temps de s\u2019installer. A sa place, r\u00e8gne un d\u00e9sespoir plus amer encore que derri\u00e8re le Rideau de Fer, car on n\u2019ose m\u00eame pas souhaiter l\u2019effondrement du syst\u00e8me pr\u00e9sent et encore moins lui envisager une alternative. L\u2019ing\u00e9ni\u00e9rie sociale et la reprogrammation psychologique en milieu lib\u00e9ral-capitaliste ont atteint une profondeur de p\u00e9n\u00e9tration dans l\u2019intimit\u00e9 des individus dont les \u00abing\u00e9nieurs des \u00e2mes\u00bb marxistes pouvaient seulement r\u00eaver. La diff\u00e9rence abyssale des r\u00e9actions face \u00e0 l\u2019islam, au flux des migrants ou au terrorisme entre les \u00abbons \u00e9l\u00e8ves\u00bb de la fa\u00e7ade atlantique et les peuples de l\u2019ex-bloc sovi\u00e9tique (ceux du \u00abgroupe de Vi\u0161egrad\u00bb, par exemple) est symptomatique de cette \u00abr\u00e9ussite\u00bb. On ne voit pas quel est ce stade de n\u00e9gation de soi, individuel ou collectif, que l\u2019Europ\u00e9en occidental n\u2019acceptera pas de franchir. Le voici d\u00e9j\u00e0 \u00e0 se demander pour de bon \u2014 <em>juste parce qu\u2019on lui a ordonn\u00e9 de le faire<\/em> \u2014 s\u2019il est <em>vraiment<\/em> homme ou femme\u2026<\/p>\n<p style=\"text-align: justify;\">Ainsi donc, si vous voulez encore cultiver vos traditions familiales, vanter les richesses de votre peuple et de votre litt\u00e9rature, fumer et pisser \u00e0 l\u2019aise dans votre jardin, voire balancer tous les gros mots qui vous viennent \u00e0 l\u2019esprit sans aussit\u00f4t vous retourner pour voir qui \u00e9coute, il ne vous reste plus qu\u2019\u00e0 \u00e9migrer vers l\u2019Am\u00e9rique du Sud ou, plus s\u00fbrement encore, vers l\u2019Europe de l\u2019Est, chez les vaccin\u00e9s.<\/p>\n<p style=\"text-align: justify;\">Le Rideau de Fer a renvers\u00e9 ses barbel\u00e9s et la boucle du communisme est ainsi boucl\u00e9e. Un grand \u00e9clat de rire diabolique r\u00e9sonne de l\u2019Atlantique \u00e0 l\u2019est de Vienne\u2026<\/p>\n<p><code>\n<style type=\"text\/css\">\n<!--\n\n.prisna-gwt-align-left {\n\ttext-align: left !important;\n}\n.prisna-gwt-align-right {\n\ttext-align: right !important;\n}\n\n\n.prisna-gwt-flags-container {\n\tlist-style: none !important;\n\tmargin: 0 !important;\n\tpadding: 0 !important;\n\tborder: none !important;\n\tclear: both !important;\n}\n.prisna-gwt-flag-container {\n\tlist-style: none !important;\n\tdisplay: inline-block;\n\tmargin: 0 2px 0 0 !important;\n\tpadding: 0 !important;\n\tborder: none !important;\n}\n.prisna-gwt-flag-container a {\n\tdisplay: inline-block;\n\tmargin: 0 !important;\n\tpadding: 0 !important;\n\tborder: none !important;\n\tbackground-repeat: no-repeat !important;\n\tbackground-image: url(https:\/\/aitia.fr\/erd\/wp-content\/plugins\/google-website-translator\/images\/all.png) !important;\n\twidth: 22px !important;\n\theight: 16px !important;\n}\n.prisna-gwt-language-en a { background-position: 0px 0px !important; }\n.prisna-gwt-language-ar a { background-position: -44px -32px !important; }\n.prisna-gwt-language-eu a { background-position: -110px -32px !important; }\n.prisna-gwt-language-bg a { background-position: -198px -32px !important; }\n.prisna-gwt-language-ca a { background-position: 0px -48px !important; }\n.prisna-gwt-language-zh-CN a { background-position: -132px 0px !important; }\n.prisna-gwt-language-zh-TW a { background-position: -154px 0px !important; }\n.prisna-gwt-language-cs a { background-position: -88px -48px !important; }\n.prisna-gwt-language-da a { background-position: -110px -16px !important; }\n.prisna-gwt-language-nl a { background-position: -44px 0px !important; }\n.prisna-gwt-language-fr a { background-position: -22px 0px !important; }\n.prisna-gwt-language-de a { background-position: -88px 0px !important; }\n.prisna-gwt-language-el a { background-position: -66px 0px !important; }\n.prisna-gwt-language-ga a { background-position: -110px -64px !important; }\n.prisna-gwt-language-it a { background-position: -176px -16px !important; }\n.prisna-gwt-language-ja a { background-position: -198px -16px !important; }\n.prisna-gwt-language-km a { background-position: -154px -64px !important; }\n.prisna-gwt-language-ko a { background-position: -176px -64px !important; }\n.prisna-gwt-language-ms a { background-position: -88px -80px !important; }\n.prisna-gwt-language-no a { background-position: -88px -16px !important; }\n.prisna-gwt-language-fa a { background-position: 0px -96px !important; }\n.prisna-gwt-language-pl a { background-position: -176px 0px !important; }\n.prisna-gwt-language-pt a { background-position: -198px 0px !important; }\n.prisna-gwt-language-pa a { background-position: -22px -16px !important; }\n.prisna-gwt-language-ro a { background-position: -44px -16px !important; }\n.prisna-gwt-language-ru a { background-position: -66px -16px !important; }\n.prisna-gwt-language-sr a { background-position: -22px -96px !important; }\n.prisna-gwt-language-es a { background-position: -110px 0px !important; }\n.prisna-gwt-language-th a { background-position: 0px -16px !important; }\n.prisna-gwt-language-tr a { background-position: -154px -96px !important; }\n.prisna-gwt-language-uk a { background-position: -176px -96px !important; }\n.prisna-gwt-language-vi a { background-position: -22px -64px !important; }\n\n\n#goog-gt-tt,\n.goog-tooltip,\n.goog-tooltip:hover {\n\tdisplay: none !important;\n}\n.goog-text-highlight {\n\tbackground-color: transparent !important;\n\tborder: none !important;\n\tbox-shadow: none !important;\n}\n.translated-rtl font,\n.translated-ltr font {\n\tbackground-color: transparent !important;\n\tbox-shadow: none !important;\n\tbox-sizing: border-box !important;\n\t-webkit-box-sizing: border-box !important;\n\t-moz-box-sizing: border-box !important;\n}\n\n-->\n<\/style>\n\n\n\n<script type=\"text\/javascript\">\n\/*<![CDATA[*\/\nvar PrisnaGWT = {\n\n\t_fire_event: function(_element, _event) {\n\t\t\n\t\ttry {\n\t\t\tif (document.createEvent) {\n\t\t\t\tvar ev = document.createEvent(\"HTMLEvents\");\n\t\t\t\tev.initEvent(_event, true, true);\n\t\t\t\t_element.dispatchEvent(ev);\n\t\t\t} \n\t\t\telse {\n\t\t\t\tvar ev = document.createEventObject();\n\t\t\t\t_element.fireEvent(\"on\" + _event, ev);\n\t\t\t}\n\t\t} \n\t\tcatch (e) {\n\t\t\tconsole.log(\"Prisna GWT: Browser not supported!\");\n\t\t}\n\t\t\n\t},\n\n\t_restore: function() {\n\n\t\tvar b, d = false;\n\t\tvar c =  document.getElementById(\"\\:1\\.container\");\n\t\tif (c)\n\t\t\td = c.contentWindow.document.getElementById(\"\\:1\\.restore\");\n\t\t\n\t\tif (d)\n\t\t\tthis._fire_event(d, \"click\");\n\n\t},\n\t\n\ttranslate: function(_language) {\n\t\n\t\tvar element;\n\t\tvar combos = document.getElementsByTagName(\"select\"); \/\/ IE8 doesn't support getElementsByClassName\n\t\t\n\t\tfor (var i=0; i<combos.length; i++)\n\t\t\tif (combos[i].className == \"goog-te-combo\")\n\t\t\t\telement = combos[i];\n\t\t\n\t\tif (!element)\n\t\t\treturn;\n\t\t\n\t\tif (_language == \"fr\")\n\t\t\tthis._restore();\n\t\telse {\n\t\t\telement.value = _language;\n\t\t\tthis._fire_event(element, \"change\");\n\t\t}\n\n\t}\n\t\n};\n\/*]]>*\/\n<\/script>\n<ul class=\"prisna-gwt-flags-container prisna-gwt-align-right notranslate\">\n\t<li class=\"prisna-gwt-flag-container prisna-gwt-language-ar\">\n\t<a href=\"javascript:;\" onclick=\"PrisnaGWT.translate('ar'); return false;\" title=\"Arabic\"><\/a>\n<\/li><li class=\"prisna-gwt-flag-container prisna-gwt-language-zh-CN\">\n\t<a href=\"javascript:;\" onclick=\"PrisnaGWT.translate('zh-CN'); return false;\" title=\"Chinese Simplified\"><\/a>\n<\/li><li class=\"prisna-gwt-flag-container prisna-gwt-language-zh-TW\">\n\t<a href=\"javascript:;\" onclick=\"PrisnaGWT.translate('zh-TW'); return false;\" title=\"Chinese Traditional\"><\/a>\n<\/li><li class=\"prisna-gwt-flag-container prisna-gwt-language-nl\">\n\t<a href=\"javascript:;\" onclick=\"PrisnaGWT.translate('nl'); return false;\" title=\"Dutch\"><\/a>\n<\/li><li class=\"prisna-gwt-flag-container prisna-gwt-language-en\">\n\t<a href=\"javascript:;\" onclick=\"PrisnaGWT.translate('en'); return false;\" title=\"English\"><\/a>\n<\/li><li class=\"prisna-gwt-flag-container prisna-gwt-language-fr\">\n\t<a href=\"javascript:;\" onclick=\"PrisnaGWT.translate('fr'); return false;\" title=\"French\"><\/a>\n<\/li><li class=\"prisna-gwt-flag-container prisna-gwt-language-de\">\n\t<a href=\"javascript:;\" onclick=\"PrisnaGWT.translate('de'); return false;\" title=\"German\"><\/a>\n<\/li><li class=\"prisna-gwt-flag-container prisna-gwt-language-el\">\n\t<a href=\"javascript:;\" onclick=\"PrisnaGWT.translate('el'); return false;\" title=\"Greek\"><\/a>\n<\/li><li class=\"prisna-gwt-flag-container prisna-gwt-language-it\">\n\t<a href=\"javascript:;\" onclick=\"PrisnaGWT.translate('it'); return false;\" title=\"Italian\"><\/a>\n<\/li><li class=\"prisna-gwt-flag-container prisna-gwt-language-ja\">\n\t<a href=\"javascript:;\" onclick=\"PrisnaGWT.translate('ja'); return false;\" title=\"Japanese\"><\/a>\n<\/li><li class=\"prisna-gwt-flag-container prisna-gwt-language-ms\">\n\t<a href=\"javascript:;\" onclick=\"PrisnaGWT.translate('ms'); return false;\" title=\"Malay\"><\/a>\n<\/li><li class=\"prisna-gwt-flag-container prisna-gwt-language-fa\">\n\t<a href=\"javascript:;\" onclick=\"PrisnaGWT.translate('fa'); return false;\" title=\"Persian\"><\/a>\n<\/li><li class=\"prisna-gwt-flag-container prisna-gwt-language-pt\">\n\t<a href=\"javascript:;\" onclick=\"PrisnaGWT.translate('pt'); return false;\" title=\"Portuguese\"><\/a>\n<\/li><li class=\"prisna-gwt-flag-container prisna-gwt-language-ro\">\n\t<a href=\"javascript:;\" onclick=\"PrisnaGWT.translate('ro'); return false;\" title=\"Romanian\"><\/a>\n<\/li><li class=\"prisna-gwt-flag-container prisna-gwt-language-ru\">\n\t<a href=\"javascript:;\" onclick=\"PrisnaGWT.translate('ru'); return false;\" title=\"Russian\"><\/a>\n<\/li><li class=\"prisna-gwt-flag-container prisna-gwt-language-es\">\n\t<a href=\"javascript:;\" onclick=\"PrisnaGWT.translate('es'); return false;\" title=\"Spanish\"><\/a>\n<\/li><li class=\"prisna-gwt-flag-container prisna-gwt-language-uk\">\n\t<a href=\"javascript:;\" onclick=\"PrisnaGWT.translate('uk'); return false;\" title=\"Ukrainian\"><\/a>\n<\/li><li class=\"prisna-gwt-flag-container prisna-gwt-language-vi\">\n\t<a href=\"javascript:;\" onclick=\"PrisnaGWT.translate('vi'); return false;\" title=\"Vietnamese\"><\/a>\n<\/li><li class=\"prisna-gwt-flag-container prisna-gwt-language-cs\">\n\t<a href=\"javascript:;\" onclick=\"PrisnaGWT.translate('cs'); return false;\" title=\"Czech\"><\/a>\n<\/li><li class=\"prisna-gwt-flag-container prisna-gwt-language-eu\">\n\t<a href=\"javascript:;\" onclick=\"PrisnaGWT.translate('eu'); return false;\" title=\"Basque\"><\/a>\n<\/li><li class=\"prisna-gwt-flag-container prisna-gwt-language-bg\">\n\t<a href=\"javascript:;\" onclick=\"PrisnaGWT.translate('bg'); return false;\" title=\"Bulgarian\"><\/a>\n<\/li><li class=\"prisna-gwt-flag-container prisna-gwt-language-ca\">\n\t<a href=\"javascript:;\" onclick=\"PrisnaGWT.translate('ca'); return false;\" title=\"Catalan\"><\/a>\n<\/li><li class=\"prisna-gwt-flag-container prisna-gwt-language-da\">\n\t<a href=\"javascript:;\" onclick=\"PrisnaGWT.translate('da'); return false;\" title=\"Danish\"><\/a>\n<\/li><li class=\"prisna-gwt-flag-container prisna-gwt-language-ga\">\n\t<a href=\"javascript:;\" onclick=\"PrisnaGWT.translate('ga'); return false;\" title=\"Irish\"><\/a>\n<\/li><li class=\"prisna-gwt-flag-container prisna-gwt-language-ko\">\n\t<a href=\"javascript:;\" onclick=\"PrisnaGWT.translate('ko'); return false;\" title=\"Korean\"><\/a>\n<\/li><li class=\"prisna-gwt-flag-container prisna-gwt-language-km\">\n\t<a href=\"javascript:;\" onclick=\"PrisnaGWT.translate('km'); return false;\" title=\"Khmer\"><\/a>\n<\/li><li class=\"prisna-gwt-flag-container prisna-gwt-language-no\">\n\t<a href=\"javascript:;\" onclick=\"PrisnaGWT.translate('no'); return false;\" title=\"Norwegian\"><\/a>\n<\/li><li class=\"prisna-gwt-flag-container prisna-gwt-language-pl\">\n\t<a href=\"javascript:;\" onclick=\"PrisnaGWT.translate('pl'); return false;\" title=\"Polish\"><\/a>\n<\/li><li class=\"prisna-gwt-flag-container prisna-gwt-language-pa\">\n\t<a href=\"javascript:;\" onclick=\"PrisnaGWT.translate('pa'); return false;\" title=\"Punjabi\"><\/a>\n<\/li><li class=\"prisna-gwt-flag-container prisna-gwt-language-sr\">\n\t<a href=\"javascript:;\" onclick=\"PrisnaGWT.translate('sr'); return false;\" title=\"Serbian\"><\/a>\n<\/li><li class=\"prisna-gwt-flag-container prisna-gwt-language-th\">\n\t<a href=\"javascript:;\" onclick=\"PrisnaGWT.translate('th'); return false;\" title=\"Thai\"><\/a>\n<\/li><li class=\"prisna-gwt-flag-container prisna-gwt-language-tr\">\n\t<a href=\"javascript:;\" onclick=\"PrisnaGWT.translate('tr'); return false;\" title=\"Turkish\"><\/a>\n<\/li>\n<\/ul>\n\n<div id=\"google_translate_element\" class=\"prisna-gwt-align-right\"><\/div>\n<script type=\"text\/javascript\">\n\/*<![CDATA[*\/\nfunction initializeGoogleTranslateElement() {\n\tnew google.translate.TranslateElement({\n\t\tpageLanguage: \"fr\",\n\t\tautoDisplay: false,\n\t\tincludedLanguages: \"ar,eu,bg,ca,zh-CN,zh-TW,cs,da,nl,en,fr,de,el,ga,it,ja,km,ko,ms,no,fa,pl,pt,pa,ro,ru,sr,es,th,tr,uk,vi\"\n\t}, \"google_translate_element\");\n}\n\/*]]>*\/\n<\/script>\n<script type=\"text\/javascript\" src=\"\/\/translate.google.com\/translate_a\/element.js?cb=initializeGoogleTranslateElement\"><\/script><\/code><\/p>\n<p>&nbsp;<\/p>\n","protected":false},"excerpt":{"rendered":"<p>[Note de l&#8217;administrateur de ce blog : ayant moi-m\u00eame eu l&#8217;occasion de me rendre dans une Yougoslavie en cours d&#8217;\u00e9clatement et partiellement en guerre durant l&#8217;\u00e9t\u00e9 1993, \u00e0 l&#8217;occasion d&#8217;un s\u00e9jour de vacances en Croatie qui avait fait s\u00e9cession, comme la Slov\u00e9nie, deux ans plus t\u00f4t, j&#8217;ai \u00e9t\u00e9 particuli\u00e8rement sensible \u00e0 ce r\u00e9cit de Slobodan [&hellip;]<\/p>\n","protected":false},"author":1,"featured_media":0,"comment_status":"open","ping_status":"open","sticky":false,"template":"","format":"standard","meta":[],"categories":[134,3],"tags":[390,678,677,676,391,675],"_links":{"self":[{"href":"https:\/\/aitia.fr\/erd\/wp-json\/wp\/v2\/posts\/9174"}],"collection":[{"href":"https:\/\/aitia.fr\/erd\/wp-json\/wp\/v2\/posts"}],"about":[{"href":"https:\/\/aitia.fr\/erd\/wp-json\/wp\/v2\/types\/post"}],"author":[{"embeddable":true,"href":"https:\/\/aitia.fr\/erd\/wp-json\/wp\/v2\/users\/1"}],"replies":[{"embeddable":true,"href":"https:\/\/aitia.fr\/erd\/wp-json\/wp\/v2\/comments?post=9174"}],"version-history":[{"count":10,"href":"https:\/\/aitia.fr\/erd\/wp-json\/wp\/v2\/posts\/9174\/revisions"}],"predecessor-version":[{"id":9185,"href":"https:\/\/aitia.fr\/erd\/wp-json\/wp\/v2\/posts\/9174\/revisions\/9185"}],"wp:attachment":[{"href":"https:\/\/aitia.fr\/erd\/wp-json\/wp\/v2\/media?parent=9174"}],"wp:term":[{"taxonomy":"category","embeddable":true,"href":"https:\/\/aitia.fr\/erd\/wp-json\/wp\/v2\/categories?post=9174"},{"taxonomy":"post_tag","embeddable":true,"href":"https:\/\/aitia.fr\/erd\/wp-json\/wp\/v2\/tags?post=9174"}],"curies":[{"name":"wp","href":"https:\/\/api.w.org\/{rel}","templated":true}]}}