{"id":9080,"date":"2017-05-19T08:52:34","date_gmt":"2017-05-19T06:52:34","guid":{"rendered":"https:\/\/aitia.fr\/erd\/?p=9080"},"modified":"2017-05-19T08:52:34","modified_gmt":"2017-05-19T06:52:34","slug":"pierre-gilles-de-gennes-le-newton-du-xxe-siecle-france-inter","status":"publish","type":"post","link":"https:\/\/aitia.fr\/erd\/pierre-gilles-de-gennes-le-newton-du-xxe-siecle-france-inter\/","title":{"rendered":"Pierre-Gilles de Gennes &#8211; \u00ab le Newton du XXe si\u00e8cle \u00bb (France Inter)"},"content":{"rendered":"<div id=\"attachment_9084\" style=\"width: 410px\" class=\"wp-caption alignleft\"><img aria-describedby=\"caption-attachment-9084\" decoding=\"async\" loading=\"lazy\" class=\"wp-image-9084\" src=\"https:\/\/aitia.fr\/erd\/wp-content\/uploads\/2017\/05\/de_Gennes.jpg\" alt=\"Pierre-Gille de Gennes\" width=\"400\" height=\"261\" srcset=\"https:\/\/aitia.fr\/erd\/wp-content\/uploads\/2017\/05\/de_Gennes.jpg 640w, https:\/\/aitia.fr\/erd\/wp-content\/uploads\/2017\/05\/de_Gennes-300x195.jpg 300w, https:\/\/aitia.fr\/erd\/wp-content\/uploads\/2017\/05\/de_Gennes-600x391.jpg 600w\" sizes=\"(max-width: 400px) 100vw, 400px\" \/><p id=\"caption-attachment-9084\" class=\"wp-caption-text\">Le Professeur Pierre-Gilles de Gennes pose avec son \u00e9quipe dans son laboratoire de l&#8217;Institut Pierre et Marie Curie \u00e0 Paris, quelques heures apr\u00e8s s&#8217;\u00eatre vu attribuer le prix Nobel de Physique, le 16 octobre 1991. \u00a9 AFP \/ JOEL ROBINE<\/p><\/div>\n<p style=\"text-align: justify;\">[<em>Note de l&#8217;administrateur de ce blog : j&#8217;ai moi-m\u00eame \u00e9t\u00e9 plong\u00e9, lorsque j&#8217;\u00e9tais \u00e9tudiant, dans les id\u00e9es de ce grand homme de science dont je lisais <\/em><a href=\"https:\/\/www.cornellpress.cornell.edu\/book\/?GCOI=80140100785990\" target=\"_blank\" rel=\"noopener noreferrer\">Scaling Concepts in Polymer Physics<\/a><em> pour les besoins de mon doctorat, tandis que lui devait se coltiner mes rapports trimestriels d&#8217;avancement de th\u00e8se, laquelle \u00e9tait financ\u00e9e par Rh\u00f4ne-Poulenc. <\/em><\/p>\n<p style=\"text-align: justify;\"><em>Je ne pouvais donc manquer de signaler cet \u00e9pisode de <\/em>La t\u00eate au carr\u00e9<em>, o\u00f9 certes on affuble Pierre-Gilles de Gennes d&#8217;un surnom qu&#8217;il n&#8217;appr\u00e9ciait gu\u00e8re, mais o\u00f9 on laisse n\u00e9anmoins des personnes l&#8217;ayant c\u00f4toy\u00e9 parler de sa vision profonde de la science. Et notamment de sa conviction, appliqu\u00e9e avec succ\u00e8s tout au long de sa tr\u00e8s f\u00e9conde carri\u00e8re, qu&#8217;il est n\u00e9cessaire de <strong>simplifier drastiquement les probl\u00e8mes complexes<\/strong> pour faire avancer leur solution. Il n&#8217;\u00e9tait certes pas le premier &#8211; le physicien italien Enrico Fermi \u00e9tait \u00e9galement c\u00e9l\u00e8bre pour ses <a href=\"https:\/\/fr.wikipedia.org\/wiki\/Estimation_de_Fermi\" target=\"_blank\" rel=\"noopener noreferrer\">estimations<\/a> rapides et brutales &#8211; mais il sut manier avec brio le concept de <a href=\"https:\/\/blog.idphys.fr\/2011\/un-exemple-de-loi-dechelle-la-taille-des-cloches\/\" target=\"_blank\" rel=\"noopener noreferrer\">loi d&#8217;\u00e9chelle<\/a> partout o\u00f9 il permettait &#8220;d&#8217;oublier&#8221; les d\u00e9tails sordides emp\u00eachant la r\u00e9solution d&#8217;un probl\u00e8me.<\/em><\/p>\n<p style=\"text-align: justify;\"><em>Le lecteur audio de France Inter semblant refuser de se faire int\u00e9grer correctement sous WordPress, je vous convie \u00e0 \u00e9couter l&#8217;\u00e9mission directement sur le site de la radio.<\/em>]<\/p>\n<hr \/>\n<p style=\"text-align: justify;\">Si nous connaissons <strong>Pierre-Gilles de Gennes<\/strong> depuis <strong>le prix Nobel de physique qui lui fut d\u00e9cern\u00e9 \u00e0 l&#8217;automne 1991,<\/strong> c&#8217;est d&#8217;abord parce que ce chercheur hors normes a eu \u00e0 c\u0153ur d&#8217;expliquer sa d\u00e9marche et l&#8217;objet de ses travaux, visitant \u00e9coles, coll\u00e8ges et lyc\u00e9es et se pr\u00eatant volontiers au jeu des m\u00e9dias.<\/p>\n<h2 style=\"text-align: justify;\">Qui est v\u00e9ritablement \u00ab le Newton du XXe si\u00e8cle \u00bb ?<\/h2>\n<p style=\"text-align: justify;\">Une expression qu&#8217;il r\u00e9cusait mais qui n&#8217;a rien d&#8217;absurde si l&#8217;on songe \u00e0 l&#8217;impressionnante \u00e9tendue des domaines qu&#8217;il a abord\u00e9s ? Comment s&#8217;est b\u00e2ti son g\u00e9nie ? <strong>D&#8217;o\u00f9 vient l&#8217;\u00e9l\u00e9gance des th\u00e9ories qu&#8217;il a \u00e9labor\u00e9es et son go\u00fbt pour l&#8217;\u00e9clectisme scientifique,<\/strong> qui l&#8217;a conduit de la supraconductivit\u00e9 aux neurosciences en passant par les cristaux liquides ou la physique du sable ?<\/p>\n<h2 style=\"text-align: justify;\">Derri\u00e8re le scientifique, un homme curieux<\/h2>\n<p style=\"text-align: justify;\">L\u2019homme lui-m\u00eame n\u2019\u00e9tait pas moins extraordinaire. Humour, sensibilit\u00e9, opinions h\u00e9t\u00e9rodoxes, insatiable curiosit\u00e9 : il y eut <strong>un \u00ab style \u00bb de Gennes,<\/strong> un homme qui tenta toujours de cr\u00e9er des ponts entre laboratoire et industrie, comme entre science et grand public : <strong>Pierre-Gilles de Gennes<\/strong> avait le don de transmettre avec clart\u00e9 des notions tr\u00e8s complexes, et la volont\u00e9 de r\u00e9nover l\u2019enseignement des sciences.<\/p>\n<p style=\"text-align: justify;\"><a href=\"https:\/\/www.franceinter.fr\/emissions\/la-tete-au-carre\/la-tete-au-carre-18-mai-2017\" target=\"_blank\" rel=\"noopener noreferrer\">Continuer la lecture (et l&#8217;\u00e9coute) sur le site de France Inter \u27f6<\/a><\/p>\n<p>&nbsp;<\/p>\n","protected":false},"excerpt":{"rendered":"<p>[Note de l&#8217;administrateur de ce blog : j&#8217;ai moi-m\u00eame \u00e9t\u00e9 plong\u00e9, lorsque j&#8217;\u00e9tais \u00e9tudiant, dans les id\u00e9es de ce grand homme de science dont je lisais Scaling Concepts in Polymer Physics pour les besoins de mon doctorat, tandis que lui devait se coltiner mes rapports trimestriels d&#8217;avancement de th\u00e8se, laquelle \u00e9tait financ\u00e9e par Rh\u00f4ne-Poulenc. Je [&hellip;]<\/p>\n","protected":false},"author":1,"featured_media":0,"comment_status":"open","ping_status":"open","sticky":false,"template":"","format":"standard","meta":[],"categories":[1],"tags":[665,664,663,661,662,33,659,660],"_links":{"self":[{"href":"https:\/\/aitia.fr\/erd\/wp-json\/wp\/v2\/posts\/9080"}],"collection":[{"href":"https:\/\/aitia.fr\/erd\/wp-json\/wp\/v2\/posts"}],"about":[{"href":"https:\/\/aitia.fr\/erd\/wp-json\/wp\/v2\/types\/post"}],"author":[{"embeddable":true,"href":"https:\/\/aitia.fr\/erd\/wp-json\/wp\/v2\/users\/1"}],"replies":[{"embeddable":true,"href":"https:\/\/aitia.fr\/erd\/wp-json\/wp\/v2\/comments?post=9080"}],"version-history":[{"count":17,"href":"https:\/\/aitia.fr\/erd\/wp-json\/wp\/v2\/posts\/9080\/revisions"}],"predecessor-version":[{"id":9099,"href":"https:\/\/aitia.fr\/erd\/wp-json\/wp\/v2\/posts\/9080\/revisions\/9099"}],"wp:attachment":[{"href":"https:\/\/aitia.fr\/erd\/wp-json\/wp\/v2\/media?parent=9080"}],"wp:term":[{"taxonomy":"category","embeddable":true,"href":"https:\/\/aitia.fr\/erd\/wp-json\/wp\/v2\/categories?post=9080"},{"taxonomy":"post_tag","embeddable":true,"href":"https:\/\/aitia.fr\/erd\/wp-json\/wp\/v2\/tags?post=9080"}],"curies":[{"name":"wp","href":"https:\/\/api.w.org\/{rel}","templated":true}]}}