{"id":9060,"date":"2017-05-10T12:30:27","date_gmt":"2017-05-10T10:30:27","guid":{"rendered":"https:\/\/aitia.fr\/erd\/?p=9060"},"modified":"2017-05-10T12:44:33","modified_gmt":"2017-05-10T10:44:33","slug":"pas-ca-jean-claude-paye-reseau-voltaire","status":"publish","type":"post","link":"https:\/\/aitia.fr\/erd\/pas-ca-jean-claude-paye-reseau-voltaire\/","title":{"rendered":"\u00ab Pas \u00e7a ! \u00bb (Jean-Claude Paye &#8211; r\u00e9seau Voltaire)"},"content":{"rendered":"<p style=\"text-align: justify;\"><a href=\"https:\/\/en.wikipedia.org\/wiki\/Nineteen_Eighty-Four#Ingsoc_.28English_Socialism.29\" target=\"_blank\" rel=\"noopener noreferrer\"><img decoding=\"async\" loading=\"lazy\" class=\"alignleft wp-image-9064\" src=\"https:\/\/aitia.fr\/erd\/wp-content\/uploads\/2017\/05\/warr-is-peace-r.jpg\" alt=\"\" width=\"300\" height=\"400\" srcset=\"https:\/\/aitia.fr\/erd\/wp-content\/uploads\/2017\/05\/warr-is-peace-r.jpg 375w, https:\/\/aitia.fr\/erd\/wp-content\/uploads\/2017\/05\/warr-is-peace-r-225x300.jpg 225w\" sizes=\"(max-width: 300px) 100vw, 300px\" \/><\/a>[<em>Note de l&#8217;administrateur de ce blog : alors que le spectre &#8220;antir\u00e9publicain&#8221; du &#8220;fascisme&#8221; tente de masquer sa d\u00e9faite en <a href=\"https:\/\/twitter.com\/Alexsulzer\/status\/861314757118308356\/video\/1\" target=\"_blank\" rel=\"noopener noreferrer\">dansant sur du Jean-Jacques Goldman<\/a>, faisant r\u00e9trospectivement soupirer de soulagement les deux tiers des Fran\u00e7ais ayant vaillamment fait barrage \u00e0 la haine et aux zheureslesplussombresdelhistoire, le fascisme 2.0 rode tranquillement ses m\u00e9thodes afin de mettre en place la dictature &#8220;soft&#8221;. <\/em><\/p>\n<p style=\"text-align: justify;\"><em>Pas au sens de &#8220;douce&#8221;, mais au sens de &#8220;software&#8221; : la <strong>dictature logicielle<\/strong>, celle qui a compris qu&#8217;il est plus efficace et moins co\u00fbteux de s&#8217;attaquer directement \u00e0 ce qui commande vos actes et mouvements (la masse g\u00e9latineuse situ\u00e9e entre vos deux oreilles) plut\u00f4t que de contr\u00f4ler vos actes et mouvements eux-m\u00eames. Pr\u00e9voyez de faire fr\u00e9quemment des mises \u00e0 jour d&#8217;<a href=\"https:\/\/aitia.fr\/erd\/les-mots-creux-du-nouveau-maccarthysme\/\" target=\"_blank\" rel=\"noopener noreferrer\">antivirus<\/a> si vous voulez lui \u00e9chapper. Et merci \u00e0 celui qui m&#8217;a signal\u00e9 cet article<\/em>.]<\/p>\n<hr \/>\n<p style=\"text-align: justify;\">La campagne \u00e9lectorale pr\u00e9sidentielle fran\u00e7aise s\u2019est transform\u00e9e en un exercice de propagande. Les \u00e9lecteurs sont bombard\u00e9s de messages abscons qu\u2019ils n\u2019ont pas le temps d\u2019analyser, mais qui les impr\u00e8gnent.<\/p>\n<p style=\"text-align: justify;\">\u00c0 titre d\u2019exemple, lors de son meeting d\u2019Amiens, Emmanuel Macron a accus\u00e9 Marine Le Pen de s\u2019\u00eatre r\u00e9fugi\u00e9e aupr\u00e8s des Prussiens lors du si\u00e8ge de Paris\u2026 en 1870, puis d\u2019avoir partag\u00e9 l\u2019id\u00e9ologie destructrice de l\u2019Allemagne\u2026 en 1914. Sur ce, il s\u2019est exclam\u00e9 avec exaltation\u00a0: \u00ab\u00a0Pas \u00e7a\u00a0!, Pas \u00e7a\u00a0!, Pas \u00e7a\u00a0!\u00a0\u00bb.<\/p>\n<p style=\"text-align: justify;\">Bien s\u00fbr, vous n\u2019avez pas \u00e9cout\u00e9 ce message, mais vous l\u2019avez entendu\u00a0: Marine Le Pen ne serait pas l\u2019incarnation de la Nation qu\u2019elle pr\u00e9tend \u00eatre, mais de la Trahison. Vous devriez lui faire barrage et donc voter Macron.<\/p>\n<p style=\"text-align: justify;\">Le sociologue Jean-Claude Paye nous explique pourquoi personne n\u2019a r\u00e9agi \u00e0 ce d\u00e9lire soigneusement pr\u00e9par\u00e9 et retransmis sans broncher par toutes les cha\u00eenes de t\u00e9l\u00e9vision.<\/p>\n<p style=\"text-align: justify;\"><a href=\"https:\/\/www.voltairenet.org\/article196234.html\" target=\"_blank\" rel=\"noopener noreferrer\">Continuer la lecture sur le r\u00e9seau Voltaire \u27f6<\/a><\/p>\n","protected":false},"excerpt":{"rendered":"<p>[Note de l&#8217;administrateur de ce blog : alors que le spectre &#8220;antir\u00e9publicain&#8221; du &#8220;fascisme&#8221; tente de masquer sa d\u00e9faite en dansant sur du Jean-Jacques Goldman, faisant r\u00e9trospectivement soupirer de soulagement les deux tiers des Fran\u00e7ais ayant vaillamment fait barrage \u00e0 la haine et aux zheureslesplussombresdelhistoire, le fascisme 2.0 rode tranquillement ses m\u00e9thodes afin de mettre [&hellip;]<\/p>\n","protected":false},"author":1,"featured_media":0,"comment_status":"open","ping_status":"open","sticky":false,"template":"","format":"standard","meta":[],"categories":[134,3],"tags":[658,566,83,20,48,76,657,655,214,656],"_links":{"self":[{"href":"https:\/\/aitia.fr\/erd\/wp-json\/wp\/v2\/posts\/9060"}],"collection":[{"href":"https:\/\/aitia.fr\/erd\/wp-json\/wp\/v2\/posts"}],"about":[{"href":"https:\/\/aitia.fr\/erd\/wp-json\/wp\/v2\/types\/post"}],"author":[{"embeddable":true,"href":"https:\/\/aitia.fr\/erd\/wp-json\/wp\/v2\/users\/1"}],"replies":[{"embeddable":true,"href":"https:\/\/aitia.fr\/erd\/wp-json\/wp\/v2\/comments?post=9060"}],"version-history":[{"count":16,"href":"https:\/\/aitia.fr\/erd\/wp-json\/wp\/v2\/posts\/9060\/revisions"}],"predecessor-version":[{"id":9077,"href":"https:\/\/aitia.fr\/erd\/wp-json\/wp\/v2\/posts\/9060\/revisions\/9077"}],"wp:attachment":[{"href":"https:\/\/aitia.fr\/erd\/wp-json\/wp\/v2\/media?parent=9060"}],"wp:term":[{"taxonomy":"category","embeddable":true,"href":"https:\/\/aitia.fr\/erd\/wp-json\/wp\/v2\/categories?post=9060"},{"taxonomy":"post_tag","embeddable":true,"href":"https:\/\/aitia.fr\/erd\/wp-json\/wp\/v2\/tags?post=9060"}],"curies":[{"name":"wp","href":"https:\/\/api.w.org\/{rel}","templated":true}]}}