{"id":9001,"date":"2017-05-07T15:06:41","date_gmt":"2017-05-07T13:06:41","guid":{"rendered":"https:\/\/aitia.fr\/erd\/?p=9001"},"modified":"2017-05-07T15:06:41","modified_gmt":"2017-05-07T13:06:41","slug":"pas-avant-le-deuxieme-tour-nicolas-gregoire","status":"publish","type":"post","link":"https:\/\/aitia.fr\/erd\/pas-avant-le-deuxieme-tour-nicolas-gregoire\/","title":{"rendered":"Pas avant le deuxi\u00e8me tour (Nicolas Gr\u00e9goire)"},"content":{"rendered":"<div id=\"attachment_9005\" style=\"width: 360px\" class=\"wp-caption alignleft\"><img aria-describedby=\"caption-attachment-9005\" decoding=\"async\" loading=\"lazy\" class=\"wp-image-9005\" src=\"https:\/\/aitia.fr\/erd\/wp-content\/uploads\/2017\/05\/Hollande_spectateur_400.jpg\" alt=\"\" width=\"350\" height=\"350\" srcset=\"https:\/\/aitia.fr\/erd\/wp-content\/uploads\/2017\/05\/Hollande_spectateur_400.jpg 400w, https:\/\/aitia.fr\/erd\/wp-content\/uploads\/2017\/05\/Hollande_spectateur_400-150x150.jpg 150w, https:\/\/aitia.fr\/erd\/wp-content\/uploads\/2017\/05\/Hollande_spectateur_400-300x300.jpg 300w\" sizes=\"(max-width: 350px) 100vw, 350px\" \/><p id=\"caption-attachment-9005\" class=\"wp-caption-text\">Tout se passe comme pr\u00e9vu. <br \/>Image \u00a9Louison, tous droits r\u00e9serv\u00e9s.<\/p><\/div>\n<p id=\"517f\" class=\"graf graf--h4 graf-after--h3 graf--subtitle\" style=\"text-align: justify;\">[<em>Note de l&#8217;administrateur de ce blog : il n&#8217;est pas toujours possible de pouvoir gu\u00e9rir une maladie correctement diagnostiqu\u00e9e. Mais quand le diagnostic est faux, la gu\u00e9rison est encore moins probable.<\/em><\/p>\n<p class=\"graf graf--h4 graf-after--h3 graf--subtitle\" style=\"text-align: justify;\"><em>On appr\u00e9ciera \u00e9galement dans cet article la d\u00e9ontologie de Mediapart, et de la presse fran\u00e7aise en g\u00e9n\u00e9ral.<\/em>]<\/p>\n<hr \/>\n<p style=\"text-align: justify;\"><strong>En d\u00e9non\u00e7ant Bayrou, je voulais changer la politique. Censur\u00e9, espionn\u00e9, cambriol\u00e9, j\u2019ai d\u00e9couvert que je ne pouvais pas\u00a0gagner.<\/strong><\/p>\n<p style=\"text-align: justify;\">Le 2 avril, j\u2019ai d\u00e9crit dans <a href=\"https:\/\/medium.com\/@nicolasgregoire\/fictif-s-deux-ans-%C3%A0-ludf-pay%C3%A9-par-la-r%C3%A9publique-f85073ea276e\" target=\"_blank\" rel=\"noopener noreferrer\" data-href=\"https:\/\/medium.com\/@nicolasgregoire\/fictif-s-deux-ans-%C3%A0-ludf-pay%C3%A9-par-la-r%C3%A9publique-f85073ea276e\">une tribune<\/a> mon parcours dans les bas fonds de la politique. Emplois fictifs, extorsion, agressions sexuelles, tout y \u00e9tait, version Fran\u00e7ois Bayrou. Plus de soixante-dix mille lecteurs plus tard, j\u2019ai d\u00e9couvert les dessous d\u2019une \u00e9lection ou tout s\u2019accordait, jusqu\u2019au sommet de l\u2019Etat, pour prot\u00e9ger Emmanuel Macron. Chronique d\u2019un \u00e9chec annonc\u00e9. Et d\u2019une France qui n\u2019est pas la n\u00f4tre.<\/p>\n<h4 style=\"text-align: justify;\">Maintenant ou\u00a0jamais<\/h4>\n<p><\/p>\n<blockquote><p><em>\u201cBonjour\u00a0! Je m\u2019appelle Nicolas Gr\u00e9goire, j\u2019ai eu deux emplois fictifs \u00e0 l\u2019UDF pour Fran\u00e7ois Bayrou. Et aujourd\u2019hui, je balance\u201d<\/em><\/p><\/blockquote>\n<p><\/p>\n<p style=\"text-align: justify;\">C\u2019\u00e9tait le bon moment\u00a0: un mois avant le premier tour. Dans une \u00e9lection qui s\u2019annon\u00e7ait serr\u00e9e. Avec un bon texte, des preuves et une campagne sur les r\u00e9seaux sociaux, tout le monde m\u2019entendrait. Les m\u00e9dias, d\u2019abord r\u00e9ticents, finiraient par relayer. Et Fran\u00e7ois Hollande, soucieux de sa r\u00e9putation et peu enclin \u00e0 prot\u00e9ger ennemis et tra\u00eetres, resterait neutre.<\/p>\n<p style=\"text-align: justify;\">En lisant mon brouillon, mes amis d\u00e9couvrent un Nicolas inconnu, un peu inqui\u00e9tant. \u201cTout est vrai, sauf le rez-de-chauss\u00e9e. Je pr\u00e9f\u00e8re qu\u2019on ne sache pas \u00e0 quel \u00e9tage j\u2019habite\u201d. Apr\u00e8s quelques jours de relecture, ma souris reste comme suspendue au-dessus de Publier. Le temps ralentit. Avec l\u2019angoisse des grandes d\u00e9cisions, mon doigt s\u2019\u00e9crase sur le bouton.<\/p>\n<p style=\"text-align: justify;\"><a href=\"https:\/\/medium.com\/@nicolasgregoire\/pas-avant-le-deuxi%C3%A8me-tour-593526d58a2a#.lfp0ek7c0\" target=\"_blank\" rel=\"noopener noreferrer\">Continuer la lecture sur medium.com \u27f6<\/a><\/p>\n","protected":false},"excerpt":{"rendered":"<p>[Note de l&#8217;administrateur de ce blog : il n&#8217;est pas toujours possible de pouvoir gu\u00e9rir une maladie correctement diagnostiqu\u00e9e. Mais quand le diagnostic est faux, la gu\u00e9rison est encore moins probable. On appr\u00e9ciera \u00e9galement dans cet article la d\u00e9ontologie de Mediapart, et de la presse fran\u00e7aise en g\u00e9n\u00e9ral.] En d\u00e9non\u00e7ant Bayrou, je voulais changer la [&hellip;]<\/p>\n","protected":false},"author":1,"featured_media":0,"comment_status":"open","ping_status":"open","sticky":false,"template":"","format":"standard","meta":[],"categories":[4,134,29],"tags":[566,646,643,227,48,645,644,647],"_links":{"self":[{"href":"https:\/\/aitia.fr\/erd\/wp-json\/wp\/v2\/posts\/9001"}],"collection":[{"href":"https:\/\/aitia.fr\/erd\/wp-json\/wp\/v2\/posts"}],"about":[{"href":"https:\/\/aitia.fr\/erd\/wp-json\/wp\/v2\/types\/post"}],"author":[{"embeddable":true,"href":"https:\/\/aitia.fr\/erd\/wp-json\/wp\/v2\/users\/1"}],"replies":[{"embeddable":true,"href":"https:\/\/aitia.fr\/erd\/wp-json\/wp\/v2\/comments?post=9001"}],"version-history":[{"count":8,"href":"https:\/\/aitia.fr\/erd\/wp-json\/wp\/v2\/posts\/9001\/revisions"}],"predecessor-version":[{"id":9011,"href":"https:\/\/aitia.fr\/erd\/wp-json\/wp\/v2\/posts\/9001\/revisions\/9011"}],"wp:attachment":[{"href":"https:\/\/aitia.fr\/erd\/wp-json\/wp\/v2\/media?parent=9001"}],"wp:term":[{"taxonomy":"category","embeddable":true,"href":"https:\/\/aitia.fr\/erd\/wp-json\/wp\/v2\/categories?post=9001"},{"taxonomy":"post_tag","embeddable":true,"href":"https:\/\/aitia.fr\/erd\/wp-json\/wp\/v2\/tags?post=9001"}],"curies":[{"name":"wp","href":"https:\/\/api.w.org\/{rel}","templated":true}]}}