{"id":8975,"date":"2017-05-06T07:30:23","date_gmt":"2017-05-06T05:30:23","guid":{"rendered":"https:\/\/aitia.fr\/erd\/?p=8975"},"modified":"2017-05-05T23:31:09","modified_gmt":"2017-05-05T21:31:09","slug":"coree-de-louest-quand-les-presidents-duniversite-appellent-leurs-etudiants-a-voter-macron-les-crises-fr","status":"publish","type":"post","link":"https:\/\/aitia.fr\/erd\/coree-de-louest-quand-les-presidents-duniversite-appellent-leurs-etudiants-a-voter-macron-les-crises-fr\/","title":{"rendered":"[Cor\u00e9e de l\u2019Ouest] Quand les Pr\u00e9sidents d\u2019Universit\u00e9 <br>appellent leurs \u00e9tudiants \u00e0 voter Macron ! (les-crises.fr)"},"content":{"rendered":"<p style=\"text-align: justify;\"><img decoding=\"async\" loading=\"lazy\" class=\"alignleft wp-image-8977\" src=\"https:\/\/aitia.fr\/erd\/wp-content\/uploads\/2017\/05\/timonier-1.jpg\" alt=\"\" width=\"410\" height=\"263\" srcset=\"https:\/\/aitia.fr\/erd\/wp-content\/uploads\/2017\/05\/timonier-1.jpg 595w, https:\/\/aitia.fr\/erd\/wp-content\/uploads\/2017\/05\/timonier-1-300x193.jpg 300w\" sizes=\"(max-width: 410px) 100vw, 410px\" \/>[<em>Note de l&#8217;administrateur de ce blog : ce vendredi, il m&#8217;\u00e9tait reproch\u00e9 au sein de mon universit\u00e9 d&#8217;avoir utilis\u00e9 mon adresse courriel professionnelle pour avoir exprim\u00e9, de fa\u00e7on priv\u00e9e, mon indignation au maire d&#8217;une ville ayant selon la presse tenu des propos diffamatoires au sujet d&#8217;un coll\u00e8gue. Mais si vous voyez une contradiction avec ce qui suit c&#8217;est que vous \u00eates un dangereux complotiste-d&#8217;extr\u00eame-droite-radicalis\u00e9. Au moins.<\/em>]<\/p>\n<hr \/>\n<p style=\"text-align: justify;\">Je suis heureux, j\u2019ai trouv\u00e9 LE grand gagnant de la campagne de propagande de cette pr\u00e9sidentielle ! \u2013 qui vire de nouveau au flash totalitaire\u2026<\/p>\n<p style=\"text-align: justify;\">Jugez-vous-m\u00eame : de tr\u00e8s nombreux <strong>Pr\u00e9sidents d\u2019Universit\u00e9 ont carr\u00e9ment \u00e9crit dans le cadre de leurs fonctions \u00e0 tous leurs \u00e9tudiants pour leur enjoindre de ne pas voter Le Pen, voire carr\u00e9ment de voter Macron !<\/strong><\/p>\n<p style=\"text-align: justify;\">J\u2019en ai trouv\u00e9 quelques uns, mais comme c\u2019est vraiment important, j\u2019ai besoin de vous.<\/p>\n<p style=\"text-align: justify;\">J\u2019ai donc d\u00e9cid\u00e9 de <strong>cr\u00e9er le prix \u201cJEAN MOULINET\u201d<\/strong>, pour tous ces r\u00e9sistants europ\u00e9istes, mi-Jean Moulin, mi-Jean Monnet.<\/p>\n<p style=\"text-align: justify;\">Car outre la destruction de la d\u00e9ontologie la plus \u00e9l\u00e9mentaire en D\u00e9mocratie, le plus int\u00e9ressant est leur argumentaire (Merci de bien vouloir \u00e9loigner Fran\u00e7ois Asselineau de ce billet\u2026 \ud83d\ude42 ).<\/p>\n<p style=\"text-align: justify;\">Je vous propose donc de m\u2019aider \u00e0 recenser en commentaire (en postant un lien) ou par le <a href=\"https:\/\/www.les-crises.fr\/a-propos\/\" target=\"_blank\" rel=\"noopener noreferrer\">formulaire<\/a> contact (si vous l\u2019avez re\u00e7u vous-m\u00eame) les Interventions de Pr\u00e9sidents que j\u2019aurais loup\u00e9es, et que vous pourriez avoir vues ou trouv\u00e9es sur internet.<\/p>\n<p style=\"text-align: justify;\"><strong>Je compte sur vous \u2013 c\u2019est historique \ud83d\ude42<\/strong><\/p>\n<p style=\"text-align: justify;\">Tout est parti de la Conf\u00e9rence des Pr\u00e9sidents d\u2019Universit\u00e9 qui a r\u00e9dig\u00e9 ce <a href=\"https:\/\/www.cpu.fr\/actualite\/election-presidentielle-le-bureau-de-la-cpu-appelle-a-voter-contre-lextremisme\/\" target=\"_blank\" rel=\"noopener noreferrer\">communiqu\u00e9 de presse<\/a> (<a href=\"https:\/\/archive.is\/0JuAG\" target=\"_blank\" rel=\"noopener noreferrer\">archive<\/a>\u00a0\u2013 les sources sont sauvegard\u00e9es sur archive.is) :<\/p>\n<p style=\"text-align: justify;\"><a href=\"https:\/\/www.les-crises.fr\/coree-de-l-ouest-quand-les-presidents-duniversite-appellent-a-voter-macron\/\" target=\"_blank\" rel=\"noopener noreferrer\">Continuer la lecture sur les-crises.fr \u27f6<\/a><\/p>\n","protected":false},"excerpt":{"rendered":"<p>[Note de l&#8217;administrateur de ce blog : ce vendredi, il m&#8217;\u00e9tait reproch\u00e9 au sein de mon universit\u00e9 d&#8217;avoir utilis\u00e9 mon adresse courriel professionnelle pour avoir exprim\u00e9, de fa\u00e7on priv\u00e9e, mon indignation au maire d&#8217;une ville ayant selon la presse tenu des propos diffamatoires au sujet d&#8217;un coll\u00e8gue. Mais si vous voyez une contradiction avec ce [&hellip;]<\/p>\n","protected":false},"author":1,"featured_media":0,"comment_status":"open","ping_status":"open","sticky":false,"template":"","format":"standard","meta":[],"categories":[4,5,3],"tags":[640,642,639,126,437,641,12],"_links":{"self":[{"href":"https:\/\/aitia.fr\/erd\/wp-json\/wp\/v2\/posts\/8975"}],"collection":[{"href":"https:\/\/aitia.fr\/erd\/wp-json\/wp\/v2\/posts"}],"about":[{"href":"https:\/\/aitia.fr\/erd\/wp-json\/wp\/v2\/types\/post"}],"author":[{"embeddable":true,"href":"https:\/\/aitia.fr\/erd\/wp-json\/wp\/v2\/users\/1"}],"replies":[{"embeddable":true,"href":"https:\/\/aitia.fr\/erd\/wp-json\/wp\/v2\/comments?post=8975"}],"version-history":[{"count":7,"href":"https:\/\/aitia.fr\/erd\/wp-json\/wp\/v2\/posts\/8975\/revisions"}],"predecessor-version":[{"id":8984,"href":"https:\/\/aitia.fr\/erd\/wp-json\/wp\/v2\/posts\/8975\/revisions\/8984"}],"wp:attachment":[{"href":"https:\/\/aitia.fr\/erd\/wp-json\/wp\/v2\/media?parent=8975"}],"wp:term":[{"taxonomy":"category","embeddable":true,"href":"https:\/\/aitia.fr\/erd\/wp-json\/wp\/v2\/categories?post=8975"},{"taxonomy":"post_tag","embeddable":true,"href":"https:\/\/aitia.fr\/erd\/wp-json\/wp\/v2\/tags?post=8975"}],"curies":[{"name":"wp","href":"https:\/\/api.w.org\/{rel}","templated":true}]}}