{"id":8945,"date":"2017-05-03T22:11:20","date_gmt":"2017-05-03T20:11:20","guid":{"rendered":"https:\/\/aitia.fr\/erd\/?p=8945"},"modified":"2017-05-04T23:39:37","modified_gmt":"2017-05-04T21:39:37","slug":"macron-est-un-psychopathe-lanalyse-dun-psychiatre-italien-ertv","status":"publish","type":"post","link":"https:\/\/aitia.fr\/erd\/macron-est-un-psychopathe-lanalyse-dun-psychiatre-italien-ertv\/","title":{"rendered":"&#8220;Macron est un psychopathe&#8221; : <br>l\u2019analyse d\u2019un psychiatre italien (ERTV)"},"content":{"rendered":"<p style=\"text-align: justify;\">[<em>Note de l&#8217;administrateur de ce blog : \u00e0 ceux qui seraient tent\u00e9s de dire &#8220;il exag\u00e8re, et puis la psychiatrisation des opposants, c&#8217;est une pratique connue des r\u00e9gimes totalitaires&#8221;, je demande de se poser cette question toute simple, et d&#8217;y r\u00e9pondre le plus sinc\u00e8rement possible : &#8220;si \u00e0 quinze ans j&#8217;avais couch\u00e9 avec ma (mon) prof de 39 ans, et que ma vie d&#8217;adulte se soit construite affectivement et socialement sur cette relation devenue publique, serais-je devenu un(e) adulte psychiquement \u00e9panoui(e) et \u00e9quilibr\u00e9(e) ?&#8221;<\/em>]<\/p>\n<hr \/>\n<p style=\"text-align: justify;\">Le professeur Adriano Segatori est un psychiatre et psychoth\u00e9rapeute italien. Son analyse du profil d\u2019Emmanuel Macron, bas\u00e9e notamment sur sa biographie et ses images de campagne, le pousse \u00e0 conclure, de mani\u00e8re tr\u00e8s argument\u00e9e : \u00ab Macron est un psychopathe qui travaille uniquement pour lui-m\u00eame. \u00bb<\/p>\n<p style=\"text-align: center;\"><iframe loading=\"lazy\" src=\"https:\/\/www.youtube.com\/embed\/NNDgsw39m9s\" width=\"640\" height=\"360\" frameborder=\"0\" allowfullscreen=\"allowfullscreen\"><\/iframe><\/p>\n","protected":false},"excerpt":{"rendered":"<p>[Note de l&#8217;administrateur de ce blog : \u00e0 ceux qui seraient tent\u00e9s de dire &#8220;il exag\u00e8re, et puis la psychiatrisation des opposants, c&#8217;est une pratique connue des r\u00e9gimes totalitaires&#8221;, je demande de se poser cette question toute simple, et d&#8217;y r\u00e9pondre le plus sinc\u00e8rement possible : &#8220;si \u00e0 quinze ans j&#8217;avais couch\u00e9 avec ma (mon) [&hellip;]<\/p>\n","protected":false},"author":1,"featured_media":0,"comment_status":"open","ping_status":"open","sticky":false,"template":"","format":"standard","meta":[],"categories":[4,134,133],"tags":[628,626,627,566,625,624,622,621,623],"_links":{"self":[{"href":"https:\/\/aitia.fr\/erd\/wp-json\/wp\/v2\/posts\/8945"}],"collection":[{"href":"https:\/\/aitia.fr\/erd\/wp-json\/wp\/v2\/posts"}],"about":[{"href":"https:\/\/aitia.fr\/erd\/wp-json\/wp\/v2\/types\/post"}],"author":[{"embeddable":true,"href":"https:\/\/aitia.fr\/erd\/wp-json\/wp\/v2\/users\/1"}],"replies":[{"embeddable":true,"href":"https:\/\/aitia.fr\/erd\/wp-json\/wp\/v2\/comments?post=8945"}],"version-history":[{"count":6,"href":"https:\/\/aitia.fr\/erd\/wp-json\/wp\/v2\/posts\/8945\/revisions"}],"predecessor-version":[{"id":9142,"href":"https:\/\/aitia.fr\/erd\/wp-json\/wp\/v2\/posts\/8945\/revisions\/9142"}],"wp:attachment":[{"href":"https:\/\/aitia.fr\/erd\/wp-json\/wp\/v2\/media?parent=8945"}],"wp:term":[{"taxonomy":"category","embeddable":true,"href":"https:\/\/aitia.fr\/erd\/wp-json\/wp\/v2\/categories?post=8945"},{"taxonomy":"post_tag","embeddable":true,"href":"https:\/\/aitia.fr\/erd\/wp-json\/wp\/v2\/tags?post=8945"}],"curies":[{"name":"wp","href":"https:\/\/api.w.org\/{rel}","templated":true}]}}