{"id":8926,"date":"2017-05-02T20:00:43","date_gmt":"2017-05-02T18:00:43","guid":{"rendered":"https:\/\/aitia.fr\/erd\/?p=8926"},"modified":"2019-04-18T16:36:04","modified_gmt":"2019-04-18T14:36:04","slug":"macron-naura-pas-denfants-antipresse","status":"publish","type":"post","link":"https:\/\/aitia.fr\/erd\/macron-naura-pas-denfants-antipresse\/","title":{"rendered":"Macron n&#8217;aura pas d&#8217;enfants <br>(Antipresse)"},"content":{"rendered":"<p style=\"text-align: justify;\"><img decoding=\"async\" loading=\"lazy\" class=\"alignleft wp-image-8928\" src=\"https:\/\/aitia.fr\/erd\/wp-content\/uploads\/2017\/05\/mao.png\" alt=\"\" width=\"400\" height=\"554\" srcset=\"https:\/\/aitia.fr\/erd\/wp-content\/uploads\/2017\/05\/mao.png 750w, https:\/\/aitia.fr\/erd\/wp-content\/uploads\/2017\/05\/mao-217x300.png 217w, https:\/\/aitia.fr\/erd\/wp-content\/uploads\/2017\/05\/mao-740x1024.png 740w, https:\/\/aitia.fr\/erd\/wp-content\/uploads\/2017\/05\/mao-600x830.png 600w\" sizes=\"(max-width: 400px) 100vw, 400px\" \/>[<em>Note de l&#8217;administrateur de ce blog : avec un peu de retard pour cause de voyage, voici la livraison d&#8217;<a href=\"https:\/\/www.antipresse.net\/\" target=\"_blank\" rel=\"noopener noreferrer\">Antipresse<\/a> de dimanche dernier. Mais une fois n&#8217;est pas coutume, il s&#8217;agit d&#8217;un article de la rubrique Angle Mort par Fernand Le Pic, et non d&#8217;un texte de Slobodan Despot. Non que ce dernier soit moins bon qu&#8217;\u00e0 l&#8217;accoutum\u00e9e, mais simplement parce que celui que j&#8217;ai choisi me semble particuli\u00e8rement indiqu\u00e9 pour tenter de r\u00e9pondre \u00e0 ceux qui, vous recommandant en fron\u00e7ant les sourcils d&#8217;aller voter le 7 mai, n&#8217;ont pas encore compris que des deux candidats, l&#8217;antir\u00e9publicain <a href=\"https:\/\/www.causeur.fr\/emmanuel-macron-lepen-front-republicain-43973.html\" target=\"_blank\" rel=\"noopener noreferrer\">n&#8217;est pas celui que le M\u00e9dia Unique d\u00e9signe comme tel<\/a>. <\/em><\/p>\n<p style=\"text-align: justify;\"><em>Et ceci alors m\u00eame que d\u00e8s 2010, <a href=\"https:\/\/www.youtube.com\/watch?v=rYT2Xg-APAU&amp;list=PL_bAqJ2VO3Gfnwtt4u1gm0yvs6nxAuOQ5&amp;t=16m26s\" target=\"_blank\" rel=\"noopener noreferrer\">Lionel Jospin affirmait<\/a> que l&#8217;antifascisme \u00e9tait du th\u00e9\u00e2tre et que le Front National n&#8217;avait jamais \u00e9t\u00e9 un parti fasciste (m\u00eame s&#8217;il reprenait par la suite des accusations de x\u00e9nophobie tr\u00e8s discutables, et oubliait de rappeler que Jean-Marie Le Pen avait voulu <a href=\"https:\/\/www.lexpress.fr\/actualite\/politique\/quand-le-pen-voulait-rejoindre-les-ffi_463702.html\" target=\"_blank\" rel=\"noopener noreferrer\">s&#8217;engager dans la R\u00e9sistance<\/a> \u00e0 16 ans). Et alors que si nous devons redouter aujourd&#8217;hui une nouvelle forme de totalitarisme, il est assez \u00e9vident que pour des raisons d&#8217;efficacit\u00e9, ses instigateurs feront tout pour lui donner des apparences de progr\u00e8s et de modernit\u00e9, et <a href=\"https:\/\/www.youtube.com\/watch?v=any2CohhFkI\" target=\"_blank\" rel=\"noopener noreferrer\">la diff\u00e9rencier au maximum en apparence<\/a> des totalitarismes pass\u00e9s.<\/em>]<\/p>\n<hr \/>\n<p style=\"text-align: justify;\"><em>ANGLE MORT par Fernand Le Pic<\/em><\/p>\n<p style=\"text-align: justify;\">Macron serait-il en passe de devenir le nouveau P\u00e8re du peuple ? Sans doute pas. Non que sa femme ne soit plus en \u00e2ge d\u2019enfanter mais plut\u00f4t que le peuple se r\u00e9v\u00e8le \u00eatre son adversaire le plus intime. N\u00e9anmoins, s\u2019il est \u00e9lu, il le devra \u00e0 l\u2019incroyable culte de la personnalit\u00e9 que son syst\u00e8me de lancement et de soutien aura su mettre en place. Pr\u00e8s de 20 000 articles de grande presse \u00e0 la veille du premier tour, des centaines de reportages \u00e9logieux \u00e0 la t\u00e9l\u00e9vision, \u00e0 la radio et sur des r\u00e9seaux sociaux satur\u00e9s du soutien constant et parfaitement sc\u00e9naris\u00e9 des \u00e9lites m\u00e9diatiques fran\u00e7aises. Un culte qui n\u2019a finalement rien \u00e0 envier \u00e0 Staline et moins encore \u00e0 Mao, dont la mystique prit corps avec la \u00abGrande Marche\u00bb. Liu Chunhua, l\u2019un de ses peintres iconographes pr\u00e9f\u00e9r\u00e9s durant la si carnassi\u00e8re R\u00e9volution culturelle, savait mieux que quiconque jouer de la silhouette du pr\u00e9sident Mao jeune (la quarantaine), venant \u00e0 la rencontre du bon peuple \u00abtelle la lumi\u00e8re aveuglante du soleil levant, [\u2026] apportant l\u2019espoir et la promesse d\u2019un avenir radieux\u00bb, disait-il. Son c\u00e9l\u00e8bre tableau de Mao s\u2019approchant de Anyuan fut reproduit \u00e0 900 millions d\u2019exemplaires ! Macron fera s\u00fbrement mieux.<\/p>\n<p style=\"text-align: justify;\"><!--more--><\/p>\n<p style=\"text-align: justify;\">Liu Wenxi, auteur du portrait officiel de Mao et de son effigie sur les billets de banques chinois, est quant \u00e0 lui connu pour ses formidables images d\u2019\u00c9pinal d\u00e9peignant le Timonier adul\u00e9, entour\u00e9 de son peuple multiethnique, aimant, intime et dompt\u00e9, mais toujours pr\u00eat \u00e0 tuer et se faire tuer pour lui. Le r\u00eave de tout dictateur en puissance : une masse docile envers le syst\u00e8me et belliqueuse envers ses d\u00e9tracteurs. Le fascisme a toujours justifi\u00e9 tr\u00e8s m\u00e9thodiquement le barrage puis l\u2019\u00e9limination de toute opposition politique par la violence progressive mais annonc\u00e9e, en assimilant les opposants \u00e0 des d\u00e9viants moraux, puis \u00e0 des ennemis int\u00e9rieurs du syst\u00e8me, voire \u00e0 des agents de l\u2019\u00e9tranger. Le futur Pr\u00e9sident Maocron y est presque, lui qui amalgame sans honte les millions d\u2019\u00e9lecteurs de Marine Le Pen aux Waffen SS d\u2019Oradour sur Glane. Certes ses fresques modernes ne sont plus peintes par des artistes pompiers : photos people et reportages multicultis font tr\u00e8s bien l\u2019affaire. Mais il n\u2019en demeure pas moins que la force \u00e9lectorale du futur Grand Coach Supr\u00eame puise \u00e0 sati\u00e9t\u00e9 dans les vielles recettes cultuelles du communisme et du fascisme. L\u2019engagement des jeunes fait ici l\u2019objet d\u2019un soin tr\u00e8s attentif. On les stimule dans le registre de l\u2019\u00e9motion et de l\u2019objet f\u00e9tiche, tandis qu\u2019on les rev\u00eat d\u2019un uniforme. Peu importe que les couturiers de la vareuse \u00e0 col Mao ou de la chemise noire, fussent remplac\u00e9s par des usines \u00e0 T-shirt jaune, ces nouvelles jeunesses communiantes (\u00abLes jeunes pour Macron\u00bb) ont d\u00e9j\u00e0 touch\u00e9 leur paquetage. Peu importe qu\u2019on ait troqu\u00e9 le Livre rouge pour un Smartphone, dans les deux cas, c\u2019est de l\u00e0 que viennent les ordres de Marche. Et que se pr\u00e9sente \u00e0 eux leur nouveau guide et sa reine-m\u00e8re, les fans l\u00e8veront haut leur talisman \u00e0 selfies, dans un geste d\u00e9j\u00e0 filial et sacerdotal, unifi\u00e9s qu\u2019ils sont dans la grande inconscience transie qu\u2019on se joue d\u2019eux. Peu importe aussi que les commissaires du Parti se soient mu\u00e9s en gourous du Parti-pris, ce qui compte c\u2019est qu\u2019il est d\u00e9j\u00e0 moralement, et bient\u00f4t p\u00e9nalement, interdit de penser et de voter autrement.<\/p>\n<p style=\"text-align: justify;\">N\u00e9gation sociale du pluralisme d\u00e9mocratique, repr\u00e9sentativit\u00e9 d\u00e9ifi\u00e9e et exclusive de la masse par un chef providentiel et charismatique, l\u00e9gitimation de ce chef par l\u2019embrigadement de la soci\u00e9t\u00e9 civile en substitution du d\u00e9bat de fond, pass\u00e9 identitaire et culturel falsifi\u00e9 au profit d\u2019une mystique de science-fiction, il ne reste plus que la guerre juste, m\u00eame civile, afin de s\u2019acquitter de l\u2019endettement et rembourser les sponsors et le fascisme sera justement pass\u00e9 par celui qui le d\u00e9nonce, \u00e0 s\u2019en \u00abcasser la voix\u00bb.<\/p>\n<p style=\"text-align: justify;\"><img decoding=\"async\" loading=\"lazy\" class=\"aligncenter wp-image-8931 size-large\" src=\"https:\/\/aitia.fr\/erd\/wp-content\/uploads\/2017\/05\/macron-890x1024.png\" alt=\"\" width=\"700\" height=\"805\" srcset=\"https:\/\/aitia.fr\/erd\/wp-content\/uploads\/2017\/05\/macron-890x1024.png 890w, https:\/\/aitia.fr\/erd\/wp-content\/uploads\/2017\/05\/macron-261x300.png 261w, https:\/\/aitia.fr\/erd\/wp-content\/uploads\/2017\/05\/macron-768x884.png 768w, https:\/\/aitia.fr\/erd\/wp-content\/uploads\/2017\/05\/macron-600x690.png 600w, https:\/\/aitia.fr\/erd\/wp-content\/uploads\/2017\/05\/macron.png 1049w\" sizes=\"(max-width: 700px) 100vw, 700px\" \/><\/p>\n<p style=\"text-align: justify;\">L\u2019arriv\u00e9e d\u2019Emmanuel Macron au deuxi\u00e8me tour de la pr\u00e9sidentielle fran\u00e7aise de 2017 est assur\u00e9ment l\u2019annonce d\u2019un changement politique structurel qui risque d\u2019\u00eatre irr\u00e9versible, sauf r\u00e9bellions sanglantes. L\u2019all\u00e9gorie de la caverne de Platon r\u00e9appara\u00eet soudain sous nos yeux. La grotte est moderne et bien \u00e9clair\u00e9e vers l\u2019int\u00e9rieur, simplement r\u00e9agenc\u00e9e en plateau du 20 heures. La faible lumi\u00e8re du jour ressemble \u00e0 s\u2019y m\u00e9prendre \u00e0 celle de nos \u00e9crans plats de toutes sortes, qui absorbent tant d\u2019heures du sang de nos yeux. Les sons quant \u00e0 eux trouvent \u00e0 nider dans de toujours plus invisibles haut-parleurs, tandis que la relation humaine s\u2019accommode des p\u00e9nombres du vase clos. Les candidats au libre arbitre devront se faire violence pour affronter la simple nature des choses, la lumi\u00e8re trop aveuglante du dehors. Et qu\u2019ils ne s\u2019avisent pas d\u2019en t\u00e9moigner trop vite \u00e0 leurs anciens cong\u00e9n\u00e8res, ces derniers les tueront au nom de la post-v\u00e9rit\u00e9, ce nouveau synonyme d\u2019h\u00e9r\u00e9sie qu\u2019ils viennent tout juste d\u2019inventer. La France est plus proche du Livre VII de la R\u00e9publique de Platon qu\u2019elle ne le pense. Mais elle l\u2019est davantage encore d\u2019une Saint-Barth\u00e9l\u00e9my aux normes des r\u00e9volutions de couleurs, parfaitement rod\u00e9es depuis au moins l\u2019an 2000. Plusieurs tours de chauffe ont comme on le sait d\u00e9j\u00e0 eu lieu en France: Nuit debout, les Indign\u00e9s, les \u00e9meutes des banlieues, les casses \u00abantifas\u00bb, etc. L\u2019enr\u00f4lement d\u2019une jeunesse id\u00e9aliste sur\u00e9quip\u00e9e gratuitement de gadgets communicants dernier cri, tout comme les professionnels d\u2019\u00c9tat d\u00e9guis\u00e9s en militants d\u2019ONG, sont d\u00e9j\u00e0 en place. En fait, cette campagne aura m\u00eame r\u00e9ussi \u00e0 d\u00e9signer au grand jour les officiers traitants de cette future r\u00e9volution de Ma\u00efdan version fran\u00e7aise. Au cas o\u00f9 Marine Le Pen ferait un trop bon score on entend d\u00e9j\u00e0 les Bayrou, les Jupp\u00e9 et autres Bruno Lemaire annoncer la couleur justement. Et peu importe que les \u00e9lecteurs potentiels de Marine n\u2019aient aucune autre ambition particuli\u00e8re qu\u2019une aspiration \u00e0 plus d\u2019\u00e9galit\u00e9, de p\u00e9rennit\u00e9 et de s\u00e9curit\u00e9. Tant pis s\u2019ils ne font que regrouper cette nouvelle masse informelle et transversale, cette classe mitoyenne o\u00f9 s\u2019entend la v\u00e9rit\u00e9 de toutes les plaintes d\u2019un peuple en voie de disparition. Les n\u00e9omacroniens, exclusivement biberonn\u00e9s au lait st\u00e9rile de l\u2019Union europ\u00e9enne, les traiteront sans piti\u00e9, comme les derniers vestiges de cette id\u00e9e de nation qu\u2019ils abhorrent.<\/p>\n<p style=\"text-align: justify;\">Le seul espoir est dans leur oubli freudien de l\u2019histoire. Ils refuseront d\u2019admettre que ce qu\u2019il reste de Fran\u00e7ais se r\u00e9jouira davantage \u00abd\u2019en finir avec l\u2019humiliation, que d\u2019en retirer les profits\u00bb, comme l\u2019\u00e9crivait Pierre-Louis R\u0153derer dans <em>L\u2019esprit de la r\u00e9volution de 1789<\/em>.<\/p>\n","protected":false},"excerpt":{"rendered":"<p>[Note de l&#8217;administrateur de ce blog : avec un peu de retard pour cause de voyage, voici la livraison d&#8217;Antipresse de dimanche dernier. Mais une fois n&#8217;est pas coutume, il s&#8217;agit d&#8217;un article de la rubrique Angle Mort par Fernand Le Pic, et non d&#8217;un texte de Slobodan Despot. Non que ce dernier soit moins [&hellip;]<\/p>\n","protected":false},"author":1,"featured_media":0,"comment_status":"open","ping_status":"open","sticky":false,"template":"","format":"standard","meta":[],"categories":[4,134,3,29],"tags":[620,618,126,566,619,617],"_links":{"self":[{"href":"https:\/\/aitia.fr\/erd\/wp-json\/wp\/v2\/posts\/8926"}],"collection":[{"href":"https:\/\/aitia.fr\/erd\/wp-json\/wp\/v2\/posts"}],"about":[{"href":"https:\/\/aitia.fr\/erd\/wp-json\/wp\/v2\/types\/post"}],"author":[{"embeddable":true,"href":"https:\/\/aitia.fr\/erd\/wp-json\/wp\/v2\/users\/1"}],"replies":[{"embeddable":true,"href":"https:\/\/aitia.fr\/erd\/wp-json\/wp\/v2\/comments?post=8926"}],"version-history":[{"count":14,"href":"https:\/\/aitia.fr\/erd\/wp-json\/wp\/v2\/posts\/8926\/revisions"}],"predecessor-version":[{"id":12715,"href":"https:\/\/aitia.fr\/erd\/wp-json\/wp\/v2\/posts\/8926\/revisions\/12715"}],"wp:attachment":[{"href":"https:\/\/aitia.fr\/erd\/wp-json\/wp\/v2\/media?parent=8926"}],"wp:term":[{"taxonomy":"category","embeddable":true,"href":"https:\/\/aitia.fr\/erd\/wp-json\/wp\/v2\/categories?post=8926"},{"taxonomy":"post_tag","embeddable":true,"href":"https:\/\/aitia.fr\/erd\/wp-json\/wp\/v2\/tags?post=8926"}],"curies":[{"name":"wp","href":"https:\/\/api.w.org\/{rel}","templated":true}]}}