{"id":8862,"date":"2017-04-15T08:56:03","date_gmt":"2017-04-15T06:56:03","guid":{"rendered":"https:\/\/aitia.fr\/erd\/?p=8862"},"modified":"2017-04-15T09:02:33","modified_gmt":"2017-04-15T07:02:33","slug":"le-president-bachar-al-assad-a-lafp-linterview-complete-er","status":"publish","type":"post","link":"https:\/\/aitia.fr\/erd\/le-president-bachar-al-assad-a-lafp-linterview-complete-er\/","title":{"rendered":"Le pr\u00e9sident Bachar al-Assad \u00e0 l\u2019AFP : l\u2019interview compl\u00e8te (E&#038;R)"},"content":{"rendered":"<p style=\"text-align: justify;\"><img decoding=\"async\" loading=\"lazy\" class=\"alignleft wp-image-8865 size-full\" src=\"https:\/\/aitia.fr\/erd\/wp-content\/uploads\/2017\/04\/al-Assad.jpg\" alt=\"\" width=\"250\" height=\"167\" \/>[<em>Note de l&#8217;administrateur de ce blog : une pi\u00e8ce de plus \u00e0 verser au dossier d&#8217;un futur tribunal international qui devra juger les crimes contre l&#8217;humanit\u00e9 commis en Syrie par des gouvernements &#8220;occidentaux&#8221; (c&#8217;est-\u00e0-dire sous domination anglo-am\u00e9ricano-isra\u00e9lienne), et plus g\u00e9n\u00e9ralement au Moyen-Orient depuis la &#8220;justification&#8221; par la &#8220;lutte contre le terrorisme&#8221; \u00e9mise au lendemain des <a href=\"https:\/\/aitia.fr\/erd\/echec-des-attentats-sous-faux-drapeau-changement-de-paradigme\/\">attentats sous faux drapeau<\/a> du 11 septembre 2001.<\/em><\/p>\n<p style=\"text-align: justify;\"><em>Un tribunal qui devra \u00e9galement juger le r\u00f4le des media et de certaines associations &#8220;<a href=\"https:\/\/aitia.fr\/erd\/vel-dhiv-vichy-ce-nest-pas-la-france-penser-la-france\/\" target=\"_blank\">d\u00e9voy\u00e9es et spirituellement corrompues<\/a>&#8221; , comme <a href=\"https:\/\/aitia.fr\/erd\/les-etranges-inventions-de-m-kalifat\/\" target=\"_blank\">le CRIF<\/a> ou certaines ONG, qui participent \u00e0 la propagande de guerre en reprenant des mensonges pourtant <a href=\"https:\/\/aitia.fr\/erd\/fabius-le-golf-et-le-badminton\/\" target=\"_blank\">d\u00e9mont\u00e9s dans les r\u00e8gles<\/a> depuis longtemps.<\/em>]<\/p>\n<hr \/>\n<p style=\"text-align: justify;\"><strong>L\u2019interview du pr\u00e9sident al-Assad par l\u2019AFP n\u2019a pas \u00e9t\u00e9 relay\u00e9e en France, et pour cause. Le chef de l\u2019\u00c9tat syrien y d\u00e9monte les manipulations occidentales dans l\u2019affaire dite du gaz de Khan Cheikhoun et dans celle des repr\u00e9sailles am\u00e9ricaines deux jours plus tard, sans aucune enqu\u00eate officielle pr\u00e9alable. Une violation du droit international qui n\u2019\u00e9tonne plus Assad, qui ne manque pas de lucidit\u00e9 sur le lobby militaro-industriel US et la v\u00e9ritable fonction de Donald Trump. <\/strong><\/p>\n<p style=\"text-align: justify;\">Les lecteurs fran\u00e7ais s\u2019\u00e9tonneront de la lourdeur avec laquelle le journaliste de l\u2019AFP tente d\u2019imposer la version am\u00e9ricaine au pr\u00e9sident d\u2019une Syrie en guerre depuis 6 ans, et en partie contre les mercenaires soutenus par les USA&#8230;<\/p>\n<p style=\"text-align: justify;\">Entretien obtenu par l\u2019Agence syrienne d\u2019information.<\/p>\n<p style=\"text-align: justify;\"><strong>AFP\u00a0: Monsieur le pr\u00e9sident, je voudrais d\u2019abord vous remercier de nous avoir re\u00e7us pour nous accorder cette interview. Monsieur le pr\u00e9sident, avez-vous donn\u00e9 l\u2019ordre d\u2019attaquer Khan Cheikhoun aux armes chimiques\u00a0? <\/strong><\/p>\n<p style=\"text-align: justify;\"><strong>Le pr\u00e9sident al-Assad<\/strong>\u00a0: En fait, personne jusqu\u2019\u00e0 maintenant n\u2019a enqu\u00eat\u00e9 sur ce qui s\u2019\u00e9tait pass\u00e9 ce jour-l\u00e0 \u00e0 Khan Cheikhoun. Comme vous le savez, Khan Cheikhoun est sous le contr\u00f4le du \u00ab\u00a0Front al Nosra\u00a0\u00bb qui est une branche d\u2019Al-Qa\u00efda. Les seules informations dont dispose le monde jusqu\u2019\u00e0 pr\u00e9sent sont donc celles publi\u00e9es par la branche d\u2019Al-Qa\u00efda. Personne n\u2019a d\u2019autres informations. Nous ne savons pas si toutes les photos ou les images vid\u00e9os que nous avons vues sont vraies ou truqu\u00e9es. C\u2019est la raison pour laquelle nous avons demand\u00e9 qu\u2019une enqu\u00eate soit men\u00e9e \u00e0 Khan Cheikhoun.<\/p>\n<p style=\"text-align: justify;\">Ensuite, selon les sources d\u2019Al-Qa\u00efda, l\u2019attaque a eu lieu entre 6h et 6h30, alors que l\u2019attaque syrienne a \u00e9t\u00e9 d\u00e9clench\u00e9e sur la m\u00eame r\u00e9gion entre 11h30 et midi. Ils parlent donc de deux \u00e9v\u00e9nements diff\u00e9rents. Aucun ordre n\u2019a \u00e9t\u00e9 donn\u00e9 de d\u00e9clencher une attaque\u00a0; et d\u2019ailleurs nous ne poss\u00e9dons pas d\u2019armes chimiques, car nous avons renonc\u00e9 \u00e0 notre arsenal depuis plusieurs ann\u00e9es. Et m\u00eame si nous poss\u00e9dions de telles armes, nous ne les aurions jamais utilis\u00e9es. Tout au long de notre histoire, nous n\u2019avons jamais utilis\u00e9 notre arsenal chimique.<\/p>\n<p><strong> Alors, qu\u2019est- ce qui s\u2019est pass\u00e9 ce jour-l\u00e0\u00a0? <\/strong><\/p>\n<p><a href=\"https:\/\/www.egaliteetreconciliation.fr\/Le-president-Bachar-al-Assad-a-l-AFP-l-interview-complete-45168.html\" target=\"_blank\">Continuer la lecture sur \u00c9galit\u00e9 &amp; R\u00e9conciliation \u27f6<\/a><\/p>\n<p>Voir aussi, sur ce blog :<\/p>\n","protected":false},"excerpt":{"rendered":"<p>[Note de l&#8217;administrateur de ce blog : une pi\u00e8ce de plus \u00e0 verser au dossier d&#8217;un futur tribunal international qui devra juger les crimes contre l&#8217;humanit\u00e9 commis en Syrie par des gouvernements &#8220;occidentaux&#8221; (c&#8217;est-\u00e0-dire sous domination anglo-am\u00e9ricano-isra\u00e9lienne), et plus g\u00e9n\u00e9ralement au Moyen-Orient depuis la &#8220;justification&#8221; par la &#8220;lutte contre le terrorisme&#8221; \u00e9mise au lendemain des [&hellip;]<\/p>\n","protected":false},"author":1,"featured_media":0,"comment_status":"open","ping_status":"open","sticky":false,"template":"","format":"standard","meta":[],"categories":[4,134,29],"tags":[606,602,601,604,155,605,603,48,129,71],"_links":{"self":[{"href":"https:\/\/aitia.fr\/erd\/wp-json\/wp\/v2\/posts\/8862"}],"collection":[{"href":"https:\/\/aitia.fr\/erd\/wp-json\/wp\/v2\/posts"}],"about":[{"href":"https:\/\/aitia.fr\/erd\/wp-json\/wp\/v2\/types\/post"}],"author":[{"embeddable":true,"href":"https:\/\/aitia.fr\/erd\/wp-json\/wp\/v2\/users\/1"}],"replies":[{"embeddable":true,"href":"https:\/\/aitia.fr\/erd\/wp-json\/wp\/v2\/comments?post=8862"}],"version-history":[{"count":7,"href":"https:\/\/aitia.fr\/erd\/wp-json\/wp\/v2\/posts\/8862\/revisions"}],"predecessor-version":[{"id":8870,"href":"https:\/\/aitia.fr\/erd\/wp-json\/wp\/v2\/posts\/8862\/revisions\/8870"}],"wp:attachment":[{"href":"https:\/\/aitia.fr\/erd\/wp-json\/wp\/v2\/media?parent=8862"}],"wp:term":[{"taxonomy":"category","embeddable":true,"href":"https:\/\/aitia.fr\/erd\/wp-json\/wp\/v2\/categories?post=8862"},{"taxonomy":"post_tag","embeddable":true,"href":"https:\/\/aitia.fr\/erd\/wp-json\/wp\/v2\/tags?post=8862"}],"curies":[{"name":"wp","href":"https:\/\/api.w.org\/{rel}","templated":true}]}}