{"id":8855,"date":"2017-04-14T22:32:48","date_gmt":"2017-04-14T20:32:48","guid":{"rendered":"https:\/\/aitia.fr\/erd\/?p=8855"},"modified":"2017-04-14T22:32:48","modified_gmt":"2017-04-14T20:32:48","slug":"soral-vite-episode-10-melenchon-la-petite-peur-des-peuples-er","status":"publish","type":"post","link":"https:\/\/aitia.fr\/erd\/soral-vite-episode-10-melenchon-la-petite-peur-des-peuples-er\/","title":{"rendered":"<i>Soral, vite !<\/i> \u2013 \u00c9pisode 10 : &#8220;M\u00e9lenchon : la petite peur des peuples !&#8221; (E&#038;R)"},"content":{"rendered":"<p style=\"text-align: justify;\">[<em>Note de l&#8217;administrateur de ce blog : pour les curieux et les amateurs de lecture, l&#8217;ouvrage m\u00e9connu de Maurice Rajsfus dont parle Alain Soral et qui traite de la collaboration juive sous l&#8217;occupation allemande <a href=\"https:\/\/archive.org\/details\/MauriceRajsfus-DesJuifsDansLaCollaborationLU.g.i.f.1941-1944\" target=\"_blank\">se trouve ici<\/a> en libre t\u00e9l\u00e9chargement et sous diff\u00e9rents formats.<\/em>]<\/p>\n<hr \/>\n<p style=\"text-align: justify;\">(source : <a href=\"https:\/\/www.egaliteetreconciliation.fr\/Soral-vite-Episode-10-Melenchon-la-petite-peur-des-peuples-45161.html\" target=\"_blank\">\u00c9galit\u00e9 &amp; R\u00e9conciliation<\/a>)<\/p>\n<p style=\"text-align: justify;\"><strong>Derni\u00e8re ligne droite avant le 1er tour \u00a0! Le Syst\u00e8me, apr\u00e8s toutes les ing\u00e9nieries possibles, s\u2019est pris les pieds dans le tapis et se retrouve avec un M\u00e9lenchon qui menace Macron&#8230; M\u00eame si le leader de la France insoumise n\u2019est pas dangereux pour la dominance, un effet de r\u00e9pulsion antigauchiste au second tour pourrait propulser Marine Le Pen au pouvoir.<\/strong><\/p>\n<p><strong>Au sommaire de cet \u00e9pisode\u00a0:<\/strong><\/p>\n<p>00\u201917\u00a0: Le sc\u00e9nario Marine-M\u00e9lenchon au second tour<br \/>\n01\u201924\u00a0: Pourquoi M\u00e9lenchon n\u2019est pas dangereux (pour le Syst\u00e8me)<br \/>\n02\u201956\u00a0: La r\u00e9alit\u00e9 de la VIe R\u00e9publique<br \/>\n05\u201956\u00a0: M\u00e9lenchon est le Tsipras fran\u00e7ais<br \/>\n07\u201917\u00a0: Le soutien de BHL, de Sch\u00e4uble et des Rothschild \u00e0 Macron<br \/>\n09\u201900\u00a0: Marine Le Pen pertinente sur le V\u00e9l\u2019 d\u2019Hiv\u2019<br \/>\n12\u201912\u00a0: Qui a transmis les listes de juifs pendant la Guerre\u00a0?<br \/>\n13\u201928\u00a0: Asselineau faux gaulliste et candidat antinational<br \/>\n14\u201959\u00a0: La d\u00e9linquance d\u2019extr\u00eame gauche au service du PS<br \/>\n16\u201926\u00a0: Combattre l\u2019islamisme radical et jouer la politique pro-migrants<\/p>\n<p style=\"text-align: center;\"><iframe loading=\"lazy\" src=\"https:\/\/www.youtube.com\/embed\/aH1RDq-sMEs\" width=\"640\" height=\"360\" frameborder=\"0\" allowfullscreen=\"allowfullscreen\"><\/iframe><\/p>\n","protected":false},"excerpt":{"rendered":"<p>[Note de l&#8217;administrateur de ce blog : pour les curieux et les amateurs de lecture, l&#8217;ouvrage m\u00e9connu de Maurice Rajsfus dont parle Alain Soral et qui traite de la collaboration juive sous l&#8217;occupation allemande se trouve ici en libre t\u00e9l\u00e9chargement et sous diff\u00e9rents formats.] (source : \u00c9galit\u00e9 &amp; R\u00e9conciliation) Derni\u00e8re ligne droite avant le 1er [&hellip;]<\/p>\n","protected":false},"author":1,"featured_media":0,"comment_status":"open","ping_status":"open","sticky":false,"template":"","format":"standard","meta":[],"categories":[4,134],"tags":[49,437,566,577,600,468,590],"_links":{"self":[{"href":"https:\/\/aitia.fr\/erd\/wp-json\/wp\/v2\/posts\/8855"}],"collection":[{"href":"https:\/\/aitia.fr\/erd\/wp-json\/wp\/v2\/posts"}],"about":[{"href":"https:\/\/aitia.fr\/erd\/wp-json\/wp\/v2\/types\/post"}],"author":[{"embeddable":true,"href":"https:\/\/aitia.fr\/erd\/wp-json\/wp\/v2\/users\/1"}],"replies":[{"embeddable":true,"href":"https:\/\/aitia.fr\/erd\/wp-json\/wp\/v2\/comments?post=8855"}],"version-history":[{"count":6,"href":"https:\/\/aitia.fr\/erd\/wp-json\/wp\/v2\/posts\/8855\/revisions"}],"predecessor-version":[{"id":8861,"href":"https:\/\/aitia.fr\/erd\/wp-json\/wp\/v2\/posts\/8855\/revisions\/8861"}],"wp:attachment":[{"href":"https:\/\/aitia.fr\/erd\/wp-json\/wp\/v2\/media?parent=8855"}],"wp:term":[{"taxonomy":"category","embeddable":true,"href":"https:\/\/aitia.fr\/erd\/wp-json\/wp\/v2\/categories?post=8855"},{"taxonomy":"post_tag","embeddable":true,"href":"https:\/\/aitia.fr\/erd\/wp-json\/wp\/v2\/tags?post=8855"}],"curies":[{"name":"wp","href":"https:\/\/api.w.org\/{rel}","templated":true}]}}