{"id":8721,"date":"2017-04-03T18:30:30","date_gmt":"2017-04-03T16:30:30","guid":{"rendered":"https:\/\/aitia.fr\/erd\/?p=8721"},"modified":"2019-09-25T07:42:19","modified_gmt":"2019-09-25T05:42:19","slug":"asselineau-la-conspiration-qui-vient-librairie-tropiques","status":"publish","type":"post","link":"https:\/\/aitia.fr\/erd\/asselineau-la-conspiration-qui-vient-librairie-tropiques\/","title":{"rendered":"Asselineau : la conspiration qui vient&#8230; (librairie Tropiques)"},"content":{"rendered":"<p style=\"text-align: justify;\"><img decoding=\"async\" loading=\"lazy\" class=\"alignleft wp-image-8775\" src=\"https:\/\/aitia.fr\/erd\/wp-content\/uploads\/2017\/04\/conspirationquivient.jpg\" alt=\"\" width=\"500\" height=\"310\" srcset=\"https:\/\/aitia.fr\/erd\/wp-content\/uploads\/2017\/04\/conspirationquivient.jpg 1200w, https:\/\/aitia.fr\/erd\/wp-content\/uploads\/2017\/04\/conspirationquivient-300x186.jpg 300w, https:\/\/aitia.fr\/erd\/wp-content\/uploads\/2017\/04\/conspirationquivient-768x476.jpg 768w, https:\/\/aitia.fr\/erd\/wp-content\/uploads\/2017\/04\/conspirationquivient-1024x635.jpg 1024w, https:\/\/aitia.fr\/erd\/wp-content\/uploads\/2017\/04\/conspirationquivient-600x372.jpg 600w\" sizes=\"(max-width: 500px) 100vw, 500px\" \/>[<em>Note de l&#8217;administrateur de ce blog : il est assez jouissif de voir tous les &#8220;journalistes&#8221; des &#8220;grands&#8221; media devoir, depuis que Fran\u00e7ois Asselineau est officiellement candidat \u00e0 l&#8217;\u00e9lection pr\u00e9sidentielle, accueillir cet &#8220;inconnu&#8221; (la faute \u00e0 qui ?) dans leurs studios et tenter de <a href=\"https:\/\/www.youtube.com\/watch?v=g5z4AYqVACE&amp;t=1m45s\" target=\"_blank\" rel=\"noopener noreferrer\">le faire passer pour un farfelu<\/a>, alors qu&#8217;il est de loin le candidat au discours le plus coh\u00e9rent, aux arguments les plus b\u00e9tonn\u00e9s, au casier judiciaire le plus vierge et qui respecte de la fa\u00e7on la plus scrupuleuse la devise de la R\u00e9publique Fran\u00e7aise.<\/em><\/p>\n<p style=\"text-align: justify;\"><em>Mais si une bonne tranche de rigolade quotidienne aide \u00e0 se maintenir en bonne sant\u00e9, elle ne suffit pas \u00e0 nourrir intellectuellement son homme. Et &#8220;sans travail, le talent n&#8217;est qu&#8217;une sale manie&#8221;, disait je crois le regrett\u00e9 Georges Brassens. Vous connaissiez le mouvement <a href=\"https:\/\/www.slowfood.fr\/\" target=\"_blank\" rel=\"noopener noreferrer\">slow food<\/a> qui s&#8217;attaque \u00e0 la malbouffe et vise par la m\u00eame occasion \u00e0 restaurer une agriculture de qualit\u00e9 ; voici maintenant l&#8217;heure de la politique lente (parce qu&#8217;avec Fran\u00e7ois, on parle fran\u00e7ais, attention) qui s&#8217;attaque aux mensonges en bande organis\u00e9e (<a href=\"https:\/\/aitia.fr\/erd\/avec-decodex-le-monde-journal-en-perdition-se-prend-pour-la-haute-autorite-de-linternet-er\/\" target=\"_blank\" rel=\"noopener noreferrer\">D\u00e9codex<\/a> et autres orwelleries) tout en visant rien de moins que la restauration de la d\u00e9mocratie.<\/em><\/p>\n<p style=\"text-align: justify;\"><em>Et pour cela il vaut mieux prendre son temps : plus de deux heures de conf\u00e9rence et questions devant un public attentif, comme il se doit dans une librairie ; on n&#8217;est pas <a href=\"https:\/\/aitia.fr\/erd\/lambiance-des-meetings-de-macron-rewind\/\" target=\"_blank\" rel=\"noopener noreferrer\">chez Macron<\/a>, les gens ne regardent pas leur smartphone pour savoir quand il faut applaudir. Ceux qui voudront un autre point de vue pourront \u00e9galement se diriger vers <a href=\"https:\/\/www.youtube.com\/watch?v=4TgEOcjVCx8\" target=\"_blank\" rel=\"noopener noreferrer\">l&#8217;enregistrement officiel<\/a> de l&#8217;UPR, en une seule vid\u00e9o de 2 h 18 min.<\/em><\/p>\n<p style=\"text-align: justify;\"><em>On notera tout de m\u00eame que les h\u00f4tes (un peu \u00e2g\u00e9s&#8230;) de Fran\u00e7ois Asselineau \u00e0 la librairie Tropiques se sentent oblig\u00e9s de se d\u00e9marquer, en se pin\u00e7ant le nez et en faisant une moue de d\u00e9go\u00fbt, des opinions d&#8217;individus aussi r\u00e9pugnants que Dieudonn\u00e9 (et de bien d&#8217;autres dont j&#8217;ai un peu de mal \u00e0 voir le point commun)&#8230; preuve qu&#8217;ils ont encore <a href=\"https:\/\/aitia.fr\/erd\/lantisemite\/\" target=\"_blank\" rel=\"noopener noreferrer\">des progr\u00e8s \u00e0 faire<\/a> s&#8217;ils veulent sortir de la matrice.<\/em><\/p>\n<p style=\"text-align: justify;\"><em>Enfin, je conseille \u00e0 ceux qui prendraient Fran\u00e7ois Asselineau pour un gros matou placide incapable de se mettre en col\u00e8re d&#8217;aller \u00e9couter <a href=\"https:\/\/www.youtube.com\/watch?v=RUWeIGVLEZk\" target=\"_blank\" rel=\"noopener noreferrer\">cet enregistrement audio<\/a>, r\u00e9alis\u00e9 lors d&#8217;une de ses conf\u00e9rences publiques \u00e0 une \u00e9poque o\u00f9 l&#8217;UPR \u00e9tait beaucoup moins connue qu&#8217;aujourd&#8217;hui.<\/em>]<\/p>\n<hr \/>\n<p style=\"text-align: justify;\"><strong><em>Comme annonc\u00e9<\/em><\/strong> <strong><em><a href=\"https:\/\/web.archive.org\/web\/20180825140106\/http:\/\/www.librairie-tropiques.fr\/2017\/03\/pourquoi-tant-de-haine-mediatique.html\" target=\"_blank\" rel=\"noopener noreferrer\">dans notre pr\u00e9c\u00e9dent article \u00ab conspirationniste \u00bb<\/a><\/em><\/strong>, il nous a sembl\u00e9 utile et important de donner l\u2019occasion \u00e0 <strong><em>Fran\u00e7ois Asselineau<\/em><\/strong> d\u2019exprimer et argumenter ses positions, depuis le r\u00e9tablissement des services publics, au besoin par renationalisation, jusques et y compris sa r\u00e9cusation de la construction europ\u00e9enne atlantiste et tout ce qui s\u2019ensuit&#8230;( l\u2019Euro, l\u2019OTAN, la commission de Bruxelles, etc.)<\/p>\n<p style=\"text-align: justify;\"><em><b>Dominique Pagani<\/b><\/em> et <em><b>Bruno Drweski<\/b><\/em><b> <\/b>(peu soup\u00e7onnables de partager les id\u00e9es de Soral, le Pen, Zemmour, Ra\u00ebl, Villepin, Luc Besson, Tom Cruise, Dieudonn\u00e9, Brigitte Bardot, Cohn-Bendit, P.Buisson ou F.Fillon) se sont propos\u00e9s pour d\u00e9battre avec Fran\u00e7ois Asselineau sur ces questions d&#8217;\u00e9ducation populaire, historique et&#8230; politique ; de leur point de vue d&#8217;intellectuels marxistes, jugeant que ces accusations de \u00ab complotisme \u00bb ou \u00ab conspirationnisme rouge-brun \u00bb \u00e9taient une sottise essentiellement motiv\u00e9e par l\u2019ignorance de notre propre histoire, aggrav\u00e9e par le n\u00e9gationnisme historique ambiant.<\/p>\n<p style=\"text-align: justify;\"><a href=\"https:\/\/web.archive.org\/web\/20180825130649\/http:\/\/www.librairie-tropiques.fr\/2017\/03\/la-conspiration-qui-vient.html\" target=\"_blank\" rel=\"noopener noreferrer\">Continuer la lecture sur <em>le site de la librairie Tropiques<\/em> \u27f6<\/a><\/p>\n","protected":false},"excerpt":{"rendered":"<p>[Note de l&#8217;administrateur de ce blog : il est assez jouissif de voir tous les &#8220;journalistes&#8221; des &#8220;grands&#8221; media devoir, depuis que Fran\u00e7ois Asselineau est officiellement candidat \u00e0 l&#8217;\u00e9lection pr\u00e9sidentielle, accueillir cet &#8220;inconnu&#8221; (la faute \u00e0 qui ?) dans leurs studios et tenter de le faire passer pour un farfelu, alors qu&#8217;il est de loin [&hellip;]<\/p>\n","protected":false},"author":1,"featured_media":0,"comment_status":"open","ping_status":"open","sticky":false,"template":"","format":"standard","meta":[],"categories":[4,134],"tags":[528,437,577,589,588,48,374,576,225],"_links":{"self":[{"href":"https:\/\/aitia.fr\/erd\/wp-json\/wp\/v2\/posts\/8721"}],"collection":[{"href":"https:\/\/aitia.fr\/erd\/wp-json\/wp\/v2\/posts"}],"about":[{"href":"https:\/\/aitia.fr\/erd\/wp-json\/wp\/v2\/types\/post"}],"author":[{"embeddable":true,"href":"https:\/\/aitia.fr\/erd\/wp-json\/wp\/v2\/users\/1"}],"replies":[{"embeddable":true,"href":"https:\/\/aitia.fr\/erd\/wp-json\/wp\/v2\/comments?post=8721"}],"version-history":[{"count":18,"href":"https:\/\/aitia.fr\/erd\/wp-json\/wp\/v2\/posts\/8721\/revisions"}],"predecessor-version":[{"id":13619,"href":"https:\/\/aitia.fr\/erd\/wp-json\/wp\/v2\/posts\/8721\/revisions\/13619"}],"wp:attachment":[{"href":"https:\/\/aitia.fr\/erd\/wp-json\/wp\/v2\/media?parent=8721"}],"wp:term":[{"taxonomy":"category","embeddable":true,"href":"https:\/\/aitia.fr\/erd\/wp-json\/wp\/v2\/categories?post=8721"},{"taxonomy":"post_tag","embeddable":true,"href":"https:\/\/aitia.fr\/erd\/wp-json\/wp\/v2\/tags?post=8721"}],"curies":[{"name":"wp","href":"https:\/\/api.w.org\/{rel}","templated":true}]}}