{"id":8670,"date":"2017-03-24T22:04:24","date_gmt":"2017-03-24T21:04:24","guid":{"rendered":"https:\/\/aitia.fr\/erd\/?p=8670"},"modified":"2017-03-24T22:25:51","modified_gmt":"2017-03-24T21:25:51","slug":"sils-veulent-bruler-un-livre-lisez-le-gilad-atzmon","status":"publish","type":"post","link":"https:\/\/aitia.fr\/erd\/sils-veulent-bruler-un-livre-lisez-le-gilad-atzmon\/","title":{"rendered":"S&#8217;ils veulent br\u00fbler un livre, lisez-le ! <br>(Gilad Atzmon)"},"content":{"rendered":"<p style=\"text-align: justify;\"><a href=\"https:\/\/www.gilad.co.uk\/writings\/2017\/3\/21\/if-they-want-to-burn-it-you-want-to-read-it\" target=\"_blank\"><img decoding=\"async\" loading=\"lazy\" class=\"alignleft wp-image-8672\" src=\"https:\/\/aitia.fr\/erd\/wp-content\/uploads\/2017\/03\/Richard-Falk-Palestines-Horizon.png\" alt=\"Richard Falk - Palestine's Horizon\" width=\"280\" height=\"431\" srcset=\"https:\/\/aitia.fr\/erd\/wp-content\/uploads\/2017\/03\/Richard-Falk-Palestines-Horizon.png 400w, https:\/\/aitia.fr\/erd\/wp-content\/uploads\/2017\/03\/Richard-Falk-Palestines-Horizon-195x300.png 195w\" sizes=\"(max-width: 280px) 100vw, 280px\" \/><\/a>[<em>Note de l&#8217;administrateur de ce blog : ayant moi-m\u00eame <a href=\"https:\/\/aitia.fr\/erd\/les-etranges-inventions-de-m-kalifat\/\" target=\"_blank\">\u00e9t\u00e9 r\u00e9cemment victime<\/a> <del>d&#8217;un missile<\/del> d&#8217;une missive d\u00e9lirante et diffamatoire envoy\u00e9e depuis la Pr\u00e9sidence <del>de la R\u00e9publique<\/del> du CRIF, je ne pouvais faire autrement que relayer <a href=\"https:\/\/www.gilad.co.uk\/writings\/2017\/3\/21\/if-they-want-to-burn-it-you-want-to-read-it\" target=\"_blank\">cet article de Gilad Atzmon<\/a>, ex-juif <\/em><span id='easy-footnote-1-8670' class='easy-footnote-margin-adjust'><\/span><span class='easy-footnote'><a href='https:\/\/aitia.fr\/erd\/sils-veulent-bruler-un-livre-lisez-le-gilad-atzmon\/#easy-footnote-bottom-1-8670' title='Selon les crit\u00e8res de &lt;a href=&quot;https:\/\/fr.wikipedia.org\/wiki\/Halakha&quot; target=&quot;_blank&quot;&gt;la Halakha&lt;\/a&gt;, tout individu n\u00e9 de m\u00e8re juive est juif et le reste. Selon les crit\u00e8res universalistes de Gilad Atzmon qu&amp;#8217;on pourrait rapprocher, sur bien des points, de Spinoza, ne peut \u00eatre juif qu&amp;#8217;un individu qui a envie de l&amp;#8217;\u00eatre.'><sup>1<\/sup><\/a><\/span><em> et ex-sioniste toujours aussi juste dans ses analyses et dont je partage totalement le point de vue, y compris, h\u00e9las, le pessimisme final. \u00c9galit\u00e9 &amp; R\u00e9conciliation ayant fait le travail avant moi, je vous propose de lire directement leur traduction en fran\u00e7ais ou, bien s\u00fbr, de se reporter \u00e0 l&#8217;original pour les anglophones et les perfectionnistes.<\/em><\/p>\n<p style=\"text-align: justify;\"><em>Et ceux qui ne connaissent pas encore ce remarquable penseur de la &#8220;question juive&#8221; pourront par exemple d\u00e9buter <a href=\"https:\/\/www.gilad.co.uk\/writings\/gilad-atzmon-jews-judaism-jewishness.html\" target=\"_blank\">par cet article<\/a> (en anglais) o\u00f9 il clarifie la diff\u00e9rence entre les juifs, le juda\u00efsme et la jud\u00e9it\u00e9.<\/em>]<\/p>\n<hr \/>\n<p style=\"text-align: justify;\"><em>par Gilad Atzmon, le 21 mars 2017<\/em><\/p>\n<p style=\"text-align: justify;\">L\u2019histoire juive est un encha\u00eenement de catastrophes\u00a0: inquisitions, holocaustes et pogroms. \u00c0 maintes reprises, tout au long de leur histoire, les juifs se retrouvent victimes de discrimination, de pers\u00e9cution et d\u2019expulsion et, pour la plupart des juifs, ce continuum tragique est en grande partie un myst\u00e8re. Pourtant, on pourrait s\u2019attendre \u00e0 ce que les juifs, qui sont, pour s\u00fbr, des gens intelligents, iraient fouiller dans leur pass\u00e9 pour le comprendre et pour prendre toutes les mesures n\u00e9cessaires au changement d\u2019un tel destin.<\/p>\n<p style=\"text-align: justify;\">Je suis n\u00e9 en Isra\u00ebl, j\u2019y ai grandi et il m\u2019a fallu plusieurs ann\u00e9es avant de me rendre compte qu\u2019Isra\u00ebl \u00e9tait la Palestine. Quand j\u2019\u00e9tais jeune Isra\u00e9lien, l\u2019Holocauste et les souffrances juives m\u2019\u00e9taient en quelque sorte \u00e9trangers ainsi qu\u2019\u00e0 mes camarades. C\u2019\u00e9tait l\u2019histoire d\u2019un peuple diff\u00e9rent, \u00e0 savoir celle des juifs de la diaspora, et nous, jeunes Isra\u00e9liens, nous n\u2019aimions pas beaucoup leur pass\u00e9 juif. Nous ne voulions pas nous associer \u00e0 ces gens, tellement d\u00e9test\u00e9s par tant de personnes, si souvent et dans tant de lieux diff\u00e9rents.<\/p>\n<p style=\"text-align: justify;\">Effa\u00e7ant deux mille ans d\u2019un \u00ab\u00a0exil\u00a0\u00bb imaginaire, nous nous voyions comme les fils et les filles de nos \u00ab\u00a0anc\u00eatres\u00a0\u00bb bibliques. Nous \u00e9tions de fiers jeunes gens et nous \u00e9tions d\u00e9go\u00fbt\u00e9s de ces histoires de victimisation. Par cons\u00e9quent, la souffrance juive, \u00e0 bien des \u00e9gards, \u00e9tait une \u00e9nigme pour moi. Mais hier, \u00e0 la London School of Economics (LSE), j\u2019ai assist\u00e9 au spectacle d\u2019un juif qui se comportait tellement incroyablement mal, que beaucoup de ce qui jusqu\u2019ici ne me paraissait pas clair, est tout \u00e0 coup devenu bien trop clair.<\/p>\n<p style=\"text-align: justify;\"><a href=\"https:\/\/www.egaliteetreconciliation.fr\/Gilad-Atzmon-contre-la-censure-sioniste-S-ils-veulent-bruler-un-livre-il-faut-le-lire-44814.html\" target=\"_blank\">Continuer la lecture sur \u00c9galit\u00e9 &amp; R\u00e9conciliation \u27f6<\/a><\/p>\n","protected":false},"excerpt":{"rendered":"<p>[Note de l&#8217;administrateur de ce blog : ayant moi-m\u00eame \u00e9t\u00e9 r\u00e9cemment victime d&#8217;un missile d&#8217;une missive d\u00e9lirante et diffamatoire envoy\u00e9e depuis la Pr\u00e9sidence de la R\u00e9publique du CRIF, je ne pouvais faire autrement que relayer cet article de Gilad Atzmon, ex-juif et ex-sioniste toujours aussi juste dans ses analyses et dont je partage totalement le [&hellip;]<\/p>\n","protected":false},"author":1,"featured_media":0,"comment_status":"open","ping_status":"open","sticky":false,"template":"","format":"standard","meta":[],"categories":[134,3],"tags":[416,445,579,124,578,56],"_links":{"self":[{"href":"https:\/\/aitia.fr\/erd\/wp-json\/wp\/v2\/posts\/8670"}],"collection":[{"href":"https:\/\/aitia.fr\/erd\/wp-json\/wp\/v2\/posts"}],"about":[{"href":"https:\/\/aitia.fr\/erd\/wp-json\/wp\/v2\/types\/post"}],"author":[{"embeddable":true,"href":"https:\/\/aitia.fr\/erd\/wp-json\/wp\/v2\/users\/1"}],"replies":[{"embeddable":true,"href":"https:\/\/aitia.fr\/erd\/wp-json\/wp\/v2\/comments?post=8670"}],"version-history":[{"count":12,"href":"https:\/\/aitia.fr\/erd\/wp-json\/wp\/v2\/posts\/8670\/revisions"}],"predecessor-version":[{"id":8684,"href":"https:\/\/aitia.fr\/erd\/wp-json\/wp\/v2\/posts\/8670\/revisions\/8684"}],"wp:attachment":[{"href":"https:\/\/aitia.fr\/erd\/wp-json\/wp\/v2\/media?parent=8670"}],"wp:term":[{"taxonomy":"category","embeddable":true,"href":"https:\/\/aitia.fr\/erd\/wp-json\/wp\/v2\/categories?post=8670"},{"taxonomy":"post_tag","embeddable":true,"href":"https:\/\/aitia.fr\/erd\/wp-json\/wp\/v2\/tags?post=8670"}],"curies":[{"name":"wp","href":"https:\/\/api.w.org\/{rel}","templated":true}]}}