{"id":8539,"date":"2017-03-08T21:18:35","date_gmt":"2017-03-08T20:18:35","guid":{"rendered":"https:\/\/aitia.fr\/erd\/?p=8539"},"modified":"2017-03-13T06:42:04","modified_gmt":"2017-03-13T05:42:04","slug":"journee-internationale-du-droit-des-femmes-la-parole-a-rosa-luxemburg-er","status":"publish","type":"post","link":"https:\/\/aitia.fr\/erd\/journee-internationale-du-droit-des-femmes-la-parole-a-rosa-luxemburg-er\/","title":{"rendered":"Journ\u00e9e internationale du droit des femmes : la parole \u00e0 Rosa Luxemburg (E&#038;R)"},"content":{"rendered":"<div id=\"attachment_8540\" style=\"width: 270px\" class=\"wp-caption alignleft\"><a href=\"https:\/\/fr.wikipedia.org\/wiki\/Rosa_Luxemburg\" target=\"_blank\"><img aria-describedby=\"caption-attachment-8540\" decoding=\"async\" loading=\"lazy\" class=\"wp-image-8540 size-medium\" src=\"https:\/\/aitia.fr\/erd\/wp-content\/uploads\/2017\/03\/Rosa-Luxemburg-2-240f9-260x300.jpg\" alt=\"\" width=\"260\" height=\"300\" srcset=\"https:\/\/aitia.fr\/erd\/wp-content\/uploads\/2017\/03\/Rosa-Luxemburg-2-240f9-260x300.jpg 260w, https:\/\/aitia.fr\/erd\/wp-content\/uploads\/2017\/03\/Rosa-Luxemburg-2-240f9.jpg 404w\" sizes=\"(max-width: 260px) 100vw, 260px\" \/><\/a><p id=\"caption-attachment-8540\" class=\"wp-caption-text\">Rosa Luxemburg (1871-1919)<\/p><\/div>\n<p style=\"text-align: justify;\"><em>Par <span class=\"vcard author\"><a class=\"url fn spip_in\" href=\"https:\/\/www.egaliteetreconciliation.fr\/_Felix-Niesche_.html\" target=\"_blank\">F\u00e9lix Niesche<br \/>\n<\/a><\/span><\/em><\/p>\n<p style=\"text-align: justify;\"><strong>En cette Journ\u00e9e des femmes, laissons la parole \u00e0 une femme, juive, communiste, qui s\u2019est battue pour \u00ab\u00a0l\u2019\u00e9mancipation des femmes travailleuses\u00a0\u00bb.<\/strong><\/p>\n<hr \/>\n<p class=\"spip\"><strong>Rosa Luxembourg. Extrait de <i>Suffrage f\u00e9minin et lutte de classes<\/i>, mai 1912<\/strong><\/p>\n<p style=\"text-align: justify;\">\u00ab\u00a0Nombre de ces femmes bourgeoises qui agissent comme des lionnes dans la lutte contre les &#8220;pr\u00e9rogatives masculines&#8221;, marcheraient comme des brebis dociles dans le camp de la r\u00e9action conservatrice et cl\u00e9ricale si elles avaient le droit de vote.<\/p>\n<p style=\"text-align: justify;\">En fait, elles seraient certainement bien plus r\u00e9actionnaires que la fraction masculine de leur classe.<\/p>\n<p style=\"text-align: justify;\">\u00c0 part quelques-unes d\u2019entre elles, qui exercent une activit\u00e9 ou une profession, les femmes de la bourgeoisie ne participent pas \u00e0 la production sociale. Elles ne sont rien d\u2019autre que des co-consommatrices de la plus-value que leurs hommes extorquent au prol\u00e9tariat.<\/p>\n<p style=\"text-align: justify;\">Elles sont les parasites des parasites du corps social. Et les co-consommateurs sont g\u00e9n\u00e9ralement plus fr\u00e9n\u00e9tiques et cruels pour d\u00e9fendre leurs &#8220;droits&#8221; \u00e0 une vie parasitaire, que l\u2019agent direct du pouvoir et de l\u2019exploitation de classe.<\/p>\n<p style=\"text-align: justify;\"><a href=\"https:\/\/www.egaliteetreconciliation.fr\/Journee-internationale-du-droit-des-femmes-la-parole-a-Rosa-Luxemburg-44537.html\" target=\"_blank\">Continuer la lecture sur \u00c9galit\u00e9 &amp; R\u00e9conciliation \u27f6<\/a><\/p>\n","protected":false},"excerpt":{"rendered":"<p>Par F\u00e9lix Niesche En cette Journ\u00e9e des femmes, laissons la parole \u00e0 une femme, juive, communiste, qui s\u2019est battue pour \u00ab\u00a0l\u2019\u00e9mancipation des femmes travailleuses\u00a0\u00bb. Rosa Luxembourg. Extrait de Suffrage f\u00e9minin et lutte de classes, mai 1912 \u00ab\u00a0Nombre de ces femmes bourgeoises qui agissent comme des lionnes dans la lutte contre les &#8220;pr\u00e9rogatives masculines&#8221;, marcheraient comme [&hellip;]<\/p>\n","protected":false},"author":1,"featured_media":0,"comment_status":"open","ping_status":"open","sticky":false,"template":"","format":"standard","meta":[],"categories":[134],"tags":[75,52,569],"_links":{"self":[{"href":"https:\/\/aitia.fr\/erd\/wp-json\/wp\/v2\/posts\/8539"}],"collection":[{"href":"https:\/\/aitia.fr\/erd\/wp-json\/wp\/v2\/posts"}],"about":[{"href":"https:\/\/aitia.fr\/erd\/wp-json\/wp\/v2\/types\/post"}],"author":[{"embeddable":true,"href":"https:\/\/aitia.fr\/erd\/wp-json\/wp\/v2\/users\/1"}],"replies":[{"embeddable":true,"href":"https:\/\/aitia.fr\/erd\/wp-json\/wp\/v2\/comments?post=8539"}],"version-history":[{"count":3,"href":"https:\/\/aitia.fr\/erd\/wp-json\/wp\/v2\/posts\/8539\/revisions"}],"predecessor-version":[{"id":8543,"href":"https:\/\/aitia.fr\/erd\/wp-json\/wp\/v2\/posts\/8539\/revisions\/8543"}],"wp:attachment":[{"href":"https:\/\/aitia.fr\/erd\/wp-json\/wp\/v2\/media?parent=8539"}],"wp:term":[{"taxonomy":"category","embeddable":true,"href":"https:\/\/aitia.fr\/erd\/wp-json\/wp\/v2\/categories?post=8539"},{"taxonomy":"post_tag","embeddable":true,"href":"https:\/\/aitia.fr\/erd\/wp-json\/wp\/v2\/tags?post=8539"}],"curies":[{"name":"wp","href":"https:\/\/api.w.org\/{rel}","templated":true}]}}