{"id":8423,"date":"2017-03-02T11:08:20","date_gmt":"2017-03-02T10:08:20","guid":{"rendered":"https:\/\/aitia.fr\/erd\/?p=8423"},"modified":"2017-03-13T06:42:39","modified_gmt":"2017-03-13T05:42:39","slug":"la-delegation-de-neturei-karta-a-paris-le-15-janvier-2017-globalepresse","status":"publish","type":"post","link":"https:\/\/aitia.fr\/erd\/la-delegation-de-neturei-karta-a-paris-le-15-janvier-2017-globalepresse\/","title":{"rendered":"La d\u00e9l\u00e9gation de Neturei Karta \u00e0 Paris, le 15 janvier 2017 (Globalepresse)"},"content":{"rendered":"<p style=\"text-align: justify;\">[<em>Note de l&#8217;administrateur de ce blog : cette vid\u00e9o est d\u00e9di\u00e9e \u00e0 M. Francis Kalifat, pr\u00e9sident du CRIF, qui dans une lettre du 6 f\u00e9vrier 2017 au pr\u00e9sident de mon universit\u00e9 me qualifie de &#8220;militant d&#8217;extr\u00eame droite hallucin\u00e9 dont le cas ressort de la loi Gayssot, sinon de la psychiatrie&#8221;. Je reviendrai ult\u00e9rieurement sur son contenu, \u00e9videmment mensonger et diffamatoire, mais n\u00e9anmoins int\u00e9ressant surtout lorsqu&#8217;il me fait dire des choses que je n&#8217;ai jamais \u00e9crites, r\u00e9v\u00e9lant ainsi une partie de l&#8217;inconscient de M. Kalifat. Ou lorsqu&#8217;il exprime un refus de s&#8217;incliner devant les lois de la physique, qui s&#8217;appliquent pourtant \u00e0 tout et \u00e0 tous sans pr\u00e9f\u00e9rence id\u00e9ologique.<\/em><\/p>\n<p style=\"text-align: justify;\"><em>Et puisque M. Kalifat pr\u00e9tend que mes propos sont des &#8220;d\u00e9lires racistes&#8221;, je lui conseille de lire attentivement <a href=\"https:\/\/aitia.fr\/erd\/la-logique-glissante-des-antiracistes-de-facade\/\" target=\"_blank\">l&#8217;article que j&#8217;ai consacr\u00e9<\/a> \u00e0 la fausse lutte contre le racisme, souvent men\u00e9e par des individus totalement prisonniers d&#8217;une logique raciste, de mani\u00e8re consciente ou non<\/em>. <em>Article que je fais momentan\u00e9ment remonter en premi\u00e8re page du blog car il compl\u00e8te utilement la vid\u00e9o ci-dessous. Pour de v\u00e9ritables d\u00e9lires racistes haineux relevant de la psychiatrie, on pourra consulter l&#8217;une des deux lettres <a href=\"https:\/\/aitia.fr\/erd\/publicite-comparative-israel-iran\/\" target=\"_blank\">cit\u00e9es ici<\/a>.<\/em>]<\/p>\n<p style=\"text-align: center;\"><iframe loading=\"lazy\" src=\"https:\/\/www.youtube.com\/embed\/_gZA9Nh3Yos\" width=\"640\" height=\"360\" frameborder=\"0\" allowfullscreen=\"allowfullscreen\"><\/iframe><\/p>\n","protected":false},"excerpt":{"rendered":"<p>[Note de l&#8217;administrateur de ce blog : cette vid\u00e9o est d\u00e9di\u00e9e \u00e0 M. Francis Kalifat, pr\u00e9sident du CRIF, qui dans une lettre du 6 f\u00e9vrier 2017 au pr\u00e9sident de mon universit\u00e9 me qualifie de &#8220;militant d&#8217;extr\u00eame droite hallucin\u00e9 dont le cas ressort de la loi Gayssot, sinon de la psychiatrie&#8221;. Je reviendrai ult\u00e9rieurement sur son [&hellip;]<\/p>\n","protected":false},"author":1,"featured_media":0,"comment_status":"open","ping_status":"open","sticky":false,"template":"","format":"standard","meta":[],"categories":[134,133,29],"tags":[508,162,547,545,546,56],"_links":{"self":[{"href":"https:\/\/aitia.fr\/erd\/wp-json\/wp\/v2\/posts\/8423"}],"collection":[{"href":"https:\/\/aitia.fr\/erd\/wp-json\/wp\/v2\/posts"}],"about":[{"href":"https:\/\/aitia.fr\/erd\/wp-json\/wp\/v2\/types\/post"}],"author":[{"embeddable":true,"href":"https:\/\/aitia.fr\/erd\/wp-json\/wp\/v2\/users\/1"}],"replies":[{"embeddable":true,"href":"https:\/\/aitia.fr\/erd\/wp-json\/wp\/v2\/comments?post=8423"}],"version-history":[{"count":10,"href":"https:\/\/aitia.fr\/erd\/wp-json\/wp\/v2\/posts\/8423\/revisions"}],"predecessor-version":[{"id":8437,"href":"https:\/\/aitia.fr\/erd\/wp-json\/wp\/v2\/posts\/8423\/revisions\/8437"}],"wp:attachment":[{"href":"https:\/\/aitia.fr\/erd\/wp-json\/wp\/v2\/media?parent=8423"}],"wp:term":[{"taxonomy":"category","embeddable":true,"href":"https:\/\/aitia.fr\/erd\/wp-json\/wp\/v2\/categories?post=8423"},{"taxonomy":"post_tag","embeddable":true,"href":"https:\/\/aitia.fr\/erd\/wp-json\/wp\/v2\/tags?post=8423"}],"curies":[{"name":"wp","href":"https:\/\/api.w.org\/{rel}","templated":true}]}}