{"id":8273,"date":"2017-02-06T18:30:57","date_gmt":"2017-02-06T17:30:57","guid":{"rendered":"https:\/\/aitia.fr\/erd\/?p=8273"},"modified":"2017-02-06T14:58:15","modified_gmt":"2017-02-06T13:58:15","slug":"emmanuel-macron-acteur-banquier-et-peut-etre-president-geopolintel","status":"publish","type":"post","link":"https:\/\/aitia.fr\/erd\/emmanuel-macron-acteur-banquier-et-peut-etre-president-geopolintel\/","title":{"rendered":"Emmanuel Macron : acteur, banquier et peut-\u00eatre <br>Pr\u00e9sident&#8230; (G\u00e9opolintel)"},"content":{"rendered":"<p style=\"text-align: justify;\"><img decoding=\"async\" loading=\"lazy\" class=\"alignleft wp-image-8275\" src=\"https:\/\/aitia.fr\/erd\/wp-content\/uploads\/2017\/02\/macron-dd12c.jpg\" width=\"390\" height=\"336\" srcset=\"https:\/\/aitia.fr\/erd\/wp-content\/uploads\/2017\/02\/macron-dd12c.jpg 477w, https:\/\/aitia.fr\/erd\/wp-content\/uploads\/2017\/02\/macron-dd12c-300x258.jpg 300w\" sizes=\"(max-width: 390px) 100vw, 390px\" \/>[<em>Note de l&#8217;administrateur de ce blog : j&#8217;ai d\u00e9j\u00e0 \u00e9voqu\u00e9 Macron et son mouvement politique &#8220;En marche&#8221;, pure baudruche m\u00e9diatique, dans <a href=\"https:\/\/aitia.fr\/erd\/en-marche-ou-esbroufe-mediatique\/\" target=\"_blank\">cet article<\/a>. Il est n\u00e9anmoins fascinant de voir comment ce tr\u00e8s mauvais acteur (voir la vid\u00e9o hilarante de son discours dans l&#8217;article complet de G\u00e9opolintel), au-del\u00e0 du ridicule, a n\u00e9anmoins des chances non n\u00e9gligeables de devenir le prochain Pr\u00e9sident de la R\u00e9publique, et donc de parfaire l&#8217;\u0153uvre de destruction et de soumission de la nation fran\u00e7aise entreprise depuis bien longtemps, mais singuli\u00e8rement acc\u00e9l\u00e9r\u00e9e sous Sarkozy puis Hollande.<\/em><\/p>\n<p style=\"text-align: justify;\"><em>Ces chances d&#8217;acc\u00e9der \u00e0 la t\u00eate de l&#8217;\u00c9tat sont \u00e9videmment fortement d\u00e9pendantes du lynchage m\u00e9diatique en cours de Fran\u00e7ois Fillon, que Francis Cousin analyse comme <a href=\"https:\/\/www.youtube.com\/watch?v=VPDxUfERGyQ\" target=\"_blank\">un assassinat symbolique<\/a> n\u00e9cessaire \u00e0 la promotion de Macron, pr\u00e9sent\u00e9 comme le &#8220;laboratoire le plus extr\u00e9miste du devenir du Capital pour casser les luttes de classes&#8221;.\u00a0 <\/em><\/p>\n<p style=\"text-align: justify;\"><em>Et pour parfaire la noirceur du portrait de notre fausse d\u00e9mocratie fran\u00e7aise, qui n&#8217;est plus qu&#8217;un d\u00e9cor branlant, on pourra comparer l&#8217;essor fulgurant du &#8220;parti&#8221; de Macron (parti de rien il y a quelques mois&#8230; pour arriver \u00e0 rien jusqu&#8217;\u00e0 pr\u00e9sent, puisque son programme <a href=\"https:\/\/en-marche.fr\/\" target=\"_blank\">demeure inconnu<\/a>), propuls\u00e9 par un battage m\u00e9diatique inou\u00ef, avec la censure totale subie par l&#8217;<a href=\"https:\/\/www.upr.fr\/\" target=\"_blank\">Union Populaire R\u00e9publicaine<\/a> depuis maintenant dix ans, alors que ce parti de 15 000 adh\u00e9rents (soit plus que n&#8217;en compte le <a href=\"https:\/\/fr.wikipedia.org\/wiki\/Mouvement_d%C3%A9mocrate_(France)\" target=\"_blank\">MoDem<\/a> de Fran\u00e7ois Bayrou) propose <a href=\"https:\/\/www.upr.fr\/programme-elections-presidentielles-france\" target=\"_blank\">un programme<\/a> qui se r\u00e9v\u00e8le chaque jour un peu plus en accord avec les probl\u00e8mes du moment, au premier rang desquels figure la perte de souverainet\u00e9 due \u00e0 l&#8217;Union Europ\u00e9enne.<\/em>]<\/p>\n<hr \/>\n<p style=\"text-align: justify;\">Pendant que les candidats \u00e0 la pr\u00e9sidentielle s\u2019\u00e9tripent, Emmanuel Macron est \u00ab\u00a0En Marche\u00a0\u00bb pour le Palais des Festivals de Cannes ou bien pour celui de l\u2019Elys\u00e9e. Mais n\u2019est pas Ronald Reagan qui veut\u00a0!<\/p>\n<p style=\"text-align: justify;\">Emmanuel Macron a \u00e9t\u00e9 surrepr\u00e9sent\u00e9 dans la presse fran\u00e7aise, notamment celle de Patrick Drahi, ami de Bernard Mourad, Conseiller sp\u00e9cial charg\u00e9 du financement de sa campagne du mouvement \u00ab\u00a0En Marche\u00a0\u00bb. Le r\u00f4le qui lui a \u00e9t\u00e9 attribu\u00e9 n\u2019efface pas son pass\u00e9 de banquier d\u2019affaire. Pour des professionnels de la communication, c\u2019est rat\u00e9, et nous en avons pour preuve la caricaturale expression de rage de son discours de Paris. Si les am\u00e9ricains ont \u00e9lu un \u00ab\u00a0acteur cowboy\u00a0\u00bb en 1980, les fran\u00e7ais vont-ils voter pour un acteur peu convainquant dans le r\u00f4le du \u00ab\u00a0r\u00e9volutionnaire\u00a0\u00bb\u00a0?<\/p>\n<p style=\"text-align: justify;\">Pourquoi les hommes \u00ab\u00a0derri\u00e8re\u00a0\u00bb Macron continuent-t-ils \u00e0 persister dans cette strat\u00e9gie grossi\u00e8re\u00a0?<\/p>\n<p style=\"text-align: justify;\">Et bien l\u2019enjeu est important, puisque la France, tout comme les Etats Unis, peut \u00e9lire un Pr\u00e9sident qui \u00e9chappe au \u00ab\u00a0syst\u00e8me\u00a0\u00bb.<\/p>\n<p style=\"text-align: justify;\">Le contexte, c\u2019est l\u2019imbroglio politique et financier de cette fin d\u2019ann\u00e9e 2016, avec l\u2019abdication de Fran\u00e7ois Hollande et sa soumission \u00e0 la finance, son ennemie d\u00e9clar\u00e9e lors de sa campagne des pr\u00e9sidentielles de 2012. Hollande a re\u00e7u dans le plus grand secret, selon le Wall Street Journal, le PDG de la JP Morgan lui faisant miroiter de rapatrier les emplois de la City de Londres \u00e0 Paris en raison du \u00ab\u00a0Brexit\u00a0\u00bb. Le \u00ab\u00a0deal\u00a0\u00bb \u00e9tant de casser les lois du Code du travail en France. A cela Hollande a exprim\u00e9 l\u2019assurance que ce serait fait, soit sous son mandat, soit avec le prochain gouvernement de 2017.<\/p>\n<p style=\"text-align: justify;\">Macron sera-t-il celui qui, comme tout bon \u00ab\u00a0r\u00e9volutionnaire lib\u00e9ral\u00a0\u00bb, cassera les derniers remparts de notre pays face \u00e0 la d\u00e9r\u00e9gulation des banquiers internationaux\u00a0?<\/p>\n<p style=\"text-align: justify;\"><a href=\"https:\/\/www.geopolintel.fr\/article1936.html\" target=\"_blank\">Continuer la lecture sur G\u00e9opolintel \u27f6<\/a><\/p>\n","protected":false},"excerpt":{"rendered":"<p>[Note de l&#8217;administrateur de ce blog : j&#8217;ai d\u00e9j\u00e0 \u00e9voqu\u00e9 Macron et son mouvement politique &#8220;En marche&#8221;, pure baudruche m\u00e9diatique, dans cet article. Il est n\u00e9anmoins fascinant de voir comment ce tr\u00e8s mauvais acteur (voir la vid\u00e9o hilarante de son discours dans l&#8217;article complet de G\u00e9opolintel), au-del\u00e0 du ridicule, a n\u00e9anmoins des chances non n\u00e9gligeables [&hellip;]<\/p>\n","protected":false},"author":1,"featured_media":0,"comment_status":"open","ping_status":"open","sticky":false,"template":"","format":"standard","meta":[],"categories":[4,134,29],"tags":[524,59,66,467,522,525,526,523,521,48],"_links":{"self":[{"href":"https:\/\/aitia.fr\/erd\/wp-json\/wp\/v2\/posts\/8273"}],"collection":[{"href":"https:\/\/aitia.fr\/erd\/wp-json\/wp\/v2\/posts"}],"about":[{"href":"https:\/\/aitia.fr\/erd\/wp-json\/wp\/v2\/types\/post"}],"author":[{"embeddable":true,"href":"https:\/\/aitia.fr\/erd\/wp-json\/wp\/v2\/users\/1"}],"replies":[{"embeddable":true,"href":"https:\/\/aitia.fr\/erd\/wp-json\/wp\/v2\/comments?post=8273"}],"version-history":[{"count":16,"href":"https:\/\/aitia.fr\/erd\/wp-json\/wp\/v2\/posts\/8273\/revisions"}],"predecessor-version":[{"id":8290,"href":"https:\/\/aitia.fr\/erd\/wp-json\/wp\/v2\/posts\/8273\/revisions\/8290"}],"wp:attachment":[{"href":"https:\/\/aitia.fr\/erd\/wp-json\/wp\/v2\/media?parent=8273"}],"wp:term":[{"taxonomy":"category","embeddable":true,"href":"https:\/\/aitia.fr\/erd\/wp-json\/wp\/v2\/categories?post=8273"},{"taxonomy":"post_tag","embeddable":true,"href":"https:\/\/aitia.fr\/erd\/wp-json\/wp\/v2\/tags?post=8273"}],"curies":[{"name":"wp","href":"https:\/\/api.w.org\/{rel}","templated":true}]}}