{"id":8250,"date":"2017-02-04T22:09:32","date_gmt":"2017-02-04T21:09:32","guid":{"rendered":"https:\/\/aitia.fr\/erd\/?p=8250"},"modified":"2017-02-04T22:09:32","modified_gmt":"2017-02-04T21:09:32","slug":"soral-vite-episode-2-candidats-en-on-piege-a-cons-er","status":"publish","type":"post","link":"https:\/\/aitia.fr\/erd\/soral-vite-episode-2-candidats-en-on-piege-a-cons-er\/","title":{"rendered":"Soral, vite ! \u2013 \u00c9pisode 2 : <br>&#8220;Candidats en &#8220;on&#8221; : pi\u00e8ge \u00e0 cons !&#8221; (E&#038;R)"},"content":{"rendered":"<p style=\"text-align: justify;\"><a href=\"https:\/\/diktacratie.com\/elections-presidentielles-j-4\/\" target=\"_blank\"><img decoding=\"async\" loading=\"lazy\" class=\"alignleft wp-image-8257 size-full\" src=\"https:\/\/aitia.fr\/erd\/wp-content\/uploads\/2017\/02\/coluche.jpg\" width=\"212\" height=\"237\" \/><\/a>[<em>Note de l&#8217;administrateur de ce blog : au moment o\u00f9 Alain Soral est <a href=\"https:\/\/www.egaliteetreconciliation.fr\/Alain-Soral-en-etat-d-arrestation-43984.html\" target=\"_blank\">en \u00e9tat d&#8217;arrestation<\/a> (pour quel motif ? on l&#8217;ignore, mais avec Dieudonn\u00e9 et Soral on est habitu\u00e9 aux motifs les plus fantaisistes), il est urgent d&#8217;\u00e9couter ce que ce sociologue et analyste politique hors pair peut nous dire de la mascarade d\u00e9mocratique en cours. \u00c0 mille lieues des vaticinations de politique politicienne dont nous abreuvent les &#8220;experts politiques&#8221; de plateaux t\u00e9l\u00e9, et en allant droit au but avec la franchise, voire la brutalit\u00e9, qui le caract\u00e9risent.<\/em><\/p>\n<p style=\"text-align: justify;\"><em>Tiens, d&#8217;ailleurs, et si c&#8217;\u00e9tait cela, la v\u00e9ritable raison de l&#8217;envoi des gendarmes chez lui ? On retiendra en tout cas que les appels \u00e0 <a href=\"https:\/\/www.youtube.com\/watch?v=PlBBZmLYTp4\" target=\"_blank\">l&#8217;intelligence<\/a>, \u00e0 <a href=\"https:\/\/www.youtube.com\/watch?v=19-eCyQQOLA\" target=\"_blank\">l&#8217;esprit critique<\/a> et \u00e0 <a href=\"https:\/\/www.youtube.com\/watch?v=m8DlRnqlHsE\" target=\"_blank\">la non-violence<\/a> semblent infiniment plus dangereux pour certains que <a href=\"https:\/\/www.egaliteetreconciliation.fr\/Eric-Zemmour-enseignant-l-islamophobie-aux-chretiens-43397.html\" target=\"_blank\">les appels \u00e0 la guerre civile<\/a> d&#8217;autres personnages publics, jamais inqui\u00e9t\u00e9s.<\/em>]<\/p>\n<hr \/>\n<p style=\"text-align: justify;\"><strong>Dans ce second \u00e9pisode d\u2019une s\u00e9rie pleine de rebondissements et de confirmations, Alain Soral passe en revue les candidats en lice pour cette pr\u00e9sidentielle tr\u00e8s sp\u00e9ciale et d\u00e9chire le voile sur la strat\u00e9gie et la fonction r\u00e9elle des candidats M\u00e9lenchon et Macron. Sans oublier le sort oligarchique fait au pauvre Fillon&#8230;<br \/>\nUne grande le\u00e7on de politique, fluide, p\u00e9dagogique et percutante\u00a0! <\/strong><\/p>\n<blockquote class=\"spip\"><p><em>\u00ab\u00a0M\u00e9lenchon\u00a0? Son parcours ne correspond jamais \u00e0 sa vision du monde&#8230; C\u2019est l\u2019arme anti-Front national et anti-Le Pen du Syst\u00e8me \u00e0 gauche\u00a0\u00bb<\/em><\/p><\/blockquote>\n<p>&nbsp;<\/p>\n<p style=\"text-align: center;\"><iframe loading=\"lazy\" src=\"https:\/\/www.youtube.com\/embed\/Yl2TBBy3HII\" width=\"640\" height=\"360\" frameborder=\"0\" allowfullscreen=\"allowfullscreen\"><\/iframe><\/p>\n","protected":false},"excerpt":{"rendered":"<p>[Note de l&#8217;administrateur de ce blog : au moment o\u00f9 Alain Soral est en \u00e9tat d&#8217;arrestation (pour quel motif ? on l&#8217;ignore, mais avec Dieudonn\u00e9 et Soral on est habitu\u00e9 aux motifs les plus fantaisistes), il est urgent d&#8217;\u00e9couter ce que ce sociologue et analyste politique hors pair peut nous dire de la mascarade d\u00e9mocratique [&hellip;]<\/p>\n","protected":false},"author":1,"featured_media":0,"comment_status":"open","ping_status":"open","sticky":false,"template":"","format":"standard","meta":[],"categories":[1],"tags":[],"_links":{"self":[{"href":"https:\/\/aitia.fr\/erd\/wp-json\/wp\/v2\/posts\/8250"}],"collection":[{"href":"https:\/\/aitia.fr\/erd\/wp-json\/wp\/v2\/posts"}],"about":[{"href":"https:\/\/aitia.fr\/erd\/wp-json\/wp\/v2\/types\/post"}],"author":[{"embeddable":true,"href":"https:\/\/aitia.fr\/erd\/wp-json\/wp\/v2\/users\/1"}],"replies":[{"embeddable":true,"href":"https:\/\/aitia.fr\/erd\/wp-json\/wp\/v2\/comments?post=8250"}],"version-history":[{"count":8,"href":"https:\/\/aitia.fr\/erd\/wp-json\/wp\/v2\/posts\/8250\/revisions"}],"predecessor-version":[{"id":8259,"href":"https:\/\/aitia.fr\/erd\/wp-json\/wp\/v2\/posts\/8250\/revisions\/8259"}],"wp:attachment":[{"href":"https:\/\/aitia.fr\/erd\/wp-json\/wp\/v2\/media?parent=8250"}],"wp:term":[{"taxonomy":"category","embeddable":true,"href":"https:\/\/aitia.fr\/erd\/wp-json\/wp\/v2\/categories?post=8250"},{"taxonomy":"post_tag","embeddable":true,"href":"https:\/\/aitia.fr\/erd\/wp-json\/wp\/v2\/tags?post=8250"}],"curies":[{"name":"wp","href":"https:\/\/api.w.org\/{rel}","templated":true}]}}