{"id":8234,"date":"2017-02-03T22:27:24","date_gmt":"2017-02-03T21:27:24","guid":{"rendered":"https:\/\/aitia.fr\/erd\/?p=8234"},"modified":"2017-02-21T06:04:49","modified_gmt":"2017-02-21T05:04:49","slug":"avec-decodex-le-monde-journal-en-perdition-se-prend-pour-la-haute-autorite-de-linternet-er","status":"publish","type":"post","link":"https:\/\/aitia.fr\/erd\/avec-decodex-le-monde-journal-en-perdition-se-prend-pour-la-haute-autorite-de-linternet-er\/","title":{"rendered":"Avec D\u00e9codex, Le Monde, journal en perdition, se prend pour la Haute Autorit\u00e9 de l\u2019Internet (E&#038;R)"},"content":{"rendered":"<p style=\"text-align: justify;\"><a href=\"https:\/\/www.publicdomainpictures.net\/view-image.php?image=2563&amp;picture=&amp;jazyk=FR\" target=\"_blank\"><img decoding=\"async\" loading=\"lazy\" class=\"alignleft wp-image-8239\" src=\"https:\/\/aitia.fr\/erd\/wp-content\/uploads\/2017\/02\/scier-la-branche.jpg\" width=\"400\" height=\"274\" srcset=\"https:\/\/aitia.fr\/erd\/wp-content\/uploads\/2017\/02\/scier-la-branche.jpg 615w, https:\/\/aitia.fr\/erd\/wp-content\/uploads\/2017\/02\/scier-la-branche-300x205.jpg 300w, https:\/\/aitia.fr\/erd\/wp-content\/uploads\/2017\/02\/scier-la-branche-600x411.jpg 600w\" sizes=\"(max-width: 400px) 100vw, 400px\" \/><\/a>[<em>Note de l&#8217;administrateur de ce blog : on ne peut qu&#8217;\u00eatre sid\u00e9r\u00e9 de voir avec quelle constance et quelle application les &#8220;journalistes&#8221; de feu Le Monde s&#8217;emploient \u00e0 scier les derni\u00e8res fibres de bois de la branche sur laquelle ils sont assis. Comme le note l&#8217;article ci-dessous, le parall\u00e8le <a href=\"https:\/\/www.youtube.com\/watch?v=LGGmw-RPwK4&amp;t=46m2s\" target=\"_blank\">avec une sc\u00e8ne<\/a> d&#8217;un film comique des Inconnus (<a href=\"https:\/\/fr.wikipedia.org\/wiki\/Le_Pari_(film,_1997)\" target=\"_blank\">Le Pari<\/a>) est saisissant.<\/em><\/p>\n<p style=\"text-align: justify;\"><em>Mais peut-\u00eatre est-ce finalement une aide d\u00e9guis\u00e9e \u00e0 la r\u00e9information ? Tout comme BHL, le philosophe-rentier dont on sait depuis longtemps que lorsqu&#8217;il dit blanc, il est sage de comprendre noir, le <a href=\"https:\/\/www.lemonde.fr\/verification\/\" target=\"_blank\">D\u00e9codex<\/a> pourrait bien in fine orienter les lecteurs ind\u00e9cis d&#8217;internet vers les sources les plus int\u00e9ressantes. Car une boussole qui indique syst\u00e9matiquement le sud est aussi utile et fiable qu&#8217;une qui indique le nord, une fois qu&#8217;on a compris sa sp\u00e9cificit\u00e9.<\/em><\/p>\n<p style=\"text-align: justify;\"><em>Et ce serait logique : BHL est <a href=\"https:\/\/tempsreel.nouvelobs.com\/rue89\/rue89-medias\/20140914.RUE5751\/le-monde-assassine-la-piece-de-bhl-membre-de-son-conseil-de-surveillance.html\" target=\"_blank\">membre du Conseil de surveillance<\/a> du Monde.<\/em>]<\/p>\n<hr \/>\n<p style=\"text-align: justify;\"><strong>La moiti\u00e9 du Net a cru a une blague, mais Le Monde n\u2019a pas d\u2019humour. Il l\u2019a prouv\u00e9 en 2003, lorsque Pierre P\u00e9an et Philippe Cohen ont sorti leur Face cach\u00e9e du Monde chez le grand \u00e9diteur Fayard. Un livre-torpille qui fera voler en \u00e9clats l\u2019ind\u00e9pendance du journal en r\u00e9v\u00e9lant sa soumission au March\u00e9, son parti pris oligarchique (am\u00e9ricano-sioniste) permanent, son abandon du social au profit du lib\u00e9ral, entra\u00eenant une perte croissante d\u2019influence. Seuls les journalistes t\u00e9l\u00e9, sous-inform\u00e9s, le prennent encore totalement au s\u00e9rieux.<\/strong><\/p>\n<p style=\"text-align: justify;\"><strong> Le Monde fut un exemple, il est devenu un repoussoir pour les lecteurs intelligents.<\/strong><\/p>\n<p style=\"text-align: justify;\">Le d\u00e9veloppement de l\u2019Internet, avec la naissance de l\u2019information non-align\u00e9e et les \u00e9changes horizontaux, portera le second coup, impactant cette fois-ci le secteur financier du journal. Lourdement endett\u00e9 depuis la pr\u00e9sidence Colombani, il n\u2019a plus sorti la t\u00eate de l\u2019eau depuis. La perte de cr\u00e9dibilit\u00e9 associ\u00e9e \u00e0 la concurrence de l\u2019information libre, avec sa croissance exponentielle impossible \u00e0 juguler, ont eu raison d\u2019un journal qui ne tient plus que sur sa (vieille) r\u00e9putation, qui n\u2019a d\u00e9sormais plus rien \u00e0 voir avec la r\u00e9alit\u00e9. L\u2019injonction de suivre la ligne oligarchique au d\u00e9triment de la v\u00e9rit\u00e9 et de la popularit\u00e9, ainsi que le nouvel actionnariat de la tro\u00efka BNP (Berg\u00e9-Niel-Pigasse), ont r\u00e9v\u00e9l\u00e9 la fonction r\u00e9elle de ce titre partiellement subventionn\u00e9 par l\u2019\u00c9tat : faire tenir, co\u00fbte que co\u00fbte, les versions officielles, quitte \u00e0 somber dans les contradictions, \u00e0 se ridiculiser et \u00e0 devoir justifier des tissus de mensonges.<\/p>\n<p style=\"text-align: justify;\"><img decoding=\"async\" loading=\"lazy\" class=\"aligncenter wp-image-8235 size-full\" src=\"https:\/\/aitia.fr\/erd\/wp-content\/uploads\/2017\/02\/decodex_info_alternative-71241.jpg\" width=\"650\" height=\"323\" srcset=\"https:\/\/aitia.fr\/erd\/wp-content\/uploads\/2017\/02\/decodex_info_alternative-71241.jpg 650w, https:\/\/aitia.fr\/erd\/wp-content\/uploads\/2017\/02\/decodex_info_alternative-71241-300x149.jpg 300w, https:\/\/aitia.fr\/erd\/wp-content\/uploads\/2017\/02\/decodex_info_alternative-71241-600x298.jpg 600w\" sizes=\"(max-width: 650px) 100vw, 650px\" \/><\/p>\n<p style=\"text-align: justify;\"><a href=\"https:\/\/www.egaliteetreconciliation.fr\/Avec-Decodex-Le-Monde-journal-en-perdition-se-prend-pour-la-Haute-Autorite-de-l-Internet-43969.html\" target=\"_blank\">Continuer la lecture sur \u00c9galit\u00e9 &amp; R\u00e9conciliation \u27f6<\/a><\/p>\n<p style=\"text-align: justify;\"><strong><em>Mise \u00e0 jour 13 f\u00e9vrier 2017 :<\/em><\/strong> voir \u00e9galement <a href=\"https:\/\/www.ojim.fr\/decodex-le-monde-finance-par-google-leffet-boomerang\/?utm_source=Newsletter&amp;utm_campaign=f38977c2e3-mailchimp&amp;utm_medium=email&amp;utm_term=0_ca15a58a97-f38977c2e3-71452929\" target=\"_blank\">le r\u00e9jouissant article de l&#8217;OJIM<\/a> sur la question, qui r\u00e9v\u00e8le que Google finance en partie cette burlesque initiative.<\/p>\n<p style=\"text-align: justify;\"><strong><em>Mise \u00e0 jour 17 f\u00e9vrier 2017 :<\/em><\/strong> de petits malins ont mis en ligne, et en clair, <a href=\"https:\/\/www.zerobin.net\/?9f42ce066bc73c85#4UTYTDocvkRFmMmTd7\/wFlYidVst2DAJcab2e\/PWA4o=\" target=\"_blank\">la base de donn\u00e9es du D\u00e9codex<\/a>, qu&#8217;il est instructif de parcourir par cat\u00e9gories. Sans aller jusqu&#8217;\u00e0 dire &#8211; comme mon coll\u00e8gue Jacques Sapir &#8211; que le D\u00e9codex <a href=\"https:\/\/russeurope.hypotheses.org\/5692\" target=\"_blank\">fonctionne &#8220;\u00e0 l&#8217;envers&#8221;<\/a>, on peut \u00eatre \u00e0 peu pr\u00e8s certain que si c&#8217;est vert, c&#8217;est sans int\u00e9r\u00eat et tr\u00e8s peu fiable, et que si c&#8217;est rouge, c&#8217;est \u00e9ventuellement du grand n&#8217;importe quoi &#8211; <a href=\"https:\/\/reptiliens.blogspot.fr\/\" target=\"_blank\">\u00e7a arrive<\/a> &#8211; mais plus souvent <a href=\"https:\/\/www.voltairenet.org\/fr\" target=\"_blank\">un site qui m\u00e9rite le d\u00e9tour<\/a> et combat le mensonge officiel avec talent et rigueur.<\/p>\n<p style=\"text-align: justify;\">On s&#8217;amusera \u00e0 pointer le nombre d&#8217;occurrences du terme &#8220;conspirationniste&#8221; dans la cat\u00e9gorie rouge, dont mes lecteurs savent d\u00e9j\u00e0 <a href=\"https:\/\/aitia.fr\/erd\/les-mots-creux-du-nouveau-maccarthysme\/\" target=\"_blank\">ce qu&#8217;il m&#8217;inspire<\/a>.<\/p>\n","protected":false},"excerpt":{"rendered":"<p>[Note de l&#8217;administrateur de ce blog : on ne peut qu&#8217;\u00eatre sid\u00e9r\u00e9 de voir avec quelle constance et quelle application les &#8220;journalistes&#8221; de feu Le Monde s&#8217;emploient \u00e0 scier les derni\u00e8res fibres de bois de la branche sur laquelle ils sont assis. Comme le note l&#8217;article ci-dessous, le parall\u00e8le avec une sc\u00e8ne d&#8217;un film comique [&hellip;]<\/p>\n","protected":false},"author":1,"featured_media":0,"comment_status":"open","ping_status":"open","sticky":false,"template":"","format":"standard","meta":[],"categories":[4,134,29],"tags":[516,126,515,517,20,48,12],"_links":{"self":[{"href":"https:\/\/aitia.fr\/erd\/wp-json\/wp\/v2\/posts\/8234"}],"collection":[{"href":"https:\/\/aitia.fr\/erd\/wp-json\/wp\/v2\/posts"}],"about":[{"href":"https:\/\/aitia.fr\/erd\/wp-json\/wp\/v2\/types\/post"}],"author":[{"embeddable":true,"href":"https:\/\/aitia.fr\/erd\/wp-json\/wp\/v2\/users\/1"}],"replies":[{"embeddable":true,"href":"https:\/\/aitia.fr\/erd\/wp-json\/wp\/v2\/comments?post=8234"}],"version-history":[{"count":15,"href":"https:\/\/aitia.fr\/erd\/wp-json\/wp\/v2\/posts\/8234\/revisions"}],"predecessor-version":[{"id":8402,"href":"https:\/\/aitia.fr\/erd\/wp-json\/wp\/v2\/posts\/8234\/revisions\/8402"}],"wp:attachment":[{"href":"https:\/\/aitia.fr\/erd\/wp-json\/wp\/v2\/media?parent=8234"}],"wp:term":[{"taxonomy":"category","embeddable":true,"href":"https:\/\/aitia.fr\/erd\/wp-json\/wp\/v2\/categories?post=8234"},{"taxonomy":"post_tag","embeddable":true,"href":"https:\/\/aitia.fr\/erd\/wp-json\/wp\/v2\/tags?post=8234"}],"curies":[{"name":"wp","href":"https:\/\/api.w.org\/{rel}","templated":true}]}}