{"id":8221,"date":"2017-01-30T12:00:52","date_gmt":"2017-01-30T11:00:52","guid":{"rendered":"https:\/\/aitia.fr\/erd\/?p=8221"},"modified":"2017-01-30T11:55:15","modified_gmt":"2017-01-30T10:55:15","slug":"pourquoi-votre-gauche-nest-pas-la-notre-arret-sur-info","status":"publish","type":"post","link":"https:\/\/aitia.fr\/erd\/pourquoi-votre-gauche-nest-pas-la-notre-arret-sur-info\/","title":{"rendered":"Pourquoi votre gauche n\u2019est pas la n\u00f4tre (Arr\u00eat sur Info)"},"content":{"rendered":"<div id=\"attachment_8223\" style=\"width: 310px\" class=\"wp-caption alignleft\"><a href=\"https:\/\/www.cercledesvolontaires.fr\/2016\/06\/27\/brexit-et-maintenant-bruno-guigue\/\" target=\"_blank\"><img aria-describedby=\"caption-attachment-8223\" decoding=\"async\" loading=\"lazy\" class=\"wp-image-8223 size-medium\" src=\"https:\/\/aitia.fr\/erd\/wp-content\/uploads\/2017\/01\/Bruno-Guigue-r-300x239.jpg\" alt=\"Bruno Guigue\" width=\"300\" height=\"239\" srcset=\"https:\/\/aitia.fr\/erd\/wp-content\/uploads\/2017\/01\/Bruno-Guigue-r-300x239.jpg 300w, https:\/\/aitia.fr\/erd\/wp-content\/uploads\/2017\/01\/Bruno-Guigue-r.jpg 424w\" sizes=\"(max-width: 300px) 100vw, 300px\" \/><\/a><p id=\"caption-attachment-8223\" class=\"wp-caption-text\">Bruno Guigue <br \/> (photo Cercle des Volontaires)<\/p><\/div>\n<p style=\"text-align: justify;\"><em>Par Bruno Guigue &#8211; 24 janvier 2017<\/em><\/p>\n<p style=\"text-align: justify;\">Vous pourrez faire toutes les primaires que vous voudrez, votre gauche ne nous inspirera que du m\u00e9pris. Charlatans au sourire enj\u00f4leur ou matamores au style mussolinien, vous \u00eates des progressistes de pacotille. Vous voulez un monde plus solidaire, para\u00eet-il, mais vous n\u2019avez cess\u00e9 d\u2019approuver l\u2019ing\u00e9rence occidentale dans les affaires des autres. Honte \u00e0 vous, h\u00e9ritiers de Guy Mollet ! Votre humanisme se m\u00e9tamorphose toujours en arrogance n\u00e9o-coloniale. La lutte contre la pauvret\u00e9, \u00e0 vos yeux, c\u2019est lorsque les pays riches commandent aux pays pauvres.<\/p>\n<p style=\"text-align: justify;\">Socialistes, ou gauchistes, vous avez jet\u00e9 Jaur\u00e8s aux orties depuis belle lurette. La guerre, vous en redemandez ! Pour r\u00e9pandre la \u00ab d\u00e9mocratie \u00bb, vous comptez sur les vertus p\u00e9dagogiques des B 52. En guise de publicit\u00e9 pour les \u00ab droits de l\u2019homme \u00bb, vous exigez le bombardement de pays qui ne nous ont rien fait. Ignobles jusqu\u2019au bout, vous r\u00e9clamez l\u2019embargo, cette arme des riches contre les pauvres. Que vaut votre compassion pour les r\u00e9fugi\u00e9s, quand vous privez les Syriens de m\u00e9dicaments pour les punir d\u2019avoir soutenu leur gouvernement ?<\/p>\n<p style=\"text-align: justify;\">Faux-derches de premi\u00e8re, vous livrez des armes, en Syrie, \u00e0 ces allum\u00e9s de la charia que vous pr\u00e9tendez combattre en France. Affreux terroristes au Bataclan, rebelles mod\u00e9r\u00e9s \u00e0 Idleb, quel tour de passe-passe, vous \u00eates experts en transformation chimique ! Vous dites que vous d\u00e9testez ces criminels, et pourtant vous les aimez chez les autres. Vous y tenez, \u00e0 votre lune de miel avec les coupeurs de t\u00eates ! Votre \u00e9g\u00e9rie n\u2019est-elle pas Elisabeth Badinter, f\u00e9ministe milliardaire qui clame son islamophobie tout en assurant \u00e0 la t\u00eate d\u2019Havas la promotion publicitaire du royaume saoudien ?<\/p>\n<p style=\"text-align: justify;\"><a href=\"https:\/\/arretsurinfo.ch\/pourquoi-votre-gauche-nest-pas-la-notre\/\" target=\"_blank\">Continuer la lecture sur <em>Arr\u00eat sur Info<\/em> \u27f6<\/a><\/p>\n","protected":false},"excerpt":{"rendered":"<p>Par Bruno Guigue &#8211; 24 janvier 2017 Vous pourrez faire toutes les primaires que vous voudrez, votre gauche ne nous inspirera que du m\u00e9pris. Charlatans au sourire enj\u00f4leur ou matamores au style mussolinien, vous \u00eates des progressistes de pacotille. Vous voulez un monde plus solidaire, para\u00eet-il, mais vous n\u2019avez cess\u00e9 d\u2019approuver l\u2019ing\u00e9rence occidentale dans les [&hellip;]<\/p>\n","protected":false},"author":1,"featured_media":0,"comment_status":"open","ping_status":"open","sticky":false,"template":"","format":"standard","meta":[],"categories":[4,134],"tags":[511,117,512,112,510,155,513,83,514],"_links":{"self":[{"href":"https:\/\/aitia.fr\/erd\/wp-json\/wp\/v2\/posts\/8221"}],"collection":[{"href":"https:\/\/aitia.fr\/erd\/wp-json\/wp\/v2\/posts"}],"about":[{"href":"https:\/\/aitia.fr\/erd\/wp-json\/wp\/v2\/types\/post"}],"author":[{"embeddable":true,"href":"https:\/\/aitia.fr\/erd\/wp-json\/wp\/v2\/users\/1"}],"replies":[{"embeddable":true,"href":"https:\/\/aitia.fr\/erd\/wp-json\/wp\/v2\/comments?post=8221"}],"version-history":[{"count":4,"href":"https:\/\/aitia.fr\/erd\/wp-json\/wp\/v2\/posts\/8221\/revisions"}],"predecessor-version":[{"id":8226,"href":"https:\/\/aitia.fr\/erd\/wp-json\/wp\/v2\/posts\/8221\/revisions\/8226"}],"wp:attachment":[{"href":"https:\/\/aitia.fr\/erd\/wp-json\/wp\/v2\/media?parent=8221"}],"wp:term":[{"taxonomy":"category","embeddable":true,"href":"https:\/\/aitia.fr\/erd\/wp-json\/wp\/v2\/categories?post=8221"},{"taxonomy":"post_tag","embeddable":true,"href":"https:\/\/aitia.fr\/erd\/wp-json\/wp\/v2\/tags?post=8221"}],"curies":[{"name":"wp","href":"https:\/\/api.w.org\/{rel}","templated":true}]}}