{"id":7982,"date":"2017-01-01T15:32:57","date_gmt":"2017-01-01T14:32:57","guid":{"rendered":"https:\/\/aitia.fr\/erd\/?p=7982"},"modified":"2019-05-11T22:00:45","modified_gmt":"2019-05-11T20:00:45","slug":"2017-enfin-antipresse","status":"publish","type":"post","link":"https:\/\/aitia.fr\/erd\/2017-enfin-antipresse\/","title":{"rendered":"2017 ! Enfin ! (Antipresse)"},"content":{"rendered":"<div id=\"attachment_7987\" style=\"width: 460px\" class=\"wp-caption alignleft\"><a href=\"https:\/\/www.flickr.com\/photos\/verborrea\/1431705381\" target=\"_blank\" rel=\"noopener noreferrer\"><img aria-describedby=\"caption-attachment-7987\" decoding=\"async\" loading=\"lazy\" class=\"wp-image-7987\" src=\"https:\/\/aitia.fr\/erd\/wp-content\/uploads\/2017\/01\/ano-2017.gif\" width=\"450\" height=\"314\" \/><\/a><p id=\"caption-attachment-7987\" class=\"wp-caption-text\">&#8220;Ann\u00e9e 2017 : les arbitres municipaux anti-pens\u00e9e entrent en fonction.&#8221;<\/p><\/div>\n<p style=\"text-align: justify;\">[<em>Note de l&#8217;administrateur de ce blog : je ne pouvais pas manquer, en ce premier janvier, de laisser la parole \u00e0 <a href=\"https:\/\/www.antipresse.net\/\" target=\"_blank\" rel=\"noopener noreferrer\">Antipresse<\/a> et Slobodan Despot pour un \u00e9ditorial de Nouvel An qui montre \u00e0 quel point tous les \u00e9ditorialistes grassement pay\u00e9s de notre presse subventionn\u00e9e sont au mieux des cr\u00e9tins, et au pire des collabos d&#8217;une machine \u00e0 mentir \u00e0 bout de souffle. <\/em><\/p>\n<p style=\"text-align: justify;\"><em>J&#8217;ai pris la libert\u00e9 d&#8217;en souligner un passage qui r\u00e9sonne particuli\u00e8rement pour l&#8217;universitaire que je suis ; en effet, ayant eu l&#8217;occasion \u00e0 plusieurs reprises de solliciter mes coll\u00e8gues sur le forum de mon universit\u00e9 pour des probl\u00e8mes d&#8217;une grande importance, aussi bien scientifique, p\u00e9dagogique que politique ou \u00e9thique &#8211; notamment \u00e0 l&#8217;occasion de <a href=\"https:\/\/aitia.fr\/erd\/la-societe-europeenne-de-physique-vire-complotiste\/\" target=\"_blank\" rel=\"noopener noreferrer\">la publication par la Soci\u00e9t\u00e9 Europ\u00e9enne de Physique<\/a> d&#8217;un article sur les d\u00e9molitions volontaires du 11-Septembre &#8211; je n&#8217;ai eu en retour que des r\u00e9ponses nulles sur le fond, se moquant de toute r\u00e8gle scientifique de base, celles-l\u00e0 m\u00eame que mes coll\u00e8gues et moi sommes cens\u00e9s enseigner aux \u00e9tudiants. Et le pire, c&#8217;est qu&#8217;on les enseigne tous, y compris ceux qui ne les appliquent pas pour eux-m\u00eames.<\/em><\/p>\n<p style=\"text-align: justify;\"><em>Concernant la Syrie, je renvoie mes lecteurs \u00e0 ce que <a href=\"https:\/\/aitia.fr\/erd\/fabius-le-golf-et-le-badminton\/\" target=\"_blank\" rel=\"noopener noreferrer\">j&#8217;\u00e9crivais d\u00e9but 2015<\/a>, entre autres ; ou \u00e0 <a href=\"https:\/\/aitia.fr\/erd\/sujet-dexamen-extrait\/\" target=\"_blank\" rel=\"noopener noreferrer\">cette question<\/a> pos\u00e9e \u00e0 mes \u00e9tudiants en novembre dernier. O\u00f9 l&#8217;on voit que la d\u00e9molition des impostures m\u00e9diatiques est \u00e0 la port\u00e9e d&#8217;un \u00e9tudiant de licence, m\u00eame lorsque ses professeurs refusent obstin\u00e9ment de s&#8217;y atteler et vont jusqu&#8217;\u00e0 le traiter de <a href=\"https:\/\/aitia.fr\/erd\/les-mots-creux-du-nouveau-maccarthysme\/\" target=\"_blank\" rel=\"noopener noreferrer\">&#8220;complotiste&#8221;<\/a>.\u00a0 Enfin, on pourra peut-\u00eatre reprocher \u00e0 Slobodan de ne pas parler d&#8217;Isra\u00ebl, pourtant bien pr\u00e9sent parmi les fournisseurs de mensonge et de terreur aux c\u00f4t\u00e9s des USA et de l&#8217;Arabie Saoudite. Toutefois, il faut bien reconna\u00eetre que cet <a href=\"https:\/\/jacobdemeknes.blogspot.fr\/2016\/12\/les-reactions-hysteriques-disrael.html\" target=\"_blank\" rel=\"noopener noreferrer\">\u00c9tat-Frankenstein<\/a> qui n&#8217;en est pas un (puisque tout \u00c9tat doit en premier lieu d\u00e9finir ses fronti\u00e8res) n&#8217;aurait pas vu le jour sans la complicit\u00e9 active de l&#8217;empire anglo-am\u00e9ricain, ce qu&#8217;avait fort bien r\u00e9sum\u00e9 Albert Eintein dans <a href=\"https:\/\/aitia.fr\/erd\/wp-content\/uploads\/2015\/02\/EinsteinLetter041048.jpg\" target=\"_blank\" rel=\"noopener noreferrer\">une lettre de 1948<\/a> que je ne me lasse pas de citer ici.<\/em>]<\/p>\n<hr \/>\n<h2 style=\"text-align: justify;\">2017! ENFIN!<\/h2>\n<p style=\"text-align: justify;\"><em>par Slobodan Despot<\/em><\/p>\n<p style=\"text-align: justify;\">2+0+1+7 = 10; 1+0 = 1.<\/p>\n<p style=\"text-align: justify;\">Selon les num\u00e9rologues, 2017 est une ann\u00e9e qui vaut \u00ab1\u00bb. Elle est l\u2019oppos\u00e9 de l\u2019an 2016 qui, lui, valait 9. 2016 \u00e9tait la fin d\u2019un cycle, 2017 le d\u00e9but d\u2019un autre.<\/p>\n<p style=\"text-align: justify;\">C\u2019est peut-\u00eatre pour cela que \u2014 m\u00eame quand on ne croit pas au langage des chiffres \u2014 personne n\u2019aura l\u2019id\u00e9e de vous souhaiter, cette ann\u00e9e, que les choses continuent \u00abcomme avant\u00bb. La continuit\u00e9 est barr\u00e9e de notre vocabulaire et de nos esprits. Elle est impensable, tant sur le plan des faits ext\u00e9rieurs que de la vie int\u00e9rieure.<\/p>\n<h3 style=\"text-align: justify;\">Sortie de glaciation<\/h3>\n<p style=\"text-align: justify;\">2016 fut, sous bien des aspects, une ann\u00e9e prodigieuse et proph\u00e9tique \u2014 toujours du point de vue des faits ext\u00e9rieurs. Elle a vu les Britanniques voter leur d\u00e9part de l\u2019UE, les Italiens renvoyer dans les filets un Premier ministre parachut\u00e9 par la suprasoci\u00e9t\u00e9 et, surtout, les Am\u00e9ricains voter pour un desperado jaune feu, le magnat des casinos Donald Trump.<\/p>\n<p style=\"text-align: justify;\">Les deux derniers mois auront \u00e9t\u00e9 particuli\u00e8rement rocambolesques. Entre le coup de th\u00e9\u00e2tre de l\u2019\u00e9lection U. S. et l\u2019effondrement subs\u00e9quent de l\u2019illusion m\u00e9diatique, l\u2019expulsion des islamistes d\u2019Alep et la signature d\u2019un accord de cessez-le-feu en Syrie sans les USA, ce sont des pans essentiels de la carte g\u00e9opolitique qui basculent de mani\u00e8re rapide et spectaculaire.<\/p>\n<p style=\"text-align: justify;\">Apr\u00e8s une p\u00e9riode glaciaire d\u2019un quart de si\u00e8cle marqu\u00e9e par un seul avenir et une seule culture <em>possibles<\/em> pour la plan\u00e8te Terre, le monde est litt\u00e9ralement en train de reprendre des couleurs! Dans l\u2019UE comme aux Etats-Unis ou en Suisse, au sein des organisations internationales, dans les groupes m\u00e9diatiques et les facult\u00e9s, des milliers de globocrates, de laborantins du nivellement mondial, ont, eux, vir\u00e9 au vert p\u00e2le. Ils sont les seuls \u00e0 exiger du \u00abcomme avant\u00bb. Toujours plus de \u00abcomme avant\u00bb! L\u2019Europe de Bruxelles est en panne? C\u2019est qu\u2019il nous faut davantage de Bruxelles! La criminalit\u00e9 se r\u00e9pand dans des zones sans fronti\u00e8res en m\u00eame temps que l\u2019espionnage de la population s\u2019aggrave? C\u2019est qu\u2019il y a encore trop de fronti\u00e8res, trop de barri\u00e8res, trop de cloisons. Abaissez tout! Remplacez, d\u00e8s que possible, les murs de vos demeures par des parois de verre, comme dans <a href=\"https:\/\/www.gallimard.fr\/Catalogue\/GALLIMARD\/L-Imaginaire\/Nous-autres\" target=\"_blank\" rel=\"noopener noreferrer\">Zamiatine<\/a>. Supprimez le cash et payez votre caf\u00e9 avec une carte \u00e0 puce tra\u00e7able. Ainsi <em>nous<\/em> pourrons enfin tout voir et tout contr\u00f4ler. En quoi cela vous d\u00e9range-t-il si vous n\u2019avez rien \u00e0 vous reprocher?<\/p>\n<p style=\"text-align: justify;\">On \u00e9prouve une satisfaction profonde \u00e0 voir ces apparatchiks, qui se sont toujours vus comme les locomotives du \u00abprogr\u00e8s\u00bb, les d\u00e9fricheurs de demain, vaticiner sur un quai d\u00e9sert sans remarquer que le train du XXIe si\u00e8cle est parti sans eux. Eux qui pourfendaient sans rel\u00e2che le \u00abconservatisme\u00bb et la \u00abr\u00e9action\u00bb, les voici qui ne savent plus rien faire d\u2019autre que nier la r\u00e9alit\u00e9 pr\u00e9sente et vouloir r\u00e9appliquer de force des sch\u00e9mas de lecture erron\u00e9s et des solutions r\u00e9volues.<\/p>\n<p style=\"text-align: justify;\"><!--more--><\/p>\n<h3 style=\"text-align: justify;\">La r\u00e9v\u00e9lation syrienne<\/h3>\n<p style=\"text-align: justify;\">La Syrie a focalis\u00e9 toute l\u2019attention du monde et demeurera un symbole, mais pas pour les raisons esp\u00e9r\u00e9es par nos \u00e9lites. Elle marque le premier \u00e9chec d\u2019une conspiration historique d\u2019une ampleur rarement vue : celle liant l\u2019empire atlantique \u00e0 la barbarie islamiste diffus\u00e9e par la maison Saoud (elle-m\u00eame client et satrape am\u00e9ricain). Cette conspiration, nous avons pu en apercevoir des bribes et fragments sur divers th\u00e9\u00e2tres de conflits dans le monde depuis une trentaine d\u2019ann\u00e9es. Mais la lib\u00e9ration d\u2019Alep-Est a soudain r\u00e9v\u00e9l\u00e9 au grand jour le tableau d\u2019ensemble, avec ses barbouzes de la CIA-MI6, ses \u00abinstructeurs\u00bb de l\u2019OTAN, ses r\u00e9serves d\u2019armes de pointe fabriqu\u00e9es et livr\u00e9es par des puissances occidentales et surtout l\u2019\u00e9paisseur du syst\u00e8me de propagande m\u00e9diatique agenc\u00e9 pour couvrir toute l\u2019op\u00e9ration.<\/p>\n<p style=\"text-align: justify;\">(A propos: ces fameux \u00abCasques blancs\u00bb d\u2019Alep, o\u00f9 sont-ils pass\u00e9s? En a-t-on retrouv\u00e9 un seul apr\u00e8s la d\u00e9bandade des djihadistes?)<\/p>\n<p style=\"text-align: justify;\">Cette strat\u00e9gie de la r\u00e9gression islamique fut originellement mise en place pour vaincre l\u2019URSS en Afghanistan. Saisissante justice de l\u2019histoire: c\u2019est la Russie, d\u00e9barrass\u00e9e de l\u2019URSS, qui met en d\u00e9route cette m\u00eame strat\u00e9gie trente-cinq ans plus tard. Entretemps, elle aura contribu\u00e9 \u00e0 d\u00e9truire la Yougoslavie, l\u2019Irak, l\u2019Afghanistan une deuxi\u00e8me fois, la Libye, la Syrie, la Tunisie\u2026 Mais aussi \u00e0 transformer en moins d\u2019une g\u00e9n\u00e9ration une zone de paix et de bonhomie \u2014 l\u2019espace europ\u00e9en \u2014 en territoire de la peur et du flicage g\u00e9n\u00e9ralis\u00e9.<\/p>\n<p style=\"text-align: justify;\">Il y a encore une am\u00e8re ironie \u00e0 constater que les pays qui se sont faits les complices par poltronnerie de ce jeu sont aussi ceux qui en endossent la cons\u00e9quence la plus durable. Le flot migratoire que les Europ\u00e9ens vont r\u00e9cup\u00e9rer jusque dans les eaux libyennes a brouill\u00e9 l\u2019Europe avec les notions de \u00abpaix\u00bb, de \u00abstabilit\u00e9\u00bb et de \u00abprosp\u00e9rit\u00e9\u00bb sans doute pour des g\u00e9n\u00e9rations. Sans parler du reste\u2026 Les migrants sont devenus le probl\u00e8me majeur d\u2019une Europe-satellite qui \u00e9tait d\u00e9j\u00e0 en crise. Ils ne sont pas un probl\u00e8me du tout pour les Etats-Unis, l\u2019Arabie Saoudite ou la Russie.<\/p>\n<h3 style=\"text-align: justify;\">Itin\u00e9raire personnel<\/h3>\n<p style=\"text-align: justify;\">Les \u00e9ditions Xenia, dont je suis le cofondateur avec Me Claude Laporte, ont \u00e9t\u00e9 cr\u00e9\u00e9es entre autres \u00e0 cause de l\u2019aveuglement massif \u00e0 l\u2019\u00e9gard de la strat\u00e9gie islamiste et de ses sponsors. Le premier titre que nous avons publi\u00e9 en 2006, de J\u00fcrgen Els\u00e4sser, s\u2019intitulait <a href=\"https:\/\/web.archive.org\/web\/20171016104254\/http:\/\/lebookshop.net\/prod\/471\/geopolitique\/livres\/geopolitique\/comment-le-djihad-est-arrive-en-europe\" target=\"_blank\" rel=\"noopener noreferrer\"><em>Comment le Djihad est arriv\u00e9 en Europe<\/em><\/a>. Il \u00e9tait minutieusement document\u00e9, froid comme un proc\u00e8s-verbal et ne disait pas un mot de l\u2019islam en soi. Malgr\u00e9 cela, aucun \u00e9diteur francophone n\u2019avait os\u00e9 le traduire. Lorsque nous l\u2019avons fait, avec une p\u00e9n\u00e9trante pr\u00e9face de Jean-Pierre Chev\u00e8nement, nombre de libraires ont refus\u00e9 de vendre l\u2019ouvrage et j\u2019ai \u00e9t\u00e9 trait\u00e9 de conspirationniste.<\/p>\n<p style=\"text-align: justify;\">La th\u00e8se fondamentale d\u2019Els\u00e4sser \u00e9tait simple: Il n\u2019y aurait pas de djihadisme en Europe sans le laissez-faire et parfois la complicit\u00e9 de \u00abnos\u00bb services secrets. Expliquer pourquoi n\u2019\u00e9tait pas le propos de l\u2019auteur. Son propos \u00e9tait d\u2019\u00e9tablir le fait, et il le faisait \u00e0 l\u2019allemande, de mani\u00e8re m\u00e9thodique et solide. Est-ce un hasard si ce livre proph\u00e9tique, devenu aujourd\u2019hui une r\u00e9f\u00e9rence, a \u00e9t\u00e9 massivement boud\u00e9 par les m\u00e9dias de grand chemin et diffus\u00e9, presque sous le manteau, par l\u2019information \u00abalternative\u00bb?<\/p>\n<p style=\"text-align: justify;\">Dix ans et cent trente titres plus tard, on peut voir la coh\u00e9rence d\u2019ensemble d\u2019un travail qui a pu para\u00eetre erratique. Nous avons publi\u00e9 la somme th\u00e9orique d\u2019un \u00e9colo-terroriste (Theodore Kaczynski, dit <a href=\"https:\/\/web.archive.org\/web\/20170716055458\/https:\/\/lebookshop.net\/prod\/537\/ecologie\/livres\/philosophie\/leffondrement-du-systeme-technologique\" target=\"_blank\" rel=\"noopener noreferrer\">Unabomber<\/a>), divers ouvrages sur les abus et la commercialisation de la m\u00e9decine, de la litt\u00e9rature insoumise, quelques pamphlets politiques, des essais sur la destruction des libert\u00e9s et la manipulation des masses. Fil rouge de tout ceci: la lutte contre le mensonge institutionnel et la l\u00e2chet\u00e9 collective. Nombre de nos th\u00e8ses \u00abt\u00e9m\u00e9raires\u00bb sont entr\u00e9es depuis dans la conscience commune.<\/p>\n<p style=\"text-align: justify;\">Arriv\u00e9 \u00e0 la fin de 2016, j\u2019ai \u00e9prouv\u00e9 le besoin de faire un bilan. J\u2019ai la conviction qu\u2019en 2017, nous devrons r\u00e9pondre \u00e0 d\u2019autres questions. A la question \u00abQu\u2019est-ce qui se passe r\u00e9ellement?\u00bb, nombre de canaux s\u2019efforcent de donner des r\u00e9ponses, plus ou moins cr\u00e9dibles, plus ou moins justifi\u00e9e. Il importe de faire le tri, mais les informations existent. L\u2019inconnue qui \u00e9merge d\u00e9sormais est d\u2019une autre nature: \u00abQue faire?\u00bb<\/p>\n<h3 style=\"text-align: justify;\">Et maintenant, quoi?<\/h3>\n<p style=\"text-align: justify;\">Nous sommes sortis de l\u2019innocence. Nous avons compris que le chemin de l\u2019enfer \u00e9tait pav\u00e9 d\u2019illusions humanitaires. Et quoi? Qu\u2019allons-nous faire de ce d\u00e9sabusement?<\/p>\n<p style=\"text-align: justify;\"><strong>Nous vivons dans une soci\u00e9t\u00e9 chloroform\u00e9e o\u00f9 l\u2019entr\u00e9e dans une carri\u00e8re politique, m\u00e9diatique ou universitaire \u00e9quivaut \u00e0 l\u2019adoption d\u2019un strict <em>devoir de r\u00e9serve<\/em> vis-\u00e0-vis de la r\u00e9alit\u00e9 imm\u00e9diate et au renoncement de l\u2019exercice de ses facult\u00e9s intellectuelles et morales dans les situations critiques, qui sont les seules qui comptent!<\/strong><\/p>\n<p style=\"text-align: justify;\"><strong>Qu\u2019allons-nous faire avec de telles \u00e9lites? A quoi nous servent les chaires, les chercheurs et les \u00abobservatoires\u00bb qui nous alertent sur tout, sauf sur ce qui nous concerne vraiment? A quoi nous servent des journalistes qui nous jugent plut\u00f4t que de nous instruire? A quoi nous servent des \u00e9coles o\u00f9 on enseigne l\u2019ignorance? Pourquoi \u00e9lire des d\u00e9put\u00e9s s\u2019ils doivent aussit\u00f4t devenir sourds-muets et voter comme un seul homme des lois et d\u00e9crets qu\u2019on a fabriqu\u00e9s pour eux?<\/strong><\/p>\n<p style=\"text-align: justify;\">Comment allons-nous survivre dans un monde o\u00f9 les outils ont d\u00e9j\u00e0 pris la place de leurs concepteurs? Car si le cheminement politique vers une soci\u00e9t\u00e9 plan\u00e9taire <em>transparente<\/em> est momentan\u00e9ment enray\u00e9, son pendant scientifique, lui, suit son cours. N\u2019impliquant ni volont\u00e9 explicite, ni rh\u00e9torique, ni coercition, il passe inaper\u00e7u. Il \u00e9pouse l\u2019\u00e9volution m\u00eame de la technologie, en particulier depuis la naissance de l\u2019internet. L\u2019outil premier de la lutte contre la normalisation id\u00e9ologique du monde est <em>aussi<\/em> l\u2019outil premier de sa normalisation culturelle et comportementale!<\/p>\n<p style=\"text-align: justify;\">La conscience est tellement plus compliqu\u00e9e \u00e0 endosser que l\u2019innocence! Or nous entrons avec 2017 dans un cycle de la conscience. Le nouveau cycle qui s\u2019ouvre devant nous est infiniment dangereux et infiniment passionnant. Nous vivions barricad\u00e9s derri\u00e8re des id\u00e9es fausses, mais ces id\u00e9es fausses sont tomb\u00e9es: nous voici d\u00e9sormais mis \u00e0 nu, ouverts \u00e0 tous les vents du chaos. Reconstruire des murailles avec le <em>contraire<\/em> de ces id\u00e9es serait le r\u00e9flexe politique naturel, or la politique, j\u2019en suis convaincu, ne r\u00e9soudra plus rien. Du moins dans sa configuration actuelle.<\/p>\n<p style=\"text-align: justify;\">L\u2019effondrement des illusions anciennes ne nous met pas en demeure d\u2019en fabriquer de nouvelles. Ce s\u00e9isme-ci est beaucoup trop profond. Si profond qu\u2019il en est providentiel. Il nous permet d\u2019aborder la r\u00e9alit\u00e9 sans id\u00e9es pr\u00e9con\u00e7ues, sans convictions justement, \u00e0 partir de notre seule incontestable pr\u00e9sence au monde. Si nous voulons reconstruire le monde, nous devons d\u2019abord nous reconstruire nous-m\u00eames, nous r\u00e9affirmer en tant qu\u2019individus conscients et pr\u00e9sents \u00e0 leur propre destin.<\/p>\n<p style=\"text-align: justify;\">L\u2019Europe moderne a r\u00e9alis\u00e9 pleinement la sinistre proph\u00e9tie de C. S. Lewis: le r\u00e8gne des hommes sans c\u0153ur, d\u2019une humanit\u00e9 mue essentiellement par la peur et le calcul sous l\u2019alibi de la rationalit\u00e9. Les \u00e9preuves qui nous attendent d\u00e8s 2017 seront un v\u00e9ritable bain de jouvence. Les hommes sans c\u0153ur s\u2019effondreront, m\u00eame s\u2019ils tiennent encore tout aujourd\u2019hui. Nous avons suffisamment de savoir et suffisamment de pouvoir. Ne nous manque plus, pour reprendre nos vies en main, que de retrouver le courage d\u2019\u00eatre ce que nous sommes.<\/p>\n<p style=\"text-align: justify;\">C\u2019est tout ce que je vous souhaite pour l\u2019an qui vient!<\/p>\n<p style=\"text-align: justify;\"><code>\n<style type=\"text\/css\">\n<!--\n\n.prisna-gwt-align-left {\n\ttext-align: left !important;\n}\n.prisna-gwt-align-right {\n\ttext-align: right !important;\n}\n\n\n.prisna-gwt-flags-container {\n\tlist-style: none !important;\n\tmargin: 0 !important;\n\tpadding: 0 !important;\n\tborder: none !important;\n\tclear: both !important;\n}\n.prisna-gwt-flag-container {\n\tlist-style: none !important;\n\tdisplay: inline-block;\n\tmargin: 0 2px 0 0 !important;\n\tpadding: 0 !important;\n\tborder: none !important;\n}\n.prisna-gwt-flag-container a {\n\tdisplay: inline-block;\n\tmargin: 0 !important;\n\tpadding: 0 !important;\n\tborder: none !important;\n\tbackground-repeat: no-repeat !important;\n\tbackground-image: url(https:\/\/aitia.fr\/erd\/wp-content\/plugins\/google-website-translator\/images\/all.png) !important;\n\twidth: 22px !important;\n\theight: 16px !important;\n}\n.prisna-gwt-language-en a { background-position: 0px 0px !important; }\n.prisna-gwt-language-ar a { background-position: -44px -32px !important; }\n.prisna-gwt-language-eu a { background-position: -110px -32px !important; }\n.prisna-gwt-language-bg a { background-position: -198px -32px !important; }\n.prisna-gwt-language-ca a { background-position: 0px -48px !important; }\n.prisna-gwt-language-zh-CN a { background-position: -132px 0px !important; }\n.prisna-gwt-language-zh-TW a { background-position: -154px 0px !important; }\n.prisna-gwt-language-cs a { background-position: -88px -48px !important; }\n.prisna-gwt-language-da a { background-position: -110px -16px !important; }\n.prisna-gwt-language-nl a { background-position: -44px 0px !important; }\n.prisna-gwt-language-fr a { background-position: -22px 0px !important; }\n.prisna-gwt-language-de a { background-position: -88px 0px !important; }\n.prisna-gwt-language-el a { background-position: -66px 0px !important; }\n.prisna-gwt-language-ga a { background-position: -110px -64px !important; }\n.prisna-gwt-language-it a { background-position: -176px -16px !important; }\n.prisna-gwt-language-ja a { background-position: -198px -16px !important; }\n.prisna-gwt-language-km a { background-position: -154px -64px !important; }\n.prisna-gwt-language-ko a { background-position: -176px -64px !important; }\n.prisna-gwt-language-ms a { background-position: -88px -80px !important; }\n.prisna-gwt-language-no a { background-position: -88px -16px !important; }\n.prisna-gwt-language-fa a { background-position: 0px -96px !important; }\n.prisna-gwt-language-pl a { background-position: -176px 0px !important; }\n.prisna-gwt-language-pt a { background-position: -198px 0px !important; }\n.prisna-gwt-language-pa a { background-position: -22px -16px !important; }\n.prisna-gwt-language-ro a { background-position: -44px -16px !important; }\n.prisna-gwt-language-ru a { background-position: -66px -16px !important; }\n.prisna-gwt-language-sr a { background-position: -22px -96px !important; }\n.prisna-gwt-language-es a { background-position: -110px 0px !important; }\n.prisna-gwt-language-th a { background-position: 0px -16px !important; }\n.prisna-gwt-language-tr a { background-position: -154px -96px !important; }\n.prisna-gwt-language-uk a { background-position: -176px -96px !important; }\n.prisna-gwt-language-vi a { background-position: -22px -64px !important; }\n\n\n#goog-gt-tt,\n.goog-tooltip,\n.goog-tooltip:hover {\n\tdisplay: none !important;\n}\n.goog-text-highlight {\n\tbackground-color: transparent !important;\n\tborder: none !important;\n\tbox-shadow: none !important;\n}\n.translated-rtl font,\n.translated-ltr font {\n\tbackground-color: transparent !important;\n\tbox-shadow: none !important;\n\tbox-sizing: border-box !important;\n\t-webkit-box-sizing: border-box !important;\n\t-moz-box-sizing: border-box !important;\n}\n\n-->\n<\/style>\n\n\n\n<script type=\"text\/javascript\">\n\/*<![CDATA[*\/\nvar PrisnaGWT = {\n\n\t_fire_event: function(_element, _event) {\n\t\t\n\t\ttry {\n\t\t\tif (document.createEvent) {\n\t\t\t\tvar ev = document.createEvent(\"HTMLEvents\");\n\t\t\t\tev.initEvent(_event, true, true);\n\t\t\t\t_element.dispatchEvent(ev);\n\t\t\t} \n\t\t\telse {\n\t\t\t\tvar ev = document.createEventObject();\n\t\t\t\t_element.fireEvent(\"on\" + _event, ev);\n\t\t\t}\n\t\t} \n\t\tcatch (e) {\n\t\t\tconsole.log(\"Prisna GWT: Browser not supported!\");\n\t\t}\n\t\t\n\t},\n\n\t_restore: function() {\n\n\t\tvar b, d = false;\n\t\tvar c =  document.getElementById(\"\\:1\\.container\");\n\t\tif (c)\n\t\t\td = c.contentWindow.document.getElementById(\"\\:1\\.restore\");\n\t\t\n\t\tif (d)\n\t\t\tthis._fire_event(d, \"click\");\n\n\t},\n\t\n\ttranslate: function(_language) {\n\t\n\t\tvar element;\n\t\tvar combos = document.getElementsByTagName(\"select\"); \/\/ IE8 doesn't support getElementsByClassName\n\t\t\n\t\tfor (var i=0; i<combos.length; i++)\n\t\t\tif (combos[i].className == \"goog-te-combo\")\n\t\t\t\telement = combos[i];\n\t\t\n\t\tif (!element)\n\t\t\treturn;\n\t\t\n\t\tif (_language == \"fr\")\n\t\t\tthis._restore();\n\t\telse {\n\t\t\telement.value = _language;\n\t\t\tthis._fire_event(element, \"change\");\n\t\t}\n\n\t}\n\t\n};\n\/*]]>*\/\n<\/script>\n<ul class=\"prisna-gwt-flags-container prisna-gwt-align-right notranslate\">\n\t<li class=\"prisna-gwt-flag-container prisna-gwt-language-ar\">\n\t<a href=\"javascript:;\" onclick=\"PrisnaGWT.translate('ar'); return false;\" title=\"Arabic\"><\/a>\n<\/li><li class=\"prisna-gwt-flag-container prisna-gwt-language-zh-CN\">\n\t<a href=\"javascript:;\" onclick=\"PrisnaGWT.translate('zh-CN'); return false;\" title=\"Chinese Simplified\"><\/a>\n<\/li><li class=\"prisna-gwt-flag-container prisna-gwt-language-zh-TW\">\n\t<a href=\"javascript:;\" onclick=\"PrisnaGWT.translate('zh-TW'); return false;\" title=\"Chinese Traditional\"><\/a>\n<\/li><li class=\"prisna-gwt-flag-container prisna-gwt-language-nl\">\n\t<a href=\"javascript:;\" onclick=\"PrisnaGWT.translate('nl'); return false;\" title=\"Dutch\"><\/a>\n<\/li><li class=\"prisna-gwt-flag-container prisna-gwt-language-en\">\n\t<a href=\"javascript:;\" onclick=\"PrisnaGWT.translate('en'); return false;\" title=\"English\"><\/a>\n<\/li><li class=\"prisna-gwt-flag-container prisna-gwt-language-fr\">\n\t<a href=\"javascript:;\" onclick=\"PrisnaGWT.translate('fr'); return false;\" title=\"French\"><\/a>\n<\/li><li class=\"prisna-gwt-flag-container prisna-gwt-language-de\">\n\t<a href=\"javascript:;\" onclick=\"PrisnaGWT.translate('de'); return false;\" title=\"German\"><\/a>\n<\/li><li class=\"prisna-gwt-flag-container prisna-gwt-language-el\">\n\t<a href=\"javascript:;\" onclick=\"PrisnaGWT.translate('el'); return false;\" title=\"Greek\"><\/a>\n<\/li><li class=\"prisna-gwt-flag-container prisna-gwt-language-it\">\n\t<a href=\"javascript:;\" onclick=\"PrisnaGWT.translate('it'); return false;\" title=\"Italian\"><\/a>\n<\/li><li class=\"prisna-gwt-flag-container prisna-gwt-language-ja\">\n\t<a href=\"javascript:;\" onclick=\"PrisnaGWT.translate('ja'); return false;\" title=\"Japanese\"><\/a>\n<\/li><li class=\"prisna-gwt-flag-container prisna-gwt-language-ms\">\n\t<a href=\"javascript:;\" onclick=\"PrisnaGWT.translate('ms'); return false;\" title=\"Malay\"><\/a>\n<\/li><li class=\"prisna-gwt-flag-container prisna-gwt-language-fa\">\n\t<a href=\"javascript:;\" onclick=\"PrisnaGWT.translate('fa'); return false;\" title=\"Persian\"><\/a>\n<\/li><li class=\"prisna-gwt-flag-container prisna-gwt-language-pt\">\n\t<a href=\"javascript:;\" onclick=\"PrisnaGWT.translate('pt'); return false;\" title=\"Portuguese\"><\/a>\n<\/li><li class=\"prisna-gwt-flag-container prisna-gwt-language-ro\">\n\t<a href=\"javascript:;\" onclick=\"PrisnaGWT.translate('ro'); return false;\" title=\"Romanian\"><\/a>\n<\/li><li class=\"prisna-gwt-flag-container prisna-gwt-language-ru\">\n\t<a href=\"javascript:;\" onclick=\"PrisnaGWT.translate('ru'); return false;\" title=\"Russian\"><\/a>\n<\/li><li class=\"prisna-gwt-flag-container prisna-gwt-language-es\">\n\t<a href=\"javascript:;\" onclick=\"PrisnaGWT.translate('es'); return false;\" title=\"Spanish\"><\/a>\n<\/li><li class=\"prisna-gwt-flag-container prisna-gwt-language-uk\">\n\t<a href=\"javascript:;\" onclick=\"PrisnaGWT.translate('uk'); return false;\" title=\"Ukrainian\"><\/a>\n<\/li><li class=\"prisna-gwt-flag-container prisna-gwt-language-vi\">\n\t<a href=\"javascript:;\" onclick=\"PrisnaGWT.translate('vi'); return false;\" title=\"Vietnamese\"><\/a>\n<\/li><li class=\"prisna-gwt-flag-container prisna-gwt-language-cs\">\n\t<a href=\"javascript:;\" onclick=\"PrisnaGWT.translate('cs'); return false;\" title=\"Czech\"><\/a>\n<\/li><li class=\"prisna-gwt-flag-container prisna-gwt-language-eu\">\n\t<a href=\"javascript:;\" onclick=\"PrisnaGWT.translate('eu'); return false;\" title=\"Basque\"><\/a>\n<\/li><li class=\"prisna-gwt-flag-container prisna-gwt-language-bg\">\n\t<a href=\"javascript:;\" onclick=\"PrisnaGWT.translate('bg'); return false;\" title=\"Bulgarian\"><\/a>\n<\/li><li class=\"prisna-gwt-flag-container prisna-gwt-language-ca\">\n\t<a href=\"javascript:;\" onclick=\"PrisnaGWT.translate('ca'); return false;\" title=\"Catalan\"><\/a>\n<\/li><li class=\"prisna-gwt-flag-container prisna-gwt-language-da\">\n\t<a href=\"javascript:;\" onclick=\"PrisnaGWT.translate('da'); return false;\" title=\"Danish\"><\/a>\n<\/li><li class=\"prisna-gwt-flag-container prisna-gwt-language-ga\">\n\t<a href=\"javascript:;\" onclick=\"PrisnaGWT.translate('ga'); return false;\" title=\"Irish\"><\/a>\n<\/li><li class=\"prisna-gwt-flag-container prisna-gwt-language-ko\">\n\t<a href=\"javascript:;\" onclick=\"PrisnaGWT.translate('ko'); return false;\" title=\"Korean\"><\/a>\n<\/li><li class=\"prisna-gwt-flag-container prisna-gwt-language-km\">\n\t<a href=\"javascript:;\" onclick=\"PrisnaGWT.translate('km'); return false;\" title=\"Khmer\"><\/a>\n<\/li><li class=\"prisna-gwt-flag-container prisna-gwt-language-no\">\n\t<a href=\"javascript:;\" onclick=\"PrisnaGWT.translate('no'); return false;\" title=\"Norwegian\"><\/a>\n<\/li><li class=\"prisna-gwt-flag-container prisna-gwt-language-pl\">\n\t<a href=\"javascript:;\" onclick=\"PrisnaGWT.translate('pl'); return false;\" title=\"Polish\"><\/a>\n<\/li><li class=\"prisna-gwt-flag-container prisna-gwt-language-pa\">\n\t<a href=\"javascript:;\" onclick=\"PrisnaGWT.translate('pa'); return false;\" title=\"Punjabi\"><\/a>\n<\/li><li class=\"prisna-gwt-flag-container prisna-gwt-language-sr\">\n\t<a href=\"javascript:;\" onclick=\"PrisnaGWT.translate('sr'); return false;\" title=\"Serbian\"><\/a>\n<\/li><li class=\"prisna-gwt-flag-container prisna-gwt-language-th\">\n\t<a href=\"javascript:;\" onclick=\"PrisnaGWT.translate('th'); return false;\" title=\"Thai\"><\/a>\n<\/li><li class=\"prisna-gwt-flag-container prisna-gwt-language-tr\">\n\t<a href=\"javascript:;\" onclick=\"PrisnaGWT.translate('tr'); return false;\" title=\"Turkish\"><\/a>\n<\/li>\n<\/ul>\n\n<div id=\"google_translate_element\" class=\"prisna-gwt-align-right\"><\/div>\n<script type=\"text\/javascript\">\n\/*<![CDATA[*\/\nfunction initializeGoogleTranslateElement() {\n\tnew google.translate.TranslateElement({\n\t\tpageLanguage: \"fr\",\n\t\tautoDisplay: false,\n\t\tincludedLanguages: \"ar,eu,bg,ca,zh-CN,zh-TW,cs,da,nl,en,fr,de,el,ga,it,ja,km,ko,ms,no,fa,pl,pt,pa,ro,ru,sr,es,th,tr,uk,vi\"\n\t}, \"google_translate_element\");\n}\n\/*]]>*\/\n<\/script>\n<script type=\"text\/javascript\" src=\"\/\/translate.google.com\/translate_a\/element.js?cb=initializeGoogleTranslateElement\"><\/script><\/code><\/p>\n","protected":false},"excerpt":{"rendered":"<p>[Note de l&#8217;administrateur de ce blog : je ne pouvais pas manquer, en ce premier janvier, de laisser la parole \u00e0 Antipresse et Slobodan Despot pour un \u00e9ditorial de Nouvel An qui montre \u00e0 quel point tous les \u00e9ditorialistes grassement pay\u00e9s de notre presse subventionn\u00e9e sont au mieux des cr\u00e9tins, et au pire des collabos [&hellip;]<\/p>\n","protected":false},"author":1,"featured_media":0,"comment_status":"open","ping_status":"open","sticky":false,"template":"","format":"standard","meta":[],"categories":[4,134,3,29],"tags":[390,493,48,391],"_links":{"self":[{"href":"https:\/\/aitia.fr\/erd\/wp-json\/wp\/v2\/posts\/7982"}],"collection":[{"href":"https:\/\/aitia.fr\/erd\/wp-json\/wp\/v2\/posts"}],"about":[{"href":"https:\/\/aitia.fr\/erd\/wp-json\/wp\/v2\/types\/post"}],"author":[{"embeddable":true,"href":"https:\/\/aitia.fr\/erd\/wp-json\/wp\/v2\/users\/1"}],"replies":[{"embeddable":true,"href":"https:\/\/aitia.fr\/erd\/wp-json\/wp\/v2\/comments?post=7982"}],"version-history":[{"count":20,"href":"https:\/\/aitia.fr\/erd\/wp-json\/wp\/v2\/posts\/7982\/revisions"}],"predecessor-version":[{"id":12958,"href":"https:\/\/aitia.fr\/erd\/wp-json\/wp\/v2\/posts\/7982\/revisions\/12958"}],"wp:attachment":[{"href":"https:\/\/aitia.fr\/erd\/wp-json\/wp\/v2\/media?parent=7982"}],"wp:term":[{"taxonomy":"category","embeddable":true,"href":"https:\/\/aitia.fr\/erd\/wp-json\/wp\/v2\/categories?post=7982"},{"taxonomy":"post_tag","embeddable":true,"href":"https:\/\/aitia.fr\/erd\/wp-json\/wp\/v2\/tags?post=7982"}],"curies":[{"name":"wp","href":"https:\/\/api.w.org\/{rel}","templated":true}]}}