{"id":7965,"date":"2017-01-14T15:08:56","date_gmt":"2017-01-14T14:08:56","guid":{"rendered":"https:\/\/aitia.fr\/erd\/?p=7965"},"modified":"2019-09-25T07:45:35","modified_gmt":"2019-09-25T05:45:35","slug":"la-consecration","status":"publish","type":"post","link":"https:\/\/aitia.fr\/erd\/la-consecration\/","title":{"rendered":"La cons\u00e9cration !"},"content":{"rendered":"<p style=\"text-align: justify;\"><img decoding=\"async\" loading=\"lazy\" class=\"alignleft wp-image-7976 size-medium\" src=\"https:\/\/aitia.fr\/erd\/wp-content\/uploads\/2016\/12\/schtroumpf-234x300.jpg\" width=\"234\" height=\"300\" \/>Que mes lecteurs me pardonnent ici cet acc\u00e8s d&#8217;auto-satisfaction, voire d&#8217;immodestie caract\u00e9ris\u00e9e, mais ce n&#8217;est pas tous les jours qu&#8217;on est associ\u00e9 \u00e0 des personnes pour lesquelles on \u00e9prouve une grande admiration. Or c&#8217;est ce qui vient de m&#8217;arriver, certes indirectement, n&#8217;ayant pas r\u00e9alis\u00e9 le centi\u00e8me de l&#8217;\u0153uvre accomplie par mes mod\u00e8les et ne m\u00e9ritant donc pas de leur \u00eatre compar\u00e9 directement.<\/p>\n<p style=\"text-align: justify;\">Mais tout de m\u00eame : ne boudons pas notre joie. Dans le cadre d&#8217;une proc\u00e9dure interne \u00e0 mon universit\u00e9, j&#8217;apprends par les documents que me transmet la pr\u00e9sidence que mon blog a \u00e9t\u00e9 &#8220;signal\u00e9&#8221; par la DILCRA (ou <a href=\"https:\/\/www.gouvernement.fr\/dilcra\" target=\"_blank\" rel=\"noopener noreferrer\">DILCRAH<\/a> peut-\u00eatre ?) pour <em>&#8220;propos \u00e0 connotation antis\u00e9mite et n\u00e9gationniste&#8221;<\/em>. Autant vous le dire tout de suite : \u00eatre \u00e9pingl\u00e9 par la police politique du lobby sioniste, la <a href=\"https:\/\/fr.wikipedia.org\/wiki\/Propagandastaffel\" target=\"_blank\" rel=\"noopener noreferrer\"><em>Propagandastaffel<\/em><\/a> de l&#8217;occupant ill\u00e9gitime de la Palestine, quand on est antisioniste comme moi, vaut une m\u00e9daille !<\/p>\n<p style=\"text-align: justify;\"><!--more--><\/p>\n<p style=\"text-align: justify;\">Cette r\u00e9compense est d&#8217;autant plus savoureuse qu&#8217;aujourd&#8217;hui, apr\u00e8s le matraquage anti-Dieudonn\u00e9 op\u00e9r\u00e9 il y a trois ans par la mafia sioniste et ses diff\u00e9rents \u00e9tages de collabos, tr\u00e8s pr\u00e9sents dans la classe politique et les media, plus grand-monde ne croit \u00e0 la pr\u00e9tendue &#8220;lutte contre l&#8217;antis\u00e9mitisme&#8221;, et tout le monde constate que l&#8217;action concr\u00e8te des LICRA, DILCRA et autres UEJF provoque, au contraire, une mont\u00e9e de l&#8217;antis\u00e9mitisme. Non que ce soit leur but premier, bien s\u00fbr ; mais \u00e0 force d&#8217;interdire toute contestation du sionisme, et donc de prot\u00e9ger des imposteurs et des criminels juifs, tout en pr\u00e9tendant le faire au nom de tous les juifs, on finit par faire croire aux esprits limit\u00e9s que les juifs sont par nature des imposteurs ou des criminels. Tout le monde ne peut pas savoir que certains juifs, comme <a href=\"https:\/\/aitia.fr\/erd\/luttons-contre-l-antisemitisme\/\" target=\"_blank\" rel=\"noopener noreferrer\">ceux que j&#8217;avais cit\u00e9s ici<\/a>, sont tout autant bannis des media et tra\u00een\u00e9s dans la boue &#8211; voire accus\u00e9s d&#8217;antis\u00e9mitisme ! &#8211; que peut l&#8217;\u00eatre un Dieudonn\u00e9&#8230; pour la bonne raison que nos &#8220;grands&#8221; media sont tous, globalement, sous contr\u00f4le du lobby sioniste. Et <a href=\"https:\/\/aitia.fr\/erd\/qui-a-dit-n-8\/\" target=\"_blank\" rel=\"noopener noreferrer\">pas seulement en France<\/a>.<\/p>\n<p style=\"text-align: justify;\">Mais avant de citer &#8211; en toute immodestie &#8211; quelques-uns de mes mod\u00e8les qui connurent les m\u00eames tirs de boulets (\u00e0 une \u00e9poque o\u00f9 ils faisaient mal ; aujourd&#8217;hui, <a href=\"https:\/\/aitia.fr\/erd\/dieudonne-a-pau-le-triomphe-dune-bete-sacree\/\" target=\"_blank\" rel=\"noopener noreferrer\">gr\u00e2ce \u00e0 Dieudonn\u00e9<\/a>, ils font rire), voyons quels sont les exemples donn\u00e9s par le <a href=\"https:\/\/fr.wikipedia.org\/wiki\/Miniver\" target=\"_blank\" rel=\"noopener noreferrer\">Minist\u00e8re de la V\u00e9rit\u00e9<\/a> pour illustrer la <em>&#8220;connotation antis\u00e9mite et n\u00e9gationniste&#8221;<\/em> qui caract\u00e9riserait certains articles de mon blog. Selon le cabinet du minist\u00e8re, qui s&#8217;est fendu d&#8217;un courriel au pr\u00e9sident de mon universit\u00e9, on trouve :<\/p>\n<ul>\n<li style=\"text-align: justify;\"><a href=\"https:\/\/aitia.fr\/erd\/vous-etes-ici\/\" target=\"_blank\" rel=\"noopener noreferrer\">Vous \u00eates ici<\/a>, la page de pr\u00e9sentation de mon blog<\/li>\n<li style=\"text-align: justify;\"><a href=\"https:\/\/aitia.fr\/erd\/les-sixmillions\/\" target=\"_blank\" rel=\"noopener noreferrer\">Les <em>sixmillions<\/em><\/a><\/li>\n<li style=\"text-align: justify;\"><a href=\"https:\/\/aitia.fr\/erd\/un-petit-dessin-vaut-mieux-quun-long-discours\/\" target=\"_blank\" rel=\"noopener noreferrer\">Un petit dessin vaut mieux qu&#8217;un long discours<\/a><\/li>\n<\/ul>\n<p style=\"text-align: justify;\">Attardons-nous sur ces trois articles.<\/p>\n<p style=\"text-align: justify;\">Qu&#8217;est-ce qui peut \u00eatre \u00e0 <em>&#8220;connotation antis\u00e9mite et n\u00e9gationniste&#8221;<\/em>\u00a0 dans la page de pr\u00e9sentation de mon blog ? J&#8217;ai du mal \u00e0 voir, et d&#8217;ailleurs le courriel de Christophe S., fonctionnaire du minist\u00e8re qui rapporte ces trois exemples, ne le pr\u00e9cise pas. La quenelle que j&#8217;effectue devant le Mac Donald du coin, peut-\u00eatre ? Il y aurait encore des gens pour croire qu&#8217;il s&#8217;agit l\u00e0 d&#8217;un <a href=\"https:\/\/aitia.fr\/erd\/wp-content\/uploads\/2015\/06\/Lettre-Jean-YvesLeDrian.pdf\" target=\"_blank\" rel=\"noopener noreferrer\"><em>&#8220;salut nazi invers\u00e9, signifiant la sodomisation des victimes de la Shoah&#8221;<\/em><\/a> ? \u00c0 ceux-ci, je r\u00e9pondrai que quand les fous ont pris les cl\u00e9s de l&#8217;asile, il ne faut pas se croire oblig\u00e9 de se comporter comme eux, mais plut\u00f4t trouver d&#8217;urgence une ruse pour les leur reprendre.<\/p>\n<p style=\"text-align: justify;\">Les <a href=\"https:\/\/aitia.fr\/erd\/les-sixmillions\/\" target=\"_blank\" rel=\"noopener noreferrer\"><em>sixmillions<\/em><\/a>, maintenant ? Un article d&#8217;\u00e9pist\u00e9mologie pratique, rappelant les bases non n\u00e9gociables de toute d\u00e9marche scientifique et pointant du doigt, par contraste, ce qui n&#8217;en est pas mais rel\u00e8ve du dogme religieux voire du mensonge en bande organis\u00e9e ? Et traduisant un article de la <em>Jewish Telegraphic Agency<\/em> sur un projet m\u00e9connu mais historiquement document\u00e9 ? L\u00e0, le surligneur <a href=\"https:\/\/aitia.fr\/erd\/ciel-bleu-gilet-jaune-et-mh17\/\" target=\"_blank\" rel=\"noopener noreferrer\">jaune fluo<\/a> de Christophe S. se fait plus explicite puisqu&#8217;il vise (un peu s\u00e9lectivement, en oubliant soigneusement ce qui y conduit et ce qui en d\u00e9coule) ces mots :<\/p>\n<blockquote>\n<p style=\"text-align: justify;\">&#8230; la notion m\u00eame de <em>g\u00e9nocide <\/em>des juifs d\u2019Europe, c\u2019est-\u00e0-dire d\u2019extermination <em>intentionnelle<\/em> et <em>pr\u00e9m\u00e9dit\u00e9e<\/em> d\u2019une population enti\u00e8re, n\u2019a toujours pas trouv\u00e9 sa confirmation historique factuelle : pas d\u2019ordre \u00e9crit, pas de budget, des chambres \u00e0 gaz dont les plans portent l\u2019inscription <em>Leichenkeller<\/em> (litt\u00e9ralement \u201ccave \u00e0 cadavres\u201d, c\u2019est-\u00e0-dire morgue)\u2026 et la fameuse expression \u201c<em>solution finale<\/em>\u201d \u2013 bien pr\u00e9sente dans les documents et discours nazis \u2013 qui n\u2019est que la version abr\u00e9g\u00e9e de \u201c<em>solution finale <strong>territoriale<\/strong> de la question juive<\/em>\u201d (<em>territoriale Endl\u00f6sung der Judenfrage<\/em>), r\u00e9sumant les intentions criminelles des nazis de forcer tous les juifs d\u2019Europe \u00e0 en partir (par exemple en les envoyant de force <a href=\"https:\/\/fr.wikipedia.org\/wiki\/Plan_Madagascar\" target=\"_blank\" rel=\"noopener noreferrer\">\u00e0 Madagascar<\/a>).<\/p>\n<p>Ces introuvables preuves \u00e9crites d\u2019une extermination industrielle planifi\u00e9e&#8230;<\/p><\/blockquote>\n<p><\/p>\n<p style=\"text-align: justify;\">Si M. Christophe S. veut bien me dire ce qu&#8217;il a trouv\u00e9 de <em>faux<\/em> dans ces lignes, je serai bien \u00e9videmment dispos\u00e9 \u00e0 les corriger. Mais en l&#8217;\u00e9tat, et s&#8217;agissant de m\u00e9thode scientifique, tout individu honn\u00eate est contraint d&#8217;arriver \u00e0 la m\u00eame conclusion : le tribunal de Nuremberg s&#8217;est soigneusement abstenu de recourir \u00e0 une analyse rationnelle des faits et crimes de guerre, et en imposant par la loi de reconna\u00eetre comme vraies les conclusions qu&#8217;il a obtenues au m\u00e9pris de toute r\u00e8gle de logique, des l\u00e9gislateurs ont valid\u00e9 des lois criminelles.<\/p>\n<p style=\"text-align: justify;\">Criminelles au moins \u00e0 deux titres : d&#8217;abord parce que d&#8217;un pur point de vue scientifique, <strong>pour d\u00e9montrer qu&#8217;une proposition est vraie il est imp\u00e9ratif d&#8217;\u00eatre totalement libre de dire qu&#8217;elle est fausse<\/strong>. La condition n&#8217;est pas suffisante, mais elle est n\u00e9cessaire : si l&#8217;on peut prouver que la Terre est ronde, ce n&#8217;est pas parce qu&#8217;il est interdit de dire qu&#8217;elle est plate, mais au contraire parce que c&#8217;est parfaitement autoris\u00e9. Dans le cas particulier de l&#8217;article, <strong>si l&#8217;on interdit<\/strong> de contester l&#8217;existence de chambres \u00e0 gaz homicides ou la planification industrielle de l&#8217;extermination d&#8217;un peuple, <strong>alors il est impossible de prouver<\/strong> l&#8217;existence de ces chambres et le projet g\u00e9nocidaire. La simple existence de sanctions sur certaines options des faits sort ces faits de l&#8217;Histoire en tant que science, et les rel\u00e8gue au rang de liturgie pour croyants&#8230; mais la liturgie d&#8217;une religion qui serait impos\u00e9e sous la contrainte, pratique caract\u00e9ristique d&#8217;un r\u00e9gime politique totalitaire.<\/p>\n<p style=\"text-align: justify;\">R\u00e9p\u00e9tons-le pour que ce soit bien clair : ceux qui veulent imposer par la loi une version de l&#8217;Histoire <strong>sont des criminels par rapport \u00e0 l&#8217;esprit humain<\/strong>, puisqu&#8217;ils tentent de faire passer pour un crime ce qui ressort du simple exercice de la raison. <strong>Ce sont eux, les criminels<\/strong>, et non ceux qui affirment que telle ou telle version est vraie &#8211; ils peuvent avoir raison ou tort, mais avoir raison ou tort n&#8217;est pas un crime. En revanche, interdire \u00e0 un \u00eatre humain l&#8217;exercice de la raison en est un.<\/p>\n<p style=\"text-align: justify;\">Criminelles, ces lois le sont aussi \u00e0 un deuxi\u00e8me titre : parce qu&#8217;en sortant des \u00e9v\u00e9nements tragiques du cadre de la science, et plus g\u00e9n\u00e9ralement de la raison, elles interdisent \u00e0 l&#8217;ensemble de l&#8217;humanit\u00e9 d&#8217;en prendre connaissance et conscience. Nul ne peut en effet &#8211; ou ne devrait &#8211; songer \u00e0 imposer une religion, bas\u00e9e comme il se doit sur des dogmes, \u00e0 l&#8217;ensemble de l&#8217;humanit\u00e9 ; toute connaissance ne peut \u00eatre partag\u00e9e par l&#8217;ensemble des Hommes que si elle repose sur un d\u00e9nominateur commun de cette humanit\u00e9. Or la raison en est un, mais pas la religion, ni la culture, ni la couleur de peau, ni le sexe&#8230; on peut donc dire que tout ce qui entrave l&#8217;exercice de la raison sur une p\u00e9riode de l&#8217;Histoire rajoute aux souffrances des victimes de cette p\u00e9riode, en emp\u00eachant ce qu&#8217;elles ont v\u00e9cu d&#8217;\u00eatre port\u00e9 \u00e0 la connaissance de l&#8217;ensemble des Hommes par le seul moyen universel disponible : la raison.<\/p>\n<p style=\"text-align: justify;\">Redisons-le en plus court : ceux qui veulent imposer par la loi &#8211; ou toute forme de contrainte &#8211; un &#8220;devoir de m\u00e9moire&#8221; sont ceux-l\u00e0 m\u00eame qui l&#8217;interdisent, car la m\u00e9moire est une activit\u00e9 volontaire et non contrainte. Encore une fois, <strong>ce sont eux, les criminels, ce sont eux qui souillent la m\u00e9moire des victimes en leur interdisant l&#8217;entr\u00e9e dans la m\u00e9moire collective de l&#8217;humanit\u00e9<\/strong>.<\/p>\n<p style=\"text-align: justify;\">Mais s&#8217;il est interdit d&#8217;aborder certaines p\u00e9riodes de l&#8217;Histoire de fa\u00e7on scientifique, il n&#8217;est toujours pas interdit, par contre, d&#8217;aborder de fa\u00e7on scientifique le discours tenu par certains sur ceux qui ont os\u00e9 braver cette interdiction&#8230; ce qui conduit \u00e0 constater les nombreux mensonges qu&#8217;il comporte, et la diffamation caract\u00e9ris\u00e9e qu&#8217;il constitue. Pourtant, nul n&#8217;est cens\u00e9 <a href=\"https:\/\/aitia.fr\/erd\/tu-ne-porteras-point-de-faux-temoignage-contre-ton-prochain\/\" target=\"_blank\" rel=\"noopener noreferrer\">porter de faux t\u00e9moignages contre son prochain<\/a>&#8230;<\/p>\n<p style=\"text-align: justify;\">Et le <a href=\"https:\/\/aitia.fr\/erd\/un-petit-dessin-vaut-mieux-quun-long-discours\/\" target=\"_blank\" rel=\"noopener noreferrer\">petit dessin qui vaut mieux qu&#8217;un long discours<\/a>, qu&#8217;a-t-il d&#8217;antis\u00e9mite ou de n\u00e9gationniste ? L\u00e0 encore, le surligneur jaune fluo de Christophe S. est rest\u00e9 sec&#8230; on est donc r\u00e9duit \u00e0 des hypoth\u00e8ses. Mais \u00e0 moins d&#8217;\u00eatre totalement na\u00eff, on se doute bien que c&#8217;est l&#8217;\u00e9vocation d&#8217;un secret de Polichinelle &#8211; l&#8217;implication des USA et d&#8217;Isra\u00ebl (entre autres) dans les conflits du Moyen-Orient en g\u00e9n\u00e9ral et dans la cr\u00e9ation de <a href=\"https:\/\/aitia.fr\/erd\/chroniques-des-sciences-inhumaines-et-asociales-episode-1\/\" target=\"_blank\" rel=\"noopener noreferrer\">l&#8217;\u00c9tat &#8220;Islamique&#8221;<\/a> en particulier &#8211; que le lobby sioniste tente de faire passer pour une &#8220;fausse nouvelle&#8221;. Autant essayer de <a href=\"https:\/\/aitia.fr\/erd\/mais-qui-a-donc-cree-al-qaeda-et-daesh-upr\/\" target=\"_blank\" rel=\"noopener noreferrer\">cacher un baobab derri\u00e8re un serpent<\/a>.<\/p>\n<p style=\"text-align: justify;\">Mais je n&#8217;ai pas grand m\u00e9rite \u00e0 avoir \u00e9crit ces articles. Aujourd&#8217;hui, m\u00eame les gens simples &#8211; surtout les gens simples, devrais-je peut-\u00eatre dire, car je c\u00f4toie une collection impressionnante de <em>cr\u00e9tins de luxe<\/em> dans le monde universitaire &#8211; n&#8217;accordent plus beaucoup de cr\u00e9dit aux <em>mediamenteurs<\/em> et se doutent bien que plus certains se parent de bons sentiments, plus ils en ont d&#8217;inavouables. Il y a quelques ann\u00e9es, alors que l&#8217;illusion \u00e9tait encore plus ou moins cr\u00e9dible &#8211; et ber\u00e7ait doucement l&#8217;auteur de ces lignes &#8211; il fallait avoir de la lucidit\u00e9 et du courage pour ramer contre le courant de la pens\u00e9e dominante, m\u00eame quand on \u00e9tait quelqu&#8217;un de connu et de respect\u00e9. Et je pense l\u00e0 \u00e0 deux des mod\u00e8les que j&#8217;\u00e9voquais en introduction, eux aussi victimes des Tartuffe de &#8220;l&#8217;anti-antis\u00e9mitisme&#8221; : Edgar Morin et Roger Garaudy.<\/p>\n<div id=\"attachment_8055\" style=\"width: 410px\" class=\"wp-caption alignleft\"><a href=\"https:\/\/commons.wikimedia.org\/wiki\/File:Edgar_Morin1.jpg\" target=\"_blank\" rel=\"noopener noreferrer\"><img aria-describedby=\"caption-attachment-8055\" decoding=\"async\" loading=\"lazy\" class=\"wp-image-8055\" src=\"https:\/\/aitia.fr\/erd\/wp-content\/uploads\/2017\/01\/Edgar_Morin1.jpg\" alt=\"Edgar Morin, janvier 2015\" width=\"400\" height=\"282\" srcset=\"https:\/\/aitia.fr\/erd\/wp-content\/uploads\/2017\/01\/Edgar_Morin1.jpg 479w, https:\/\/aitia.fr\/erd\/wp-content\/uploads\/2017\/01\/Edgar_Morin1-300x212.jpg 300w\" sizes=\"(max-width: 400px) 100vw, 400px\" \/><\/a><p id=\"caption-attachment-8055\" class=\"wp-caption-text\">Edgar Morin, en janvier 2015<\/p><\/div>\n<p style=\"text-align: justify;\">D&#8217;origine juive s\u00e9farade (mais se disant agnostique, appr\u00e9ciant le bouddhisme et consid\u00e9rant les monoth\u00e9ismes comme des &#8220;fl\u00e9aux de l&#8217;humanit\u00e9&#8221;), <b>Edgar Morin<\/b> fur r\u00e9sistant, ce qui lui valut son nom d&#8217;usage, Nahoum \u00e9tant son v\u00e9ritable patronyme. Lorsque j&#8217;\u00e9tais \u00e9tudiant, je d\u00e9vorais son \u0153uvre majeure, <em>La M\u00e9thode<\/em>, qui me faisait poser des ponts entre toutes ces disciplines que l&#8217;\u00e9cole, puis l&#8217;universit\u00e9, s&#8217;appliquent \u00e0 segmenter voire \u00e0 rendre \u00e9tanches entre elles. Mieux : m\u00eame quand il parlait de la physique, et alors que je travaillais \u00e0 mon doctorat, il parvenait \u00e0 m&#8217;ouvrir des perspectives neuves sur cette discipline, via le premier tome de <em>La M\u00e9thode<\/em>, <a href=\"https:\/\/www.babelio.com\/livres\/Morin-La-methode-tome-1--La-Nature-de-la-nature\/94829\" target=\"_blank\" rel=\"noopener noreferrer\"><em>La Nature de la Nature<\/em><\/a>. La notion d&#8217;information, donc d&#8217;entropie pour se raccrocher \u00e0 une notion v\u00e9ritablement physique, y tient une large place, tout comme dans l&#8217;ouvrage de Fran\u00e7ois Roddier <em><a href=\"https:\/\/aitia.fr\/erd\/thermodynamique-de-levolution\/\" target=\"_blank\" rel=\"noopener noreferrer\">Thermodynamique de l&#8217;\u00e9volution<\/a><\/em> dont j&#8217;ai d\u00e9j\u00e0 parl\u00e9 ici. Leurs styles sont certes tr\u00e8s diff\u00e9rents : autant celui de Roddier est sec et condens\u00e9 &#8211; \u00e0 la mani\u00e8re d&#8217;un physicien, probablement &#8211; autant celui de Morin est volubile et r\u00e9p\u00e9titif, traduisant par les mots les boucles de sa pens\u00e9e, ce qui rebute certains lecteurs. Attention ! je n&#8217;ai pas dit <a href=\"https:\/\/aitia.fr\/erd\/le-raisonnement-circulaire\/\" target=\"_blank\" rel=\"noopener noreferrer\">raisonnement circulaire<\/a>, mais boucles de raisonnement au sens des <a href=\"https:\/\/fr.wikipedia.org\/wiki\/R%C3%A9troaction\" target=\"_blank\" rel=\"noopener noreferrer\">boucles de r\u00e9troaction<\/a> en cybern\u00e9tique.<\/p>\n<blockquote>\n<p style=\"text-align: justify;\">&#8220;L&#8217;ouverture qu&#8217;apporte l&#8217;id\u00e9e d&#8217;ouverture doit nous ouvrir aussi sur le probl\u00e8me de <em>la refermeture sur soi des \u00eatres ouverts<\/em>.&#8221;<\/p>\n<p style=\"text-align: center;\">un exemple typique du style si particulier d&#8217;Edgar Morin (<em>La Nature de la Nature<\/em>, 2. La production-de-soi (la boucle et l&#8217;ouverture), II. L&#8217;ouverture, C. L&#8217;ouverture de l&#8217;ouverture)<\/p>\n<\/blockquote>\n<p><\/p>\n<p style=\"text-align: justify;\">C&#8217;est donc ce grand sociologue, \u00e9pist\u00e9mologue et philosophe fran\u00e7ais que des associations communautaires ont choisi de poursuivre devant les tribunaux pour &#8220;antis\u00e9mitisme&#8221; (lui le r\u00e9sistant juif ! on n&#8217;est plus \u00e0 cela pr\u00e8s&#8230;) pour un texte paru le 4 juin 2002 dans le journal Le Monde : <a href=\"https:\/\/web.archive.org\/web\/20170423061536\/http:\/\/www.intelligence-complexite.org\/fileadmin\/docs\/conscienceinextenso\/morinext.pdf\" target=\"_blank\" rel=\"noopener noreferrer\"><em>&#8220;Isra\u00ebl-Palestine, le cancer&#8221;<\/em><\/a>. Ce sont <em>Avocats sans fronti\u00e8res<\/em> et <em>France-Isra\u00ebl<\/em>, deux officines de propagande sioniste se cachant, comme de coutume, derri\u00e8re le masque des droits de l&#8217;homme et de l&#8217;amiti\u00e9 entre les peuples, qui eurent ce culot, cette <em><a href=\"https:\/\/fr.wikipedia.org\/wiki\/Chutzpah\" target=\"_blank\" rel=\"noopener noreferrer\">chutzpah<\/a><\/em>. M\u00eame si je suis en d\u00e9saccord avec ce texte sur plusieurs points &#8211; et en particulier sur le 11-Septembre, qui en 2002 sid\u00e9rait encore la plupart des esprits m\u00eame les plus brillants, au point de les rendre aveugles sur <a href=\"https:\/\/aitia.fr\/erd\/la-societe-europeenne-de-physique-vire-complotiste\/\" target=\"_blank\" rel=\"noopener noreferrer\">l&#8217;\u00e9vidence<\/a> &#8211; je consid\u00e8re \u00e9videmment comme s\u00e9rieusement d\u00e9rang\u00e9s tous ceux qui ont l&#8217;id\u00e9e de le qualifier d&#8217;antis\u00e9mite. Et <a href=\"https:\/\/aitia.fr\/erd\/la-logique-selon-caroline-fourest\/\" target=\"_blank\" rel=\"noopener noreferrer\">on a l&#8217;habitude<\/a> de pareils non-sens aujourd&#8217;hui ! Mais ces <em><a href=\"https:\/\/fr.wikipedia.org\/wiki\/Affaire_Morin_(France)#Point_de_vue_d.27Edgar_Morin\" target=\"_blank\" rel=\"noopener noreferrer\">&#8220;petits groupes fascisto\u00efdes&#8221;<\/a><\/em>, pour reprendre la juste expression de Morin, r\u00e9ussirent tout de m\u00eame \u00e0 pourrir la vie du grand homme pendant quatre ans, puisque la d\u00e9cision de justice initiale, qui d\u00e9bouta les plaignants en mai 2004, fut infirm\u00e9e en appel en mai 2005 avant qu&#8217;un arr\u00eat d\u00e9finitif de la Cour de cassation de juillet 2006 n&#8217;annule la condamnation pour &#8220;diffamation raciale&#8221;.<\/p>\n<p style=\"text-align: justify;\"><b>Roger Garaudy<\/b>, qui comme Edgar Morin s&#8217;engagea au parti communiste avant d&#8217;en \u00eatre exclu pour trop grande ind\u00e9pendance d&#8217;esprit, est sans doute bien plus infr\u00e9quentable encore que le sociologue puisque g\u00e9n\u00e9ralement pr\u00e9sent\u00e9 par tous les media de masse sous la seule \u00e9tiquette infamante de &#8220;<a href=\"https:\/\/aitia.fr\/erd\/les-mots-creux-du-nouveau-maccarthysme\/\" target=\"_blank\" rel=\"noopener noreferrer\">n\u00e9gationniste<\/a>&#8221; , toute son \u0153uvre et tout son parcours humain \u00e9tant consid\u00e9r\u00e9s comme n\u00e9gligeables par les non-penseurs de la dominance intellectuelle contemporaine. Sa fiche Wikip\u00e9dia t\u00e9moigne, comme celle de Robert Faurisson, de tous les mensonges et omissions dont cette encyclop\u00e9die dite &#8220;libre&#8221; peut se rendre coupable lorsqu&#8217;elle aborde des sujets tabous. M\u00eame la photo n&#8217;est pas innocente : on se doute bien qu&#8217;on n&#8217;a pas cherch\u00e9 \u00e0 rendre le personnage sympathique&#8230;<\/p>\n<div id=\"attachment_8070\" style=\"width: 310px\" class=\"wp-caption alignleft\"><a href=\"https:\/\/rogergaraudy.blogspot.fr\/\" target=\"_blank\" rel=\"noopener noreferrer\"><img aria-describedby=\"caption-attachment-8070\" decoding=\"async\" loading=\"lazy\" class=\"wp-image-8070\" src=\"https:\/\/aitia.fr\/erd\/wp-content\/uploads\/2017\/01\/Garaudy-Cordoue-PHOTO-JAMES-ANDANSON.SYGMA_.jpg\" width=\"300\" height=\"491\" srcset=\"https:\/\/aitia.fr\/erd\/wp-content\/uploads\/2017\/01\/Garaudy-Cordoue-PHOTO-JAMES-ANDANSON.SYGMA_.jpg 623w, https:\/\/aitia.fr\/erd\/wp-content\/uploads\/2017\/01\/Garaudy-Cordoue-PHOTO-JAMES-ANDANSON.SYGMA_-183x300.jpg 183w, https:\/\/aitia.fr\/erd\/wp-content\/uploads\/2017\/01\/Garaudy-Cordoue-PHOTO-JAMES-ANDANSON.SYGMA_-600x982.jpg 600w\" sizes=\"(max-width: 300px) 100vw, 300px\" \/><\/a><p id=\"caption-attachment-8070\" class=\"wp-caption-text\">Roger Garaudy \u00e0 Cordoue <br \/>(James Andanson &#8211; Sygma)<\/p><\/div>\n<p style=\"text-align: justify;\">Le crime principal de Roger Garaudy, cet homme peu suspect de complaisance envers l&#8217;id\u00e9ologie nazie &#8211; il fut arr\u00eat\u00e9 en septembre 1941 par le r\u00e9gime de Vichy et d\u00e9port\u00e9 en Alg\u00e9rie jusqu&#8217;en f\u00e9vrier 1943 &#8211; est d&#8217;avoir os\u00e9 \u00e9crire <a href=\"https:\/\/tibnz.files.wordpress.com\/2010\/06\/les-mythes-fondateurs-de-la-politique.pdf\" target=\"_blank\" rel=\"noopener noreferrer\"><em>Les mythes fondateurs de la politique isra\u00e9lienne<\/em><\/a>, ouvrage dans lequel il remet en cause la version officielle de l&#8217;histoire de la deuxi\u00e8me guerre mondiale, et compare en particulier le sionisme au nazisme &#8211; ce que bien d&#8217;autres que lui ont fait, en <a href=\"https:\/\/archive.org\/details\/KlausPolkehnLesContactsSecretsLeSionismeEtLallemagneNazie1933\" target=\"_blank\" rel=\"noopener noreferrer\">rappelant leurs convergences id\u00e9ologiques et leurs buts compl\u00e9mentaires<\/a>. N&#8217;\u00e9tant pas historien, et n&#8217;ayant pas travaill\u00e9 m\u00eame \u00e0 titre de loisirs sur cette p\u00e9riode, je n&#8217;ai pas d&#8217;argumentaire pertinent \u00e0 produire pour ou contre ses affirmations, en dehors du fait, comme je l&#8217;ai d\u00e9j\u00e0 \u00e9crit, que le proc\u00e8s de Nuremberg \u00e9tait une parodie de justice et que ses conclusions ne rel\u00e8vent pas de l&#8217;Histoire en tant que science mais d&#8217;une tentative de mise en esclavage par la pens\u00e9e de l&#8217;ensemble de l&#8217;humanit\u00e9. Et bien s\u00fbr, je sais que la cr\u00e9ation de cette entit\u00e9 qu&#8217;on appelle l&#8217;\u00c9tat d&#8217;Isra\u00ebl &#8211; qui, comme le dit Christophe Oberlin, n&#8217;est en r\u00e9alit\u00e9 m\u00eame pas un \u00c9tat puisqu&#8217;elle n&#8217;a pas de fronti\u00e8res d\u00e9finies et reconnues &#8211; n&#8217;a rien \u00e0 voir avec les pers\u00e9cutions subies par la communaut\u00e9 juive sous le r\u00e9gime nazi, puisqu&#8217;elle fut d\u00e9cid\u00e9e bien avant par les Britanniques et officialis\u00e9e d\u00e8s 1917 via la <a href=\"https:\/\/fr.wikipedia.org\/wiki\/D%C3%A9claration_Balfour_de_1917\" target=\"_blank\" rel=\"noopener noreferrer\">d\u00e9claration Balfour<\/a>.<\/p>\n<p style=\"text-align: justify;\">Ce que je peux affirmer en revanche, c&#8217;est que les accusations d&#8217;antis\u00e9mitisme et d&#8217;incitation \u00e0 la haine raciale port\u00e9es contre Roger Garaudy rel\u00e8vent, au mieux du d\u00e9lire parano\u00efaque, et au pire d&#8217;un complot criminel visant \u00e0 procurer l&#8217;impunit\u00e9 \u00e0 de v\u00e9ritables criminels en activit\u00e9, \u0153uvrant pour l&#8217;accomplissement d&#8217;un projet sioniste qui aujourd&#8217;hui ferait trembler de col\u00e8re ou s&#8217;\u00e9vanouir de honte leur lointain inspirateur, <a href=\"https:\/\/aitia.fr\/erd\/letat-des-juifs\/\" target=\"_blank\" rel=\"noopener noreferrer\">Theodor Herzl<\/a> lui-m\u00eame. Point n&#8217;est besoin de lire ce livre de combat en entier : il suffit de lire l&#8217;avertissement que donne Garaudy dans ses premi\u00e8res pages, <em>&#8220;Pourquoi ce livre ?&#8221;<\/em>, dont je reprends ici une partie :<\/p>\n<blockquote>\n<p style=\"text-align: justify;\"><em>&#8220;Notre livre n&#8217;a d&#8217;autre objet que de d\u00e9noncer ce camouflage id\u00e9ologique d&#8217;une politique, pour emp\u00eacher qu&#8217;on la confonde avec la grande tradition des proph\u00e8tes d&#8217;Isra\u00ebl. Avec mon ami Bernard Lecache, fondateur de la L.I.C.A. (devenue la L.I.C.R.A.) d\u00e9port\u00e9 dans le m\u00eame camp de concentration que moi, nous apprenions, en des cours du soir, \u00e0 nos compagnons, la grandeur, l&#8217;universalisme, et la puissance lib\u00e9ratrice de ces proph\u00e8tes juifs.<\/em><\/p>\n<p style=\"text-align: justify;\"><em>A ce message proph\u00e9tique, je n&#8217;ai jamais cess\u00e9 d&#8217;\u00eatre fid\u00e8le, m\u00eame lorsqu&#8217;apr\u00e8s 35 ans de militantisme au Parti communiste, et membre de son Bureau politique, j&#8217;en \u00e9tais exclu, en 1970, pour avoir dit, d\u00e8s 1968 : &#8220;L&#8217;Union sovi\u00e9tique n&#8217;est pas un pays socialiste&#8221;. Comme je dis aujourd\u2019hui : La th\u00e9ologie de la domination de la Curie romaine n&#8217;est pas fid\u00e8le au Christ, l&#8217;Islamisme trahit l&#8217;Islam, et le sionisme politique est aux antipodes du grand proph\u00e9tisme juif.&#8221;<\/em><\/p>\n<\/blockquote>\n<p><\/p>\n<p style=\"text-align: justify;\">Quiconque ose qualifier l&#8217;homme qui a \u00e9crit ces lignes d&#8217;antis\u00e9mite peut bien accuser Charlie Chaplin d&#8217;avoir fait l&#8217;apologie du nazisme dans <em>Le dictateur<\/em> ou Dieudonn\u00e9 d&#8217;avoir glorifi\u00e9 l&#8217;antis\u00e9mitisme dans <a href=\"https:\/\/aitia.fr\/erd\/lantisemite\/\" target=\"_blank\" rel=\"noopener noreferrer\"><em>L&#8217;antis\u00e9mite<\/em><\/a>&#8230; et d&#8217;ailleurs, certains l&#8217;ont fait. Mais si on tient \u00e0 sa sant\u00e9 mentale, on n&#8217;est pas oblig\u00e9 de les suivre.<\/p>\n<p style=\"text-align: justify;\">Et pour revenir \u00e0 un domaine que je connais mieux : l&#8217;\u00e9nergie, pour lequel mon universit\u00e9 m&#8217;a charg\u00e9 d&#8217;un cours (pas encore interdit !), je conseille \u00e9galement \u00e0 mes lecteurs de m\u00e9diter cet autre passage de <em>&#8220;Pourquoi ce livre ?&#8221;<\/em>, au tout d\u00e9but :<\/p>\n<blockquote>\n<p style=\"text-align: justify;\"><em>&#8220;Le troisi\u00e8me volet du triptyque: Les Mythes fondateurs de la politique isra\u00e9lienne, d\u00e9nonce l&#8217;h\u00e9r\u00e9sie du sionisme politique qui consiste \u00e0 substituer au Dieu d&#8217;Isra\u00ebl l&#8217;\u00c9tat d&#8217;Isra\u00ebl, porte-avions nucl\u00e9aire et insubmersible des provisoires ma\u00eetres du monde : Les \u00c9tats-Unis, qui entendent s&#8217;approprier les p\u00e9troles du Moyen-Orient, nerf de la croissance \u00e0 l&#8217;occidentale. (Mod\u00e8le de &#8220;croissance&#8221; qui, par le truchement du F.M.I., co\u00fbte au Tiers Monde l&#8217;\u00e9quivalent en morts d&#8217;un Hiroshima tous les deux jours).<\/em><\/p>\n<p style=\"text-align: justify;\"><em>Depuis Lord Balfour, d\u00e9clarant, lorsqu&#8217;il livrait aux sionistes un pays qui ne lui appartenait pas: &#8220;Peu importe le syst\u00e8me mis en \u0153uvre pour que nous conservions le p\u00e9trole du Moyen-Orient. Il est essentiel que ce p\u00e9trole demeure accessible.&#8221; (Kimhe John, Palestine et Isra\u00ebl, Ed. Albin Michel, 1973, p. 27), jusqu&#8217;au secr\u00e9taire d&#8217;\u00c9tat am\u00e9ricain, Cordell Hull : &#8220;Il faut bien comprendre que le p\u00e9trole d&#8217;Arabie Saoudite constitue l&#8217;un des plus puissants leviers du monde&#8221; (ibidem, p. 240), une m\u00eame politique assigne la m\u00eame mission aux dirigeants sionistes isra\u00e9liens, celle qu&#8217;a d\u00e9finie Joseph Luns, ancien secr\u00e9taire g\u00e9n\u00e9ral de l&#8217;O.T.A.N. : &#8220;Isra\u00ebl a \u00e9t\u00e9 le mercenaire le moins co\u00fbteux de notre \u00e9poque moderne.&#8221; (Nadav Shraga\u00ef, Haaretz du 13 mars 1992).&#8221;<\/em><\/p>\n<\/blockquote>\n<p><\/p>\n<p style=\"text-align: justify;\">Comme toujours, des consid\u00e9rations tr\u00e8s concr\u00e8tes li\u00e9es \u00e0 la g\u00e9ographie et aux ressources en \u00e9nergie ou mati\u00e8res premi\u00e8res sont envelopp\u00e9es dans des alibis politiques et religieux visant \u00e0 dissimuler aux yeux du peuple les v\u00e9ritables enjeux, afin que celui-ci se laisse plus facilement guider par une oligarchie de plus en plus ill\u00e9gitime, de plus en plus avide de richesse mat\u00e9rielle et de plus en plus imperm\u00e9able aux souffrances du peuple. Au point qu&#8217;un milliardaire juif peut sans probl\u00e8me financer des bataillons de n\u00e9o-nazis criant leur haine anti-juive, comme <a href=\"https:\/\/aitia.fr\/erd\/george-soros-cest-vrai-je-mimplique-dans-des-activites-amorales-ertv\/\" target=\"_blank\" rel=\"noopener noreferrer\">je le soulignais ici<\/a>.<\/p>\n<p style=\"text-align: justify;\">Nous arrivons au bout des mensonges, et commen\u00e7ons \u00e0 apercevoir <a href=\"https:\/\/aitia.fr\/erd\/le-nouveau-capitalisme-criminel\/\" target=\"_blank\" rel=\"noopener noreferrer\">le sommet d&#8217;une pyramide de Ponzi<\/a> construite depuis des d\u00e9cennies voire des si\u00e8cles pour justifier la domination de quelques privil\u00e9gi\u00e9s &#8211; pr\u00e9dateurs serait plus juste &#8211; sur le reste de l&#8217;humanit\u00e9. Peu importe la couleur de peau, la nationalit\u00e9, la religion (ou absence de), le sexe (m\u00eame si on le devine tr\u00e8s majoritairement masculin) de ces pr\u00e9dateurs : l&#8217;essentiel est de les d\u00e9masquer et de les emp\u00eacher de nuire, afin de faire passer l&#8217;humanit\u00e9 au <a href=\"https:\/\/aitia.fr\/erd\/thermodynamique-de-levolution\/\" target=\"_blank\" rel=\"noopener noreferrer\">stade sup\u00e9rieur de conscience d&#8217;elle-m\u00eame<\/a>. Ils ne sont grands que parce que nous sommes \u00e0 genoux, et nul \u00eatre humain ne saurait passer sa vie \u00e0 se taire devant le mensonge et le crime.<\/p>\n<p style=\"text-align: justify;\">Et n&#8217;oublions pas de rappeler \u00e0 Christophe S., fonctionnaire du minist\u00e8re qui, comme beaucoup de fonctionnaires en p\u00e9riode d&#8217;occupation, semble fonctionner sans se poser de question, que pour lutter valablement contre l&#8217;antis\u00e9mitisme il est n\u00e9cessaire de donner la parole \u00e0 <em>tous<\/em> les juifs, donc en particulier <a href=\"https:\/\/aitia.fr\/erd\/luttons-contre-l-antisemitisme\/\" target=\"_blank\" rel=\"noopener noreferrer\">\u00e0 ceux qui ne l&#8217;ont habituellement pas<\/a>.<\/p>\n<p style=\"text-align: justify;\">Tout le monde ne peut pas s&#8217;appeler Christophe O.<\/p>\n","protected":false},"excerpt":{"rendered":"<p>Que mes lecteurs me pardonnent ici cet acc\u00e8s d&#8217;auto-satisfaction, voire d&#8217;immodestie caract\u00e9ris\u00e9e, mais ce n&#8217;est pas tous les jours qu&#8217;on est associ\u00e9 \u00e0 des personnes pour lesquelles on \u00e9prouve une grande admiration. Or c&#8217;est ce qui vient de m&#8217;arriver, certes indirectement, n&#8217;ayant pas r\u00e9alis\u00e9 le centi\u00e8me de l&#8217;\u0153uvre accomplie par mes mod\u00e8les et ne m\u00e9ritant [&hellip;]<\/p>\n","protected":false},"author":1,"featured_media":0,"comment_status":"open","ping_status":"open","sticky":false,"template":"","format":"standard","meta":[],"categories":[4,3],"tags":[449,117,126,112,497,155,162,48,389,498,56],"_links":{"self":[{"href":"https:\/\/aitia.fr\/erd\/wp-json\/wp\/v2\/posts\/7965"}],"collection":[{"href":"https:\/\/aitia.fr\/erd\/wp-json\/wp\/v2\/posts"}],"about":[{"href":"https:\/\/aitia.fr\/erd\/wp-json\/wp\/v2\/types\/post"}],"author":[{"embeddable":true,"href":"https:\/\/aitia.fr\/erd\/wp-json\/wp\/v2\/users\/1"}],"replies":[{"embeddable":true,"href":"https:\/\/aitia.fr\/erd\/wp-json\/wp\/v2\/comments?post=7965"}],"version-history":[{"count":71,"href":"https:\/\/aitia.fr\/erd\/wp-json\/wp\/v2\/posts\/7965\/revisions"}],"predecessor-version":[{"id":13623,"href":"https:\/\/aitia.fr\/erd\/wp-json\/wp\/v2\/posts\/7965\/revisions\/13623"}],"wp:attachment":[{"href":"https:\/\/aitia.fr\/erd\/wp-json\/wp\/v2\/media?parent=7965"}],"wp:term":[{"taxonomy":"category","embeddable":true,"href":"https:\/\/aitia.fr\/erd\/wp-json\/wp\/v2\/categories?post=7965"},{"taxonomy":"post_tag","embeddable":true,"href":"https:\/\/aitia.fr\/erd\/wp-json\/wp\/v2\/tags?post=7965"}],"curies":[{"name":"wp","href":"https:\/\/api.w.org\/{rel}","templated":true}]}}