{"id":7904,"date":"2016-12-14T13:00:38","date_gmt":"2016-12-14T12:00:38","guid":{"rendered":"https:\/\/aitia.fr\/erd\/?p=7904"},"modified":"2019-05-11T22:01:00","modified_gmt":"2019-05-11T20:01:00","slug":"vaccins-comment-la-verite-est-etouffee-sante-corps-esprit","status":"publish","type":"post","link":"https:\/\/aitia.fr\/erd\/vaccins-comment-la-verite-est-etouffee-sante-corps-esprit\/","title":{"rendered":"Vaccins : comment la v\u00e9rit\u00e9 est malmen\u00e9e <br>(Sant\u00e9 Corps Esprit)"},"content":{"rendered":"<p style=\"text-align: justify;\"><img decoding=\"async\" loading=\"lazy\" class=\"alignleft wp-image-7906 size-full\" src=\"https:\/\/aitia.fr\/erd\/wp-content\/uploads\/2016\/12\/vaccination.jpg\" width=\"400\" height=\"267\" srcset=\"https:\/\/aitia.fr\/erd\/wp-content\/uploads\/2016\/12\/vaccination.jpg 400w, https:\/\/aitia.fr\/erd\/wp-content\/uploads\/2016\/12\/vaccination-300x200.jpg 300w\" sizes=\"(max-width: 400px) 100vw, 400px\" \/>[<em>Note de l&#8217;administrateur de ce blog : si vous pensez encore que le but premier de l&#8217;industrie pharmaceutique est d&#8217;\u0153uvrer pour une meilleure sant\u00e9, et que vous voyez en particulier toute critique de la vaccination comme un d\u00e9lire &#8220;<a href=\"https:\/\/aitia.fr\/erd\/les-mots-creux-du-nouveau-maccarthysme\/\" target=\"_blank\" rel=\"noopener noreferrer\">complotiste<\/a>&#8221; , je vous conseille vivement de commencer par regarder la vid\u00e9o ci-dessous, o\u00f9 l&#8217;ancien dirigeant de la multinationale britannique <a href=\"https:\/\/fr.wikipedia.org\/wiki\/GlaxoSmithKline\" target=\"_blank\" rel=\"noopener noreferrer\">GlaxoSmithKline<\/a> (GSK) <a href=\"https:\/\/www.rtbf.be\/info\/economie\/detail_entrepremiere-jean-stephenne-l-emblematique-patron-prend-sa-retraite?id=7740481\" target=\"_blank\" rel=\"noopener noreferrer\">Jean St\u00e9phenne<\/a> explique tranquillement \u00e0 un parterre de businessmen, le sourire aux l\u00e8vres, la logique qui commande la r\u00e9alisation de vaccins multivalents tels que l&#8217;Infanrix Hexa\u00ae de GSK. Une logique qui n&#8217;a rien de m\u00e9dical.<\/em><\/p>\n<p style=\"text-align: justify;\"><em>Et en lisant l&#8217;article de Sant\u00e9 Corps Esprit qui suit, vous apprendrez que le fameux &#8220;<a href=\"https:\/\/fr.wikipedia.org\/wiki\/Syndrome_de_la_guerre_du_Golfe\" target=\"_blank\" rel=\"noopener noreferrer\">syndrome de la Guerre du Golfe<\/a>&#8221; , dont souffrent de nombreux v\u00e9t\u00e9rans de guerre am\u00e9ricains, et qui fut un peu rapidement attribu\u00e9 par des journalistes aux m\u00e9chantes armes \u00e0 uranium appauvri utilis\u00e9es par les m\u00e9chants Am\u00e9ricains, est en r\u00e9alit\u00e9 une cons\u00e9quence directe&#8230; de la vaccination pr\u00e9ventive et massive administr\u00e9e aux militaires.<\/em><\/p>\n<p style=\"text-align: justify;\"><em>On retiendra \u00e9galement qu&#8217;apr\u00e8s la vaste blague de la &#8220;concertation citoyenne sur la vaccination&#8221;, o\u00f9 on a bien pris soin d&#8217;\u00e9carter du d\u00e9bat toute personne ayant des choses int\u00e9ressantes et scientifiquement prouv\u00e9es \u00e0 dire sur la dangerosit\u00e9 de certains vaccins (ou de la vaccination sur certaines personnes au profil g\u00e9n\u00e9tique particulier), le <a href=\"https:\/\/concertation-vaccination.fr\/wp-content\/uploads\/2016\/04\/Rapport-de-la-concertation-citoyenne-sur-la-vaccination.pdf\" target=\"_blank\" rel=\"noopener noreferrer\">rapport du Comit\u00e9 d&#8217;Orientation<\/a> (anonyme&#8230;) ne propose rien de mieux, pour lutter contre la d\u00e9fiance grandissante du public envers la vaccination, que de <strong>rendre obligatoires<\/strong> des vaccins jusque-l\u00e0 conseill\u00e9s en France, portant ainsi \u00e0 11 (<strong>onze<\/strong>) le nombre de vaccins obligatoires contre 3 aujourd&#8217;hui (mais en pratique au moins 5 ou 6, suite au lobbying intensif de GSK et ses concurrents) !<\/em><\/p>\n<p style=\"text-align: justify;\"><em>Enfin, puisqu&#8217;il est toujours int\u00e9ressant de regarder ailleurs pour s&#8217;a\u00e9rer l&#8217;esprit, on notera que la vaccination <a href=\"https:\/\/fr.wikipedia.org\/wiki\/Vaccination#En_Europe\" target=\"_blank\" rel=\"noopener noreferrer\">n&#8217;est pas obligatoire<\/a> ni en Espagne, ni en Allemagne, ni au Royaume-Uni par exemple. Certainement par la faute d&#8217;une n\u00e9gligence coupable des autorit\u00e9s sanitaires des pays concern\u00e9s, car <a href=\"https:\/\/www.youtube.com\/watch?v=RXEJ9-Fpn94\" target=\"_blank\" rel=\"noopener noreferrer\">&#8220;la vaccination, \u00e7a ne se discute pas !&#8221;<\/a>, comme l&#8217;a proclam\u00e9 la tr\u00e8s incomp\u00e9tente Marisol Touraine, aussi \u00e0 l&#8217;aise avec les arguments m\u00e9dicaux qu&#8217;une poule avec le maniement d&#8217;un couteau.<\/em>]<\/p>\n<p style=\"text-align: center;\"><iframe loading=\"lazy\" src=\"https:\/\/www.youtube.com\/embed\/7nh40HgrDG4\" width=\"640\" height=\"360\" frameborder=\"0\" allowfullscreen=\"allowfullscreen\"><\/iframe><\/p>\n<p style=\"text-align: left;\"><span style=\"color: #ff0000;\"><strong>Mise \u00e0 jour 20 d\u00e9cembre :<\/strong><\/span> <a href=\"https:\/\/web.archive.org\/web\/20161225021658\/http:\/\/petitions.ipsn.eu:80\/mobilisation-vaccins-enfants\/index.php?utm_source=BAZ&amp;utm_medium=newsletter-gratuite&amp;utm_campaign=20161220-vaccins-relance\" target=\"_blank\" rel=\"noopener noreferrer\">lien vers la p\u00e9tition adress\u00e9e \u00e0 la Ministre de la Sant\u00e9<\/a>.<\/p>\n<hr \/>\n<h2>Vaccins\u00a0: comment la v\u00e9rit\u00e9 est \u00e9touff\u00e9e<\/h2>\n<p style=\"text-align: justify;\">C\u2019est un livre qui se lit comme un roman policier\u2026 et qui r\u00e9v\u00e8le au grand jour la stup\u00e9fiante corruption politico-m\u00e9dicale destin\u00e9e <u>\u00e0 vous cacher les \u00ab\u00a0effets ind\u00e9sirables\u00a0\u00bb de certains vaccins<\/u>.<\/p>\n<p style=\"text-align: justify;\">Son auteur, le Pr Romain Gherardi, n\u2019est pas n\u2019importe qui.<\/p>\n<p style=\"text-align: justify;\">Professeur de m\u00e9decine \u00e0 38 ans, il est \u00e0 la t\u00eate d\u2019un prestigieux centre hospitalier fran\u00e7ais sur les maladies neuro-musculaires. Il a publi\u00e9 plus de 300 articles de recherche dans des revues m\u00e9dicales de premier plan (<em>Lancet<\/em>, <em>New England Journal of Medicine<\/em>, <em>Brain<\/em>, etc.).<\/p>\n<p style=\"text-align: justify;\">M\u00e9decin rempli d\u2019humanit\u00e9 et chercheur exigeant, il n\u2019a rien d\u2019un provocateur. Il ne manque jamais une occasion de rappeler que les vaccins ont sauv\u00e9 des millions de vies.<\/p>\n<p style=\"text-align: justify;\">Mais il refuse qu\u2019on emp\u00eache le grand public de conna\u00eetre certains effets ind\u00e9sirables <u>\u00e9vitables<\/u> des vaccins contenant de l\u2019aluminium.<\/p>\n<p style=\"text-align: justify;\">Il n\u2019accepte pas qu\u2019on cherche \u00e0 <u>\u00e9touffer<\/u> des recherches scientifiques d\u2019utilit\u00e9 publique, qui pourraient \u00e9viter des milliers de maladies graves\u2026 et peut-\u00eatre m\u00eame soulager des millions de patients victimes du terrible \u00ab\u00a0syndrome de fatigue chronique\u00a0\u00bb.<\/p>\n<p style=\"text-align: justify;\">Tout ce qu\u2019il souhaite, c\u2019est la <u>v\u00e9rit\u00e9<\/u>, y compris si elle d\u00e9range. Et il l\u2019a pay\u00e9 au prix fort.<\/p>\n<p style=\"text-align: justify;\">En quelques ann\u00e9es, il est pass\u00e9 du statut de \u00ab\u00a0star envi\u00e9e de la m\u00e9decine \u00bb, consult\u00e9 officiellement par l\u2019Organisation mondiale de la Sant\u00e9 (OMS), \u00e0 celui d\u2019un homme que l\u2019on \u00e9vite, dont on refuse de financer les recherches.<\/p>\n<p style=\"text-align: justify;\">Son seul crime : avoir mis au jour une v\u00e9rit\u00e9 <em>tr\u00e8s embarrassante<\/em> pour l\u2019industrie du vaccin.<\/p>\n<p><a href=\"https:\/\/www.sante-corps-esprit.com\/vaccins-aluminium-verite-etouffee\/\" target=\"_blank\" rel=\"noopener noreferrer\">Continuer la lecture sur <em>Sant\u00e9 Corps Esprit<\/em> \u27f6<\/a><\/p>\n","protected":false},"excerpt":{"rendered":"<p>[Note de l&#8217;administrateur de ce blog : si vous pensez encore que le but premier de l&#8217;industrie pharmaceutique est d&#8217;\u0153uvrer pour une meilleure sant\u00e9, et que vous voyez en particulier toute critique de la vaccination comme un d\u00e9lire &#8220;complotiste&#8221; , je vous conseille vivement de commencer par regarder la vid\u00e9o ci-dessous, o\u00f9 l&#8217;ancien dirigeant de [&hellip;]<\/p>\n","protected":false},"author":1,"featured_media":0,"comment_status":"open","ping_status":"open","sticky":false,"template":"","format":"standard","meta":[],"categories":[4,134,29],"tags":[475,480,476,478,484,483,482,479,481,473,477,344],"_links":{"self":[{"href":"https:\/\/aitia.fr\/erd\/wp-json\/wp\/v2\/posts\/7904"}],"collection":[{"href":"https:\/\/aitia.fr\/erd\/wp-json\/wp\/v2\/posts"}],"about":[{"href":"https:\/\/aitia.fr\/erd\/wp-json\/wp\/v2\/types\/post"}],"author":[{"embeddable":true,"href":"https:\/\/aitia.fr\/erd\/wp-json\/wp\/v2\/users\/1"}],"replies":[{"embeddable":true,"href":"https:\/\/aitia.fr\/erd\/wp-json\/wp\/v2\/comments?post=7904"}],"version-history":[{"count":29,"href":"https:\/\/aitia.fr\/erd\/wp-json\/wp\/v2\/posts\/7904\/revisions"}],"predecessor-version":[{"id":12959,"href":"https:\/\/aitia.fr\/erd\/wp-json\/wp\/v2\/posts\/7904\/revisions\/12959"}],"wp:attachment":[{"href":"https:\/\/aitia.fr\/erd\/wp-json\/wp\/v2\/media?parent=7904"}],"wp:term":[{"taxonomy":"category","embeddable":true,"href":"https:\/\/aitia.fr\/erd\/wp-json\/wp\/v2\/categories?post=7904"},{"taxonomy":"post_tag","embeddable":true,"href":"https:\/\/aitia.fr\/erd\/wp-json\/wp\/v2\/tags?post=7904"}],"curies":[{"name":"wp","href":"https:\/\/api.w.org\/{rel}","templated":true}]}}