{"id":7831,"date":"2016-12-02T10:06:01","date_gmt":"2016-12-02T09:06:01","guid":{"rendered":"https:\/\/aitia.fr\/erd\/?p=7831"},"modified":"2016-12-02T10:06:01","modified_gmt":"2016-12-02T09:06:01","slug":"extrait-dun-entretien-inedit-avec-alain-soral-sur-les-presidentielles-alimuddin-usmani","status":"publish","type":"post","link":"https:\/\/aitia.fr\/erd\/extrait-dun-entretien-inedit-avec-alain-soral-sur-les-presidentielles-alimuddin-usmani\/","title":{"rendered":"Extrait d\u2019un entretien in\u00e9dit avec Alain Soral sur les pr\u00e9sidentielles (Alimuddin Usmani)"},"content":{"rendered":"<p style=\"text-align: justify;\"><a href=\"https:\/\/lapravda.ch\/index.php\/2016\/12\/01\/extrait-dun-entretien-inedit-avec-alain-soral-sur-les-presidentielles\/\" target=\"_blank\"><img decoding=\"async\" loading=\"lazy\" class=\"alignleft wp-image-7833 size-medium\" src=\"https:\/\/aitia.fr\/erd\/wp-content\/uploads\/2016\/12\/Soral-254x300.png\" alt=\"soral\" width=\"254\" height=\"300\" srcset=\"https:\/\/aitia.fr\/erd\/wp-content\/uploads\/2016\/12\/Soral-254x300.png 254w, https:\/\/aitia.fr\/erd\/wp-content\/uploads\/2016\/12\/Soral.png 376w\" sizes=\"(max-width: 254px) 100vw, 254px\" \/><\/a>[<em>Note de l&#8217;administrateur de ce blog : o\u00f9 l&#8217;on voit que plus le pouvoir &#8211; sans doute conscient d&#8217;\u00eatre per\u00e7u comme ill\u00e9gitime \u00e0 cause de lui &#8211; tente de faire passer Alain Soral pour un dangereux illumin\u00e9 n\u00e9o-nazi \u00e0 tendance parano\u00efaque, plus il se grille et pr\u00e9cipite sa chute. Alors que journalistes et instituts de sondage se ridiculisent avec une constance qui vire au stakhanovisme, pr\u00e9voyant r\u00e9guli\u00e8rement le contraire des \u00e9v\u00e9nements qui adviennent, Alain Soral montre une fois de plus sa lucidit\u00e9 en annon\u00e7ant avant tout le monde les &#8220;surprises&#8221; qui font les grands titres des journaux.<br \/>\n<\/em><\/p>\n<p style=\"text-align: justify;\"><em>En 1748, <a href=\"https:\/\/fr.wikipedia.org\/wiki\/Montesquieu\" target=\"_blank\">Charles Louis de Secondat, baron de La Br\u00e8de et de Montesquieu<\/a>, publiait une \u0153uvre majeure de philosophie politique qui deviendrait un grand classique internationalement connu : <a href=\"https:\/\/fr.wikipedia.org\/wiki\/De_l%27esprit_des_lois\" target=\"_blank\">De l&#8217;esprit des lois<\/a>. Il y livrait une analyse froide et logique des m\u00e9canismes du pouvoir et des diff\u00e9rents types de gouvernement, permettant une critique du pouvoir absolu de l&#8217;\u00e9poque, la monarchie de droit divin, par le simple exercice de la raison. Il y posait donc les bases des futures d\u00e9mocraties. Logiquement, il \u00e9tait mis \u00e0 l&#8217;<a href=\"https:\/\/fr.wikipedia.org\/wiki\/Index_librorum_prohibitorum\" target=\"_blank\">Index des livres interdits<\/a> par l&#8217;\u00c9glise trois ans plus tard, en 1751.<\/em><\/p>\n<p style=\"text-align: justify;\"><em>En 2011, Alain Bonnet, dit Alain Soral, publie <a href=\"https:\/\/aitia.fr\/erd\/comprendre-lempire\/\" target=\"_blank\">Comprendre l&#8217;Empire<\/a>, un essai qui renouvelle l&#8217;exercice de Montesquieu en l&#8217;appliquant au pouvoir absolu contemporain, qui n&#8217;est plus la monarchie de droit divin mais le bin\u00f4me banque\/media, ces derniers \u00e9tant n\u00e9cessaires pour maintenir l&#8217;illusion de la d\u00e9mocratie aupr\u00e8s des \u00e9lecteurs encore cr\u00e9dules. Logiquement, il subit une intense campagne de diffamation et de pers\u00e9cutions, version moderne de la mise \u00e0 l&#8217;Index, avec une forte mont\u00e9e en puissance trois ans plus tard, en 2014 lors de <a href=\"https:\/\/aitia.fr\/erd\/coup-detat-du-9-janvier\/\" target=\"_blank\">l&#8217;affaire Dieudonn\u00e9<\/a>.<\/em><\/p>\n<p style=\"text-align: justify;\"><em>Les m\u00eames causes produisent les m\u00eames effets, comme en physique.<\/em>]<\/p>\n<hr \/>\n<p style=\"text-align: justify;\">Du 18 juin au 11 septembre 2015, j\u2019ai eu le privil\u00e8ge d\u2019effectuer de longs entretiens avec Alain Soral. Ils n\u2019ont encore jamais \u00e9t\u00e9 publi\u00e9s et pourraient faire l\u2019objet d\u2019un ouvrage dans le futur. Compte tenu de la situation en France, les risques de poursuites judiciaires sont particuli\u00e8rement \u00e9lev\u00e9s, ce qui rend une publication difficile pour l\u2019instant. Les th\u00e8mes abord\u00e9s vont, notamment, de l\u2019emprise de certains lobbies sur la France,\u00a0\u00e0 la jeunesse de l\u2019essayiste \u00e0 Paris, en passant par les \u00e9lections pr\u00e9sidentielles de 2017. Voici justement deux extraits qui datent du 7 juillet 2015, o\u00f9 Alain Soral avait pr\u00e9dit le retrait de Fran\u00e7ois Hollande ainsi que la d\u00e9confiture de Sarkozy :<\/p>\n<p style=\"text-align: justify;\"><strong>Ce serait une premi\u00e8re dans la 5\u00e8me R\u00e9publique si Fran\u00e7ois Hollande ne se repr\u00e9sentait pas.<\/strong><\/p>\n<p style=\"text-align: justify;\">Oui, mais je pense qu\u2019il ne se repr\u00e9sentera pas. Il suffit de regarder les sondages qui disent que les gens de gauche veulent Valls \u00e0 des proportions de 45 contre 14. Hollande c\u2019est \u00ab one-shot \u00bb, c\u2019est le mec qui a \u00e9t\u00e9 \u00e9lu par d\u00e9faut, parce que les gens voulaient virer Sarkozy et parce que Strauss-Kahn s\u2019est pris les pieds dans sa bite. Les gens voulaient sanctionner Sarkozy, maintenant en France on ne vote plus pour, on vote contre. Hollande est donc un mollusque, il a un bilan catastrophique, je ne vois pas pourquoi il se repr\u00e9senterait.<\/p>\n<p style=\"text-align: justify;\"><a href=\"https:\/\/lapravda.ch\/index.php\/2016\/12\/01\/extrait-dun-entretien-inedit-avec-alain-soral-sur-les-presidentielles\/\" target=\"_blank\">Continuer la lecture sur lapravda.ch \u27f6<\/a><\/p>\n","protected":false},"excerpt":{"rendered":"<p>[Note de l&#8217;administrateur de ce blog : o\u00f9 l&#8217;on voit que plus le pouvoir &#8211; sans doute conscient d&#8217;\u00eatre per\u00e7u comme ill\u00e9gitime \u00e0 cause de lui &#8211; tente de faire passer Alain Soral pour un dangereux illumin\u00e9 n\u00e9o-nazi \u00e0 tendance parano\u00efaque, plus il se grille et pr\u00e9cipite sa chute. Alors que journalistes et instituts de [&hellip;]<\/p>\n","protected":false},"author":1,"featured_media":0,"comment_status":"open","ping_status":"open","sticky":false,"template":"","format":"standard","meta":[],"categories":[4,134,29],"tags":[49,23,126,467,110,151,458,214],"_links":{"self":[{"href":"https:\/\/aitia.fr\/erd\/wp-json\/wp\/v2\/posts\/7831"}],"collection":[{"href":"https:\/\/aitia.fr\/erd\/wp-json\/wp\/v2\/posts"}],"about":[{"href":"https:\/\/aitia.fr\/erd\/wp-json\/wp\/v2\/types\/post"}],"author":[{"embeddable":true,"href":"https:\/\/aitia.fr\/erd\/wp-json\/wp\/v2\/users\/1"}],"replies":[{"embeddable":true,"href":"https:\/\/aitia.fr\/erd\/wp-json\/wp\/v2\/comments?post=7831"}],"version-history":[{"count":8,"href":"https:\/\/aitia.fr\/erd\/wp-json\/wp\/v2\/posts\/7831\/revisions"}],"predecessor-version":[{"id":7840,"href":"https:\/\/aitia.fr\/erd\/wp-json\/wp\/v2\/posts\/7831\/revisions\/7840"}],"wp:attachment":[{"href":"https:\/\/aitia.fr\/erd\/wp-json\/wp\/v2\/media?parent=7831"}],"wp:term":[{"taxonomy":"category","embeddable":true,"href":"https:\/\/aitia.fr\/erd\/wp-json\/wp\/v2\/categories?post=7831"},{"taxonomy":"post_tag","embeddable":true,"href":"https:\/\/aitia.fr\/erd\/wp-json\/wp\/v2\/tags?post=7831"}],"curies":[{"name":"wp","href":"https:\/\/api.w.org\/{rel}","templated":true}]}}