{"id":7728,"date":"2016-11-20T09:20:31","date_gmt":"2016-11-20T08:20:31","guid":{"rendered":"https:\/\/aitia.fr\/erd\/?p=7728"},"modified":"2018-04-27T06:55:54","modified_gmt":"2018-04-27T04:55:54","slug":"vers-un-monde-nouveau-antipresse","status":"publish","type":"post","link":"https:\/\/aitia.fr\/erd\/vers-un-monde-nouveau-antipresse\/","title":{"rendered":"Vers un monde nouveau (Antipresse)"},"content":{"rendered":"<div id=\"attachment_7103\" style=\"width: 210px\" class=\"wp-caption alignleft\"><a href=\"https:\/\/fr.wikipedia.org\/wiki\/Slobodan_Despot\" target=\"_blank\"><img aria-describedby=\"caption-attachment-7103\" decoding=\"async\" loading=\"lazy\" class=\"wp-image-7103\" src=\"https:\/\/aitia.fr\/erd\/wp-content\/uploads\/2016\/09\/Slobodan-Despot-Geneve-2006.jpg\" alt=\"Slobodan Despot au salon du livre \u00e0 Gen\u00e8ve en 2006\" width=\"200\" height=\"191\" srcset=\"https:\/\/aitia.fr\/erd\/wp-content\/uploads\/2016\/09\/Slobodan-Despot-Geneve-2006.jpg 832w, https:\/\/aitia.fr\/erd\/wp-content\/uploads\/2016\/09\/Slobodan-Despot-Geneve-2006-300x286.jpg 300w, https:\/\/aitia.fr\/erd\/wp-content\/uploads\/2016\/09\/Slobodan-Despot-Geneve-2006-768x733.jpg 768w, https:\/\/aitia.fr\/erd\/wp-content\/uploads\/2016\/09\/Slobodan-Despot-Geneve-2006-600x573.jpg 600w\" sizes=\"(max-width: 200px) 100vw, 200px\" \/><\/a><p id=\"caption-attachment-7103\" class=\"wp-caption-text\">Slobodan Despot, salon du livre,<br \/> Gen\u00e8ve, 2006<\/p><\/div>\n<p style=\"text-align: justify;\">[<em>Note de l&#8217;administrateur de ce blog : une fois de plus, je reproduis avec grand plaisir la prose de Slobodan Despot parue dans <a href=\"https:\/\/www.antipresse.net\/\" target=\"_blank\">Antipresse<\/a>, n\u00b0 51. Mais j&#8217;y ajouterai cette fois deux b\u00e9mols, car je pense que son analyse de la situation, bien qu&#8217;\u00e0 des kilom\u00e8tres au-dessus de celles de nos &#8220;journalistes&#8221;, n&#8217;est pas suffisamment radicale pour atteindre le d\u00e9senfumage total qu&#8217;il appelle de ses v\u0153ux.<\/em><\/p>\n<p style=\"text-align: justify;\"><em>En premier lieu, je ne serai pas aussi optimiste que lui sur la nomination de Michael Flynn comme conseiller \u00e0 la d\u00e9fense de Donald Trump : bien que dissident par rapport \u00e0 l&#8217;administration Obama, l&#8217;homme ne para\u00eet pas \u00eatre un d\u00e9senfumeur mais un enfumeur tout aussi nocif que les autres, utilisant seulement une fum\u00e9e de couleur diff\u00e9rente. J&#8217;y reviendrai.<\/em><\/p>\n<p style=\"text-align: justify;\"><em>En second lieu, lorsqu&#8217;il parle des &#8220;th\u00e9oriciens du syndrome de Stockholm \u00e0 l&#8217;\u00e9gard de l&#8217;islam&#8221;, il ne semble pas avoir compris que l&#8217;islam est aujourd&#8217;hui &#8211; et plus particuli\u00e8rement depuis le 11 septembre 2001 &#8211; la cible d&#8217;une op\u00e9ration de grande ampleur visant \u00e0 le d\u00e9truire en promouvant <a href=\"https:\/\/aitia.fr\/erd\/chroniques-des-sciences-inhumaines-et-asociales-episode-1\/\" target=\"_blank\">au-del\u00e0 du cr\u00e9dible<\/a> ses expressions terroristes les plus caricaturales, notamment par les <a href=\"https:\/\/aitia.fr\/erd\/pourquoi-isis-tourne-t-il-ses-videos-en-studio\/\" target=\"_blank\">moyens m\u00e9diatiques les plus modernes<\/a>. On notera d&#8217;ailleurs que dans les contr\u00e9es o\u00f9 l&#8217;islam a des racines profondes et solides (Iran par exemple), au contraire de ceux o\u00f9 son vernis clinquant dissimule fort mal <a href=\"https:\/\/editions.sigest.net\/page00010156.html\" target=\"_blank\">l&#8217;h\u00e9r\u00e9sie dop\u00e9e aux p\u00e9trodollars<\/a>, les &#8220;terroristes islamiques&#8221; sont unanimement condamn\u00e9s et combattus par les armes. <\/em><\/p>\n<p style=\"text-align: justify;\"><em>Allez Slobodan, encore un peu de d\u00e9senfumage, et tu vas te rendre compte que l&#8217;\u00e9tendue de la tromperie m\u00e9diatique <a href=\"https:\/\/aitia.fr\/erd\/eloge-du-handicap\/\" target=\"_blank\">est encore plus grande<\/a> que ce que tu imagines. Et peut-\u00eatre comprendras-tu alors que l&#8217;obsession anti-islam de Michael Flynn est aussi irrationnelle que la tienne.<\/em>]<\/p>\n<p style=\"text-align: justify;\"><strong>Nous ne mesurons pas encore les r\u00e9percussions de l\u2019\u00e9lection am\u00e9ricaine. Il nous faudra pour cela des ann\u00e9es. L\u2019\u00e9v\u00e9nement politique est l\u2019arbre qui masque une for\u00eat o\u00f9 plus un seul buisson n\u2019est ce qu\u2019il paraissait jusqu\u2019\u00e0 ce jour.<\/strong><\/p>\n<h3 style=\"text-align: justify;\">Pour ce qui nous concerne en g\u00e9n\u00e9ral\u2026<\/h3>\n<p style=\"text-align: justify;\">Ce qui, pour nous en Europe et dans le reste du monde, compte en premier lieu, c\u2019est l\u2019abandon par Trump de la d\u00e9sastreuse mission de \u00abcroisade du Bien\u00bb globale assign\u00e9e voici 99 ans aux \u00c9tats-Unis par Woodrow Wilson, qui a fini non seulement par mettre le monde \u00e0 feu et \u00e0 sang, mais encore par amener les Am\u00e9ricains eux-m\u00eames au bord de la mis\u00e8re. C\u2019est donc, dans l\u2019imm\u00e9diat, l\u2019\u00e9loignement probable d\u2019une escalade militaire qui nous menait tout droit \u00e0 la guerre nucl\u00e9aire (et la nomination du g\u00e9n\u00e9ral dissident Mike Flynn, ancien responsable du renseignement militaire, comme conseiller \u00e0 la D\u00e9fense, nous conforte dans ce soulagement).<\/p>\n<p style=\"text-align: justify;\">La deuxi\u00e8me cons\u00e9quence est le discr\u00e9dit sans reste de tout notre syst\u00e8me d\u2019information officiel qui ne s\u2019est pas content\u00e9 de ne pas voir venir l\u2019actuel pr\u00e9sident, mais qui, de plus, a tout fait pour nous persuader qu\u2019un tel hurluberlu n\u2019avait m\u00eame pas une chance de se trouver un coiffeur.<\/p>\n<p style=\"text-align: justify;\">On ne juge que les perdants. Le filet du cerveaulavage \u00e9tait si \u00e9tendu, si dense, qu\u2019on l\u2019a d\u00e9crit sans trop d\u2019exag\u00e9ration comme la Matrix du film \u00e9ponyme. Il impliquait toute la panoplie des services, allant du renseignement \u00e0 l\u2019humanitaire (voir \u00e0 ce propos l\u2019article d\u2019\u00c9ric Werner sur Snowden dans ce m\u00eame num\u00e9ro). Plus il s\u2019\u00e9loignait de la r\u00e9alit\u00e9 v\u00e9cue, plus il lui fallait resserrer les mailles, colmater les interstices, \u00e9liminer les dissonances. Tout ceci ne pouvait passer qu\u2019\u00e0 un prix: le succ\u00e8s. Aujourd\u2019hui, la m\u00e9canique est mise \u00e0 nu comme le dispositif d\u2019un illusionniste foireux.<\/p>\n<p style=\"text-align: justify;\"><!--more--><\/p>\n<p style=\"text-align: justify;\">La troisi\u00e8me cons\u00e9quence, qui d\u00e9rive de la pr\u00e9c\u00e9dente, est qu\u2019il sera infiniment plus difficile d\u00e9sormais pour le pouvoir de fa\u00e7onner les opinions publiques et d\u2019orienter les votes dans le \u00abbon\u00bb sens. A la suite du peuple am\u00e9ricain, les Europ\u00e9ens se sentiront libres de s\u2019asseoir sur les consignes de vote de leurs laveurs de cerveaux. Nul ne sait d\u00e9sormais quand ni o\u00f9 le prochain diable jaillira de la bo\u00eete. Ce qu\u2019on peut pr\u00e9dire, c\u2019est que gouverner l\u2019Europe par l\u2019intimidation morale qui \u00e9tait de rigueur jusqu\u2019ici va devenir tr\u00e8s compliqu\u00e9.<\/p>\n<p style=\"text-align: justify;\">Par l\u00e0 m\u00eame, l\u2019alliance de l\u2019ultralib\u00e9ralisme le plus cynique avec le moralisme le plus mi\u00e8vre a cess\u00e9 de fonctionner. Le truc ne marche plus. Il faudra trouver autre chose. Mais comment, quand on ne vous croit plus? Le viol est l\u2019avenir des s\u00e9ducteurs \u00e9vent\u00e9s.<\/p>\n<h3 style=\"text-align: justify;\">\u2026et en particulier\u2026<\/h3>\n<p style=\"text-align: justify;\">Quant \u00e0 nous, ce coup de th\u00e9\u00e2tre constitue une confirmation \u00e9clatante du diagnostic qui a pr\u00e9sid\u00e9 au lancement de l\u2019Antipresse. Voici ce que nous \u00e9crivions dans notre manifeste, il y a exactement une ann\u00e9e:<\/p>\n<blockquote>\n<p style=\"text-align: justify;\"><a href=\"https:\/\/antipresse.tumblr.com\/manifeste\" target=\"_blank\">L\u2019Antipresse est n\u00e9e de notre sentiment d\u2019\u00e9touffement et de d\u00e9sarroi face \u00e0 l\u2019appauvrissement constant de l\u2019information des m\u00e9dias de grand public, au rel\u00e2chement de leur langue et de leur style, \u00e0 leur incoh\u00e9rence intellectuelle, \u00e0 leur parti pris devenu structurel, \u00e0 leur \u00e9loignement pr\u00e9occupant de la r\u00e9alit\u00e9 v\u00e9cue par la plupart des gens.<\/a><\/p>\n<\/blockquote>\n<p><\/p>\n<p style=\"text-align: justify;\">Au cours de l\u2019ann\u00e9e \u00e9coul\u00e9e, et sur le sujet le plus important de l\u2019actualit\u00e9 mondiale, les m\u00e9dias de grand chemin ont essay\u00e9 de cr\u00e9er une illusion hypnotique en escamotant des faits d\u00e9terminants et en en grossissant d\u2019autres.<\/p>\n<p style=\"text-align: justify;\">Parmi les escamotages, p\u00eale-m\u00eale, le fait que le pr\u00e9sident Obama a cr\u00e9\u00e9 plus de dettes que tous ses pr\u00e9d\u00e9cesseurs r\u00e9unis (21 billards), que la classe laborieuse am\u00e9ricaine \u00e9tait plong\u00e9e dans la paup\u00e9risation, qu\u2019une moiti\u00e9 des jeunes de 25 ans y vivaient encore chez leurs parents, chiffre pratiquement sovi\u00e9tique. Ces chiffres pouvaient expliquer le vote Trump de mani\u00e8re statistiquement bien plus probante que les accusations de machisme ou de supr\u00e9matisme blanc. Mais la diversion sur les questions ethniques et sexistes fait partie des proc\u00e9d\u00e9s d\u2019enfumage ordinaires des m\u00e9dias de grand chemin.<\/p>\n<p style=\"text-align: justify;\">Plus que jamais, le d\u00e9senfumage s\u2019av\u00e8re une mission vitale. Notre attitude \u00e9litaire et anti\u00e9litiste, populaire et antipopuliste demeure, j\u2019en suis convaincu, la seule strat\u00e9gie possible contre l\u2019empire de la b\u00eatise.<\/p>\n<h3 style=\"text-align: justify;\">\u2026mais surtout\u2026<\/h3>\n<p style=\"text-align: justify;\">Mais surtout, ce coup d\u2019arr\u00eat \u00e0 l\u2019expansion imp\u00e9riale nous fait red\u00e9couvrir un continent inconnu: le peuple am\u00e9ricain. Par r\u00e9flexe de pens\u00e9e, les int\u00e9r\u00eats de l\u2019Empire \u00e9taient identifi\u00e9s \u00e0 ceux des Am\u00e9ricains eux-m\u00eames. La d\u00e9solation dont t\u00e9moigne le vote Trump nous r\u00e9v\u00e8le une Am\u00e9rique qui souffre autant et plus des d\u00e9localisations et de la course globale \u00e0 l\u2019esclavage qu\u2019implique le mondialisme ultralib\u00e9ral. Avec le diable Trump, c\u2019est tout le peuple am\u00e9ricain qui resurgit de la bo\u00eete, celui du labeur biblique, de l\u2019abn\u00e9gation et de l\u2019h\u00e9ro\u00efsme quotidien. Il nous est de nouveau permis d\u2019aimer l\u2019Am\u00e9rique sans servir la soupe \u00e0 ses fossoyeurs qui sont aussi les n\u00f4tres. Le pl\u00e9biscite du soi-disant repli am\u00e9ricain a en r\u00e9alit\u00e9 ouvert ce pays au monde. D\u2019un seul coup, les tenants du progr\u00e8s sont devenus les ringards de l\u2019histoire.<\/p>\n<p style=\"text-align: justify;\">Personnellement, le soulagement est de m\u00eame nature qu\u2019il y a vingt-cinq ans, lorsque la Russie, exsangue et d\u00e9figur\u00e9e, a surgi des d\u00e9combres de l\u2019URSS. Ce peuple, qui jusqu\u2019\u00e0 la veille portait le masque repoussant de l\u2019<em>homo sovieticus<\/em>, avait retrouv\u00e9 son visage humain. Ni beau ni laid: simplement humain et non m\u00e9canique.<\/p>\n<p style=\"text-align: justify;\">Le jour m\u00eame o\u00f9 la Russie s\u2019est r\u00e9veill\u00e9e de sa longue hypnose marxiste, des arm\u00e9es de commissaires politiques et de professeurs de mat\u00e9rialisme dialectique ont perdu leurs postes de mandarins et ont d\u00fb retourner \u00e0 la vie r\u00e9elle. Le m\u00eame sort attend nos oul\u00e9mas du politiquement correct, nos policiers de la terreur minoritaire et nos th\u00e9oriciens du syndrome de Stockholm \u00e0 l\u2019\u00e9gard de l\u2019islam. Imaginer leur retour \u00e0 la vie r\u00e9elle est un plaisir de fin gourmet.<\/p>\n","protected":false},"excerpt":{"rendered":"<p>[Note de l&#8217;administrateur de ce blog : une fois de plus, je reproduis avec grand plaisir la prose de Slobodan Despot parue dans Antipresse, n\u00b0 51. Mais j&#8217;y ajouterai cette fois deux b\u00e9mols, car je pense que son analyse de la situation, bien qu&#8217;\u00e0 des kilom\u00e8tres au-dessus de celles de nos &#8220;journalistes&#8221;, n&#8217;est pas suffisamment [&hellip;]<\/p>\n","protected":false},"author":1,"featured_media":0,"comment_status":"open","ping_status":"open","sticky":false,"template":"","format":"standard","meta":[],"categories":[4,134,29],"tags":[390,112,93,156,155,145,48],"_links":{"self":[{"href":"https:\/\/aitia.fr\/erd\/wp-json\/wp\/v2\/posts\/7728"}],"collection":[{"href":"https:\/\/aitia.fr\/erd\/wp-json\/wp\/v2\/posts"}],"about":[{"href":"https:\/\/aitia.fr\/erd\/wp-json\/wp\/v2\/types\/post"}],"author":[{"embeddable":true,"href":"https:\/\/aitia.fr\/erd\/wp-json\/wp\/v2\/users\/1"}],"replies":[{"embeddable":true,"href":"https:\/\/aitia.fr\/erd\/wp-json\/wp\/v2\/comments?post=7728"}],"version-history":[{"count":11,"href":"https:\/\/aitia.fr\/erd\/wp-json\/wp\/v2\/posts\/7728\/revisions"}],"predecessor-version":[{"id":11015,"href":"https:\/\/aitia.fr\/erd\/wp-json\/wp\/v2\/posts\/7728\/revisions\/11015"}],"wp:attachment":[{"href":"https:\/\/aitia.fr\/erd\/wp-json\/wp\/v2\/media?parent=7728"}],"wp:term":[{"taxonomy":"category","embeddable":true,"href":"https:\/\/aitia.fr\/erd\/wp-json\/wp\/v2\/categories?post=7728"},{"taxonomy":"post_tag","embeddable":true,"href":"https:\/\/aitia.fr\/erd\/wp-json\/wp\/v2\/tags?post=7728"}],"curies":[{"name":"wp","href":"https:\/\/api.w.org\/{rel}","templated":true}]}}