{"id":7684,"date":"2016-11-15T05:50:56","date_gmt":"2016-11-15T04:50:56","guid":{"rendered":"https:\/\/aitia.fr\/erd\/?p=7684"},"modified":"2016-11-15T05:53:36","modified_gmt":"2016-11-15T04:53:36","slug":"lheure-la-plus-sombre-n54-emission-du-14-novembre-2016-er","status":"publish","type":"post","link":"https:\/\/aitia.fr\/erd\/lheure-la-plus-sombre-n54-emission-du-14-novembre-2016-er\/","title":{"rendered":"L\u2019Heure la plus sombre n\u00b054 \u2013 \u00c9mission du 14 novembre 2016 (E&#038;R)"},"content":{"rendered":"<p class=\"crayon article-soustitre-42582 soustitre\" style=\"text-align: justify;\"><a href=\"https:\/\/www.egaliteetreconciliation.fr\/L-Heure-la-plus-sombre-no54-Emission-du-14-novembre-2016-42582.html\" target=\"_blank\"><img decoding=\"async\" loading=\"lazy\" class=\"alignleft wp-image-7685 size-full\" src=\"https:\/\/aitia.fr\/erd\/wp-content\/uploads\/2016\/11\/Christophe-Oberlin-lHLPS.jpg\" alt=\"christophe-oberlin-lhlps\" width=\"250\" height=\"208\" \/><\/a>[<em>Note de l&#8217;administrateur de ce blog : au sommaire de <a href=\"https:\/\/www.egaliteetreconciliation.fr\/L-Heure-la-plus-sombre-no54-Emission-du-14-novembre-2016-42582.html\" target=\"_blank\">cette \u00e9mission de web-radio<\/a>, une remarquable illustration du pouvoir de nuisance du lobby-qu&#8217;il-ne-faut-pas-nommer-sous-peine-d&#8217;excommunication, jusque dans les plus hautes sph\u00e8res universitaires et m\u00e9dicales. Mais aussi un remarquable exemple d&#8217;humanit\u00e9 et de courage avec Christophe Oberlin.<\/em>]<\/p>\n<p class=\"crayon article-soustitre-42582 soustitre\"><strong>Invit\u00e9\u00a0: Christophe Oberlin<\/strong><\/p>\n<p style=\"text-align: justify;\"><strong>Pour ce 54\u00e8me num\u00e9ro de <i>L\u2019Heure la plus sombre<\/i>, Vincent et Xavier recevaient le professeur Christophe Oberlin pour \u00e9voquer la question palestinienne.<\/strong><\/p>\n<p><strong>Au sommaire\u00a0:<\/strong><\/p>\n<p>Introduction<br \/>\n1\u201956\u00a0: Le parcours de M.\u00a0Oberlin<br \/>\n4\u201915\u00a0: L\u2019anti-Kouchner\u00a0?<br \/>\n7\u201950\u00a0: D\u00e9part en Palestine<br \/>\n8\u201950\u00a0: La Palestine, un engagement de \u00ab\u00a0gauche\u00a0\u00bb\u00a0?<br \/>\n11\u201937\u00a0: D\u00e9cr\u00e9pitude de la classe politique fran\u00e7aise<br \/>\n14\u201918\u00a0: Gaza et \u00ab\u00a0Plomb durci\u00a0\u00bb<br \/>\n18\u201900\u00a0: La situation en Cisjordanie<br \/>\n20\u201915\u00a0: L\u2019\u00e9change de prisonniers<br \/>\n22\u201910\u00a0: La situation sanitaire \u00e0 Gaza<br \/>\n24\u201920\u00a0: Les crimes de l\u2019arm\u00e9e isra\u00e9lienne<br \/>\n26\u201910\u00a0: La couverture m\u00e9diatique du conflit<br \/>\n28\u201930\u00a0: Sur la liste Euro-Palestine<br \/>\n33\u201920\u00a0: La question qu\u2019il ne fallait pas poser<br \/>\n41\u201922\u00a0: L\u2019<i>Alya<\/i> face \u00e0 la bombe d\u00e9mographique<br \/>\n44\u201905\u00a0: Le lobby sioniste et le Conseil de l\u2019ordre<br \/>\n56\u201938\u00a0: Kasper Valm\u00e9, \u00ab\u00a0Marimbalove\u00a0\u00bb, Album <i>Espoirs<\/i>, Kontre Kulture Musique<\/p>\n<p>&nbsp;<\/p>\n<p><strong>\u00c9couter l\u2019\u00e9mission en format mp3\u00a0:<\/strong><\/p>\n<p>(N.B. : possibilit\u00e9 de l&#8217;enregistrer en effectuant un clic droit sur le lecteur puis <em>Enregistrer le fichier audio sous&#8230;<\/em>)<\/p>\n<div align=\"center\"><audio preload=\"none\" controls=\"controls\"><source src=\"https:\/\/www.egaliteetreconciliation.fr\/IMG\/mp3\/2016-11-14_ERFM_HLPS_Ep54.mp3\" \/>&nbsp;<\/audio><\/div>\n<div align=\"center\">&nbsp;<\/div>\n<div align=\"center\">&nbsp;<\/div>\n","protected":false},"excerpt":{"rendered":"<p>[Note de l&#8217;administrateur de ce blog : au sommaire de cette \u00e9mission de web-radio, une remarquable illustration du pouvoir de nuisance du lobby-qu&#8217;il-ne-faut-pas-nommer-sous-peine-d&#8217;excommunication, jusque dans les plus hautes sph\u00e8res universitaires et m\u00e9dicales. Mais aussi un remarquable exemple d&#8217;humanit\u00e9 et de courage avec Christophe Oberlin.] Invit\u00e9\u00a0: Christophe Oberlin Pour ce 54\u00e8me num\u00e9ro de L\u2019Heure la plus [&hellip;]<\/p>\n","protected":false},"author":1,"featured_media":0,"comment_status":"open","ping_status":"open","sticky":false,"template":"","format":"standard","meta":[],"categories":[4,134,133],"tags":[449,302,450,301,448,162,417,161,56],"_links":{"self":[{"href":"https:\/\/aitia.fr\/erd\/wp-json\/wp\/v2\/posts\/7684"}],"collection":[{"href":"https:\/\/aitia.fr\/erd\/wp-json\/wp\/v2\/posts"}],"about":[{"href":"https:\/\/aitia.fr\/erd\/wp-json\/wp\/v2\/types\/post"}],"author":[{"embeddable":true,"href":"https:\/\/aitia.fr\/erd\/wp-json\/wp\/v2\/users\/1"}],"replies":[{"embeddable":true,"href":"https:\/\/aitia.fr\/erd\/wp-json\/wp\/v2\/comments?post=7684"}],"version-history":[{"count":16,"href":"https:\/\/aitia.fr\/erd\/wp-json\/wp\/v2\/posts\/7684\/revisions"}],"predecessor-version":[{"id":7701,"href":"https:\/\/aitia.fr\/erd\/wp-json\/wp\/v2\/posts\/7684\/revisions\/7701"}],"wp:attachment":[{"href":"https:\/\/aitia.fr\/erd\/wp-json\/wp\/v2\/media?parent=7684"}],"wp:term":[{"taxonomy":"category","embeddable":true,"href":"https:\/\/aitia.fr\/erd\/wp-json\/wp\/v2\/categories?post=7684"},{"taxonomy":"post_tag","embeddable":true,"href":"https:\/\/aitia.fr\/erd\/wp-json\/wp\/v2\/tags?post=7684"}],"curies":[{"name":"wp","href":"https:\/\/api.w.org\/{rel}","templated":true}]}}