{"id":7524,"date":"2016-11-03T08:00:04","date_gmt":"2016-11-03T07:00:04","guid":{"rendered":"https:\/\/aitia.fr\/erd\/?p=7524"},"modified":"2016-11-01T14:14:14","modified_gmt":"2016-11-01T13:14:14","slug":"medias-pourquoi-10-milliardaires-controlent-notre-information-osons-causer","status":"publish","type":"post","link":"https:\/\/aitia.fr\/erd\/medias-pourquoi-10-milliardaires-controlent-notre-information-osons-causer\/","title":{"rendered":"M\u00e9dias : pourquoi 10 milliardaires contr\u00f4lent notre information ? (Osons Causer)"},"content":{"rendered":"<p style=\"text-align: center;\"><iframe loading=\"lazy\" src=\"https:\/\/www.youtube.com\/embed\/41lAe0mgjjU\" width=\"640\" height=\"360\" frameborder=\"0\" allowfullscreen=\"allowfullscreen\"><\/iframe><\/p>\n<p style=\"text-align: justify;\">Pour des consid\u00e9rations tout aussi inconfortables et radicales sur le pouvoir m\u00e9diatique, et sa capacit\u00e9 \u00e0 influencer l&#8217;opinion \u00e0 tr\u00e8s grande \u00e9chelle, voir \u00e9galement, sur ce blog :<\/p>\n<ul>\n<li style=\"text-align: justify;\"><a href=\"https:\/\/aitia.fr\/erd\/pourquoi-isis-tourne-t-il-ses-videos-en-studio\/\" target=\"_blank\">Pourquoi &#8220;ISIS&#8221; tourne-t-il ses vid\u00e9os en studio ?<\/a><\/li>\n<li style=\"text-align: justify;\"><a href=\"https:\/\/aitia.fr\/erd\/eloge-du-handicap\/\" target=\"_blank\">\u00c9loge du handicap<\/a><\/li>\n<li style=\"text-align: justify;\"><a href=\"https:\/\/aitia.fr\/erd\/la-bataille-du-discours\/\" target=\"_blank\">La bataille du discours<\/a><\/li>\n<li style=\"text-align: justify;\"><a href=\"https:\/\/aitia.fr\/erd\/lantisemite\/\" target=\"_blank\">L&#8217;antis\u00e9mite<\/a><\/li>\n<li style=\"text-align: justify;\"><a href=\"https:\/\/aitia.fr\/erd\/prelude-a-leffondrement-general-du-systeme\/\" target=\"_blank\">Pr\u00e9lude \u00e0 l&#8217;effondrement g\u00e9n\u00e9ral du syst\u00e8me<\/a><\/li>\n<li style=\"text-align: justify;\"><a href=\"https:\/\/aitia.fr\/erd\/vu-a-la-tele\/\" target=\"_blank\">Vu \u00e0 la t\u00e9l\u00e9<\/a><\/li>\n<\/ul>\n","protected":false},"excerpt":{"rendered":"<p>Pour des consid\u00e9rations tout aussi inconfortables et radicales sur le pouvoir m\u00e9diatique, et sa capacit\u00e9 \u00e0 influencer l&#8217;opinion \u00e0 tr\u00e8s grande \u00e9chelle, voir \u00e9galement, sur ce blog : Pourquoi &#8220;ISIS&#8221; tourne-t-il ses vid\u00e9os en studio ? \u00c9loge du handicap La bataille du discours L&#8217;antis\u00e9mite Pr\u00e9lude \u00e0 l&#8217;effondrement g\u00e9n\u00e9ral du syst\u00e8me Vu \u00e0 la t\u00e9l\u00e9<\/p>\n","protected":false},"author":1,"featured_media":0,"comment_status":"open","ping_status":"open","sticky":false,"template":"","format":"video","meta":[],"categories":[134,133,29],"tags":[430,431,55,48,429],"_links":{"self":[{"href":"https:\/\/aitia.fr\/erd\/wp-json\/wp\/v2\/posts\/7524"}],"collection":[{"href":"https:\/\/aitia.fr\/erd\/wp-json\/wp\/v2\/posts"}],"about":[{"href":"https:\/\/aitia.fr\/erd\/wp-json\/wp\/v2\/types\/post"}],"author":[{"embeddable":true,"href":"https:\/\/aitia.fr\/erd\/wp-json\/wp\/v2\/users\/1"}],"replies":[{"embeddable":true,"href":"https:\/\/aitia.fr\/erd\/wp-json\/wp\/v2\/comments?post=7524"}],"version-history":[{"count":5,"href":"https:\/\/aitia.fr\/erd\/wp-json\/wp\/v2\/posts\/7524\/revisions"}],"predecessor-version":[{"id":7529,"href":"https:\/\/aitia.fr\/erd\/wp-json\/wp\/v2\/posts\/7524\/revisions\/7529"}],"wp:attachment":[{"href":"https:\/\/aitia.fr\/erd\/wp-json\/wp\/v2\/media?parent=7524"}],"wp:term":[{"taxonomy":"category","embeddable":true,"href":"https:\/\/aitia.fr\/erd\/wp-json\/wp\/v2\/categories?post=7524"},{"taxonomy":"post_tag","embeddable":true,"href":"https:\/\/aitia.fr\/erd\/wp-json\/wp\/v2\/tags?post=7524"}],"curies":[{"name":"wp","href":"https:\/\/api.w.org\/{rel}","templated":true}]}}