{"id":7489,"date":"2016-10-27T13:56:22","date_gmt":"2016-10-27T11:56:22","guid":{"rendered":"https:\/\/aitia.fr\/erd\/?p=7489"},"modified":"2016-10-27T13:56:22","modified_gmt":"2016-10-27T11:56:22","slug":"hollande-et-lexorcisme-democratique-eric-verhaeghe","status":"publish","type":"post","link":"https:\/\/aitia.fr\/erd\/hollande-et-lexorcisme-democratique-eric-verhaeghe\/","title":{"rendered":"Hollande et l\u2019exorcisme d\u00e9mocratique (\u00c9ric Verhaeghe)"},"content":{"rendered":"<p style=\"text-align: justify;\"><img decoding=\"async\" loading=\"lazy\" class=\"size-full wp-image-7491 alignleft\" src=\"https:\/\/aitia.fr\/erd\/wp-content\/uploads\/2016\/10\/francois-hollande.jpg\" alt=\"francois-hollande\" width=\"400\" height=\"270\" srcset=\"https:\/\/aitia.fr\/erd\/wp-content\/uploads\/2016\/10\/francois-hollande.jpg 400w, https:\/\/aitia.fr\/erd\/wp-content\/uploads\/2016\/10\/francois-hollande-300x203.jpg 300w\" sizes=\"(max-width: 400px) 100vw, 400px\" \/>[<em>Note de l&#8217;administrateur de ce blog : o\u00f9 l&#8217;on comprend que les concepts de populisme, de fachosph\u00e8re ou de mont\u00e9e de l&#8217;extr\u00eame-droite agit\u00e9s par la caste politico-m\u00e9diatique ne sont que de mauvaises excuses pour tenter de sauver ce qui pourrit tout seul sur pied, sans l&#8217;aide de personne.<\/em>]<\/p>\n<p style=\"text-align: justify;\">Hollande exorcise la d\u00e9mocratie et montre le vrai visage de la R\u00e9publique: celui d\u2019un r\u00e9gime politique cynique, fondamentalement aristocratique et manipulateur. Telle est la le\u00e7on \u00e0 retenir du livre de confidences de Davet et Lhomme intitul\u00e9 <a href=\"https:\/\/www.editions-stock.fr\/un-president-ne-devrait-pas-dire-ca-9782234075481\" target=\"_blank\"><em>\u201cUn Pr\u00e9sident ne devrait pas dire \u00e7a\u201d<\/em><\/a>, et dont le titre donne d\u2019embl\u00e9e la dimension du malaise qu\u2019il suscite.<\/p>\n<h2>Hollande et ses courtisans, ou le bal des faux-culs<\/h2>\n<p style=\"text-align: justify;\">On s\u2019amusera d\u2019abord des r\u00e9actions de vierges effarouch\u00e9es pr\u00eat\u00e9es \u00e0 Bartolone (qui n\u2019a pas \u201cl\u2019envergure\u201d d\u2019un Premier Ministre, selon Hollande) ou \u00e0 Ayrault. Il para\u00eet que ces vieux routards de la politique sont froiss\u00e9s, vex\u00e9s par les propos que le Pr\u00e9sident a tenus \u00e0 leur endroit aupr\u00e8s des journalistes qu\u2019il recevait. Comme si Bartolone et Ayrault ne pratiquaient pas eux-m\u00eames le cynisme instrumentalisant de Hollande. Comme s\u2019ils s\u2019attendaient \u00e0 autre chose de sa part.<\/p>\n<p style=\"text-align: justify;\">Il suffisait pourtant, au lendemain de la victoire de Hollande \u00e0 la primaire socialiste, d\u2019entendre les commentaires dans les couloirs de la rue de Solferino pour savoir que tout ce petit monde connaissait tous les vices de Hollande (notamment l\u2019incapacit\u00e9 \u00e0 passer \u00e0 l\u2019acte) depuis longtemps.<\/p>\n<p style=\"text-align: justify;\">En v\u00e9rit\u00e9, Barto et Ayrault sont f\u00e2ch\u00e9s de d\u00e9couvrir que Hollande \u00e9tait plus proche des journalistes que d\u2019eux. Et \u00e7a, \u00e7a fait vraiment mal ! Nous, les hi\u00e9rarques de la R\u00e9publique, d\u00e9couvrir que le monarque parlait de nous \u00e0 des manants ! voil\u00e0 qui est inadmissible.<\/p>\n<p style=\"text-align: justify;\"><a href=\"https:\/\/www.entreprise.news\/hollande-et-lexorcisme-democratique\/\" target=\"_blank\">Continuer la lecture sur <em>D\u00e9cider &amp; Entreprendre<\/em> \u27f6<\/a><\/p>\n","protected":false},"excerpt":{"rendered":"<p>[Note de l&#8217;administrateur de ce blog : o\u00f9 l&#8217;on comprend que les concepts de populisme, de fachosph\u00e8re ou de mont\u00e9e de l&#8217;extr\u00eame-droite agit\u00e9s par la caste politico-m\u00e9diatique ne sont que de mauvaises excuses pour tenter de sauver ce qui pourrit tout seul sur pied, sans l&#8217;aide de personne.] Hollande exorcise la d\u00e9mocratie et montre le [&hellip;]<\/p>\n","protected":false},"author":1,"featured_media":0,"comment_status":"open","ping_status":"open","sticky":false,"template":"","format":"standard","meta":[],"categories":[4,134,29,1],"tags":[424,425,422,263,110,423,249],"_links":{"self":[{"href":"https:\/\/aitia.fr\/erd\/wp-json\/wp\/v2\/posts\/7489"}],"collection":[{"href":"https:\/\/aitia.fr\/erd\/wp-json\/wp\/v2\/posts"}],"about":[{"href":"https:\/\/aitia.fr\/erd\/wp-json\/wp\/v2\/types\/post"}],"author":[{"embeddable":true,"href":"https:\/\/aitia.fr\/erd\/wp-json\/wp\/v2\/users\/1"}],"replies":[{"embeddable":true,"href":"https:\/\/aitia.fr\/erd\/wp-json\/wp\/v2\/comments?post=7489"}],"version-history":[{"count":4,"href":"https:\/\/aitia.fr\/erd\/wp-json\/wp\/v2\/posts\/7489\/revisions"}],"predecessor-version":[{"id":7494,"href":"https:\/\/aitia.fr\/erd\/wp-json\/wp\/v2\/posts\/7489\/revisions\/7494"}],"wp:attachment":[{"href":"https:\/\/aitia.fr\/erd\/wp-json\/wp\/v2\/media?parent=7489"}],"wp:term":[{"taxonomy":"category","embeddable":true,"href":"https:\/\/aitia.fr\/erd\/wp-json\/wp\/v2\/categories?post=7489"},{"taxonomy":"post_tag","embeddable":true,"href":"https:\/\/aitia.fr\/erd\/wp-json\/wp\/v2\/tags?post=7489"}],"curies":[{"name":"wp","href":"https:\/\/api.w.org\/{rel}","templated":true}]}}