{"id":7368,"date":"2016-10-14T10:49:24","date_gmt":"2016-10-14T08:49:24","guid":{"rendered":"https:\/\/aitia.fr\/erd\/?p=7368"},"modified":"2016-10-14T10:49:59","modified_gmt":"2016-10-14T08:49:59","slug":"le-silence-des-agneaux-william-engdahl","status":"publish","type":"post","link":"https:\/\/aitia.fr\/erd\/le-silence-des-agneaux-william-engdahl\/","title":{"rendered":"Le silence des agneaux (William Engdahl)"},"content":{"rendered":"<p style=\"text-align: justify;\"><em><a href=\"https:\/\/lesakerfrancophone.fr\/le-silence-des-agneaux\" target=\"_blank\"><img decoding=\"async\" loading=\"lazy\" class=\"alignleft wp-image-7369 size-medium\" src=\"https:\/\/aitia.fr\/erd\/wp-content\/uploads\/2016\/10\/le-silence-des-agneaux-300x225.jpg\" alt=\"le-silence-des-agneaux\" width=\"300\" height=\"225\" srcset=\"https:\/\/aitia.fr\/erd\/wp-content\/uploads\/2016\/10\/le-silence-des-agneaux-300x225.jpg 300w, https:\/\/aitia.fr\/erd\/wp-content\/uploads\/2016\/10\/le-silence-des-agneaux-768x576.jpg 768w, https:\/\/aitia.fr\/erd\/wp-content\/uploads\/2016\/10\/le-silence-des-agneaux.jpg 1024w, https:\/\/aitia.fr\/erd\/wp-content\/uploads\/2016\/10\/le-silence-des-agneaux-600x450.jpg 600w\" sizes=\"(max-width: 300px) 100vw, 300px\" \/><\/a><\/em>[<em>Note de l&#8217;administrateur de ce blog : excellent article de William Engdahl, qui en conna\u00eet un rayon en mati\u00e8re de p\u00e9trole et de gaz, et qui nous montre ici que le chaos du Moyen-Orient, s&#8217;\u00e9tendant \u00e0 l&#8217;Europe en Ukraine d&#8217;abord, puis aujourd&#8217;hui dans tous les autres pays via la crise des migrants, n&#8217;a rien d&#8217;un hasard et fut programm\u00e9 de longue date par des &#8220;strat\u00e8ges&#8221; am\u00e9ricains d&#8217;une cupidit\u00e9 sans borne. Que nos &#8220;dirigeants&#8221; (ou dirig\u00e9s ?) n&#8217;en pipent mot ne les rend que plus criminels encore.<\/em>]<\/p>\n<hr \/>\n<p><em>Un rappel des causes de la situation syrienne et de la vague d\u2019immigrants vers l\u2019Union Europ\u00e9enne.<\/em><\/p>\n<p style=\"text-align: justify;\">Par F. William Engdahl \u2013 Le 10 octobre 2016 \u2013 Source <a href=\"https:\/\/journal-neo.org\/2016\/10\/10\/silence-of-the-lambs-refugees-eu-and-syrian-energy-wars\/\" target=\"_blank\">New Eastern Outlook<\/a><\/p>\n<p style=\"text-align: justify;\"><strong>Un des ph\u00e9nom\u00e8nes les plus bizarres, dans la situation tr\u00e8s bizarre de ces derni\u00e8res ann\u00e9es,\u00a0est le refus des politiciens de premier plan de l\u2019Union europ\u00e9enne de discuter ouvertement de la r\u00e9alit\u00e9 derri\u00e8re la perturbation sociale catastrophique caus\u00e9e par l\u2019afflux en Europe de plus d\u2019un million de r\u00e9fugi\u00e9s de guerre, en provenance de Syrie et d\u2019autres pays du Moyen-Orient et d\u2019Afrique du Nord ravag\u00e9s par la guerre. Le d\u00e9bat europ\u00e9en sur les r\u00e9fugi\u00e9s, \u00e0 cause de ce silence, ou du refus de parler des causes r\u00e9elles et des rem\u00e8des possibles, conduit \u00e0 des d\u00e9clarations compl\u00e8tement absurdes de la part d\u2019anciens combattants politiques qui devraient beaucoup mieux s\u2019y prendre.<\/strong><\/p>\n<p style=\"text-align: justify;\">Les r\u00e9fugi\u00e9s sont une cons\u00e9quence de la guerre. La guerre est une cons\u00e9quence de la d\u00e9cision prise par certains int\u00e9r\u00eats p\u00e9troliers et militaires de l\u2019OTAN pour reprendre ou prendre le contr\u00f4le des nouveaux march\u00e9s mondiaux de l\u2019\u00e9nergie dans le p\u00e9trole et, maintenant, le gaz naturel. En outre, la guerre est une cons\u00e9quence des r\u00e9actions des autres nations, y compris la Chine, la Russie et l\u2019Iran, \u00e0 la tentative des \u00c9tats-Unis et d\u2019autres pays occidentaux de contr\u00f4ler les flux mondiaux de l\u2019\u00e9nergie. En outre et de mani\u00e8re connexe, il y a la r\u00e9action des \u00e9l\u00e9ments n\u00e9o-nazis extr\u00e9mistes en Ukraine, \u00e0 la suite d\u2019un coup d\u2019\u00c9tat soutenu par les USA en 2014, \u00e0 se joindre \u00e0 cette guerre de l\u2019\u00e9nergie avec le soutien de l\u2019UE, pour des raisons compl\u00e8tement mont\u00e9es de toutes pi\u00e8ces.<\/p>\n<p style=\"text-align: justify;\">En cons\u00e9quence du silence des dirigeants de l\u2019UE, un drame tragique se d\u00e9roule qui fait \u00e9cho au roman de Thomas Harris, <em>Le silence des agneaux<\/em>.<\/p>\n<p style=\"text-align: justify;\"><a href=\"https:\/\/lesakerfrancophone.fr\/le-silence-des-agneaux\" target=\"_blank\">Continuer la lecture sur le saker francophone \u27f6<\/a><\/p>\n<p style=\"text-align: justify;\">Voir aussi sur ce blog, de William Engdahl :<\/p>\n<ul>\n<li style=\"text-align: justify;\"><a href=\"https:\/\/aitia.fr\/erd\/petrole-une-guerre-dun-siecle\/\" target=\"_blank\">P\u00e9trole, une guerre d&#8217;un si\u00e8cle<\/a><\/li>\n<li style=\"text-align: justify;\"><a href=\"https:\/\/aitia.fr\/erd\/guerres-du-petrole-pop-fait-la-bobine\/\" target=\"_blank\">Guerres du p\u00e9trole : pop ! fait la bobine&#8230;<\/a><\/li>\n<\/ul>\n","protected":false},"excerpt":{"rendered":"<p>[Note de l&#8217;administrateur de ce blog : excellent article de William Engdahl, qui en conna\u00eet un rayon en mati\u00e8re de p\u00e9trole et de gaz, et qui nous montre ici que le chaos du Moyen-Orient, s&#8217;\u00e9tendant \u00e0 l&#8217;Europe en Ukraine d&#8217;abord, puis aujourd&#8217;hui dans tous les autres pays via la crise des migrants, n&#8217;a rien d&#8217;un [&hellip;]<\/p>\n","protected":false},"author":1,"featured_media":0,"comment_status":"open","ping_status":"open","sticky":false,"template":"","format":"standard","meta":[],"categories":[4,134,3,29],"tags":[142,156,410,61,58,243,129,158],"_links":{"self":[{"href":"https:\/\/aitia.fr\/erd\/wp-json\/wp\/v2\/posts\/7368"}],"collection":[{"href":"https:\/\/aitia.fr\/erd\/wp-json\/wp\/v2\/posts"}],"about":[{"href":"https:\/\/aitia.fr\/erd\/wp-json\/wp\/v2\/types\/post"}],"author":[{"embeddable":true,"href":"https:\/\/aitia.fr\/erd\/wp-json\/wp\/v2\/users\/1"}],"replies":[{"embeddable":true,"href":"https:\/\/aitia.fr\/erd\/wp-json\/wp\/v2\/comments?post=7368"}],"version-history":[{"count":12,"href":"https:\/\/aitia.fr\/erd\/wp-json\/wp\/v2\/posts\/7368\/revisions"}],"predecessor-version":[{"id":7381,"href":"https:\/\/aitia.fr\/erd\/wp-json\/wp\/v2\/posts\/7368\/revisions\/7381"}],"wp:attachment":[{"href":"https:\/\/aitia.fr\/erd\/wp-json\/wp\/v2\/media?parent=7368"}],"wp:term":[{"taxonomy":"category","embeddable":true,"href":"https:\/\/aitia.fr\/erd\/wp-json\/wp\/v2\/categories?post=7368"},{"taxonomy":"post_tag","embeddable":true,"href":"https:\/\/aitia.fr\/erd\/wp-json\/wp\/v2\/tags?post=7368"}],"curies":[{"name":"wp","href":"https:\/\/api.w.org\/{rel}","templated":true}]}}