{"id":7332,"date":"2016-10-09T07:29:34","date_gmt":"2016-10-09T05:29:34","guid":{"rendered":"https:\/\/aitia.fr\/erd\/?p=7332"},"modified":"2019-05-02T21:09:08","modified_gmt":"2019-05-02T19:09:08","slug":"phases-terminales-antipresse","status":"publish","type":"post","link":"https:\/\/aitia.fr\/erd\/phases-terminales-antipresse\/","title":{"rendered":"Phases terminales (Antipresse)"},"content":{"rendered":"<div id=\"attachment_7103\" style=\"width: 210px\" class=\"wp-caption alignleft\"><a href=\"https:\/\/fr.wikipedia.org\/wiki\/Slobodan_Despot\" target=\"_blank\" rel=\"noopener noreferrer\"><img aria-describedby=\"caption-attachment-7103\" decoding=\"async\" loading=\"lazy\" class=\"wp-image-7103\" src=\"https:\/\/aitia.fr\/erd\/wp-content\/uploads\/2016\/09\/Slobodan-Despot-Geneve-2006.jpg\" alt=\"Slobodan Despot au salon du livre \u00e0 Gen\u00e8ve en 2006\" width=\"200\" height=\"191\" srcset=\"https:\/\/aitia.fr\/erd\/wp-content\/uploads\/2016\/09\/Slobodan-Despot-Geneve-2006.jpg 832w, https:\/\/aitia.fr\/erd\/wp-content\/uploads\/2016\/09\/Slobodan-Despot-Geneve-2006-300x286.jpg 300w, https:\/\/aitia.fr\/erd\/wp-content\/uploads\/2016\/09\/Slobodan-Despot-Geneve-2006-768x733.jpg 768w, https:\/\/aitia.fr\/erd\/wp-content\/uploads\/2016\/09\/Slobodan-Despot-Geneve-2006-600x573.jpg 600w\" sizes=\"(max-width: 200px) 100vw, 200px\" \/><\/a><p id=\"caption-attachment-7103\" class=\"wp-caption-text\">Slobodan Despot, salon du livre,<br \/>Gen\u00e8ve, 2006<\/p><\/div>\n<p style=\"text-align: justify;\">[<em>Note de l&#8217;administrateur de ce blog : je reproduis ici un deuxi\u00e8me article d&#8217;<a href=\"https:\/\/antipresse.tumblr.com\/manifeste\" target=\"_blank\" rel=\"noopener noreferrer\">Antipresse<\/a>, une lettre d&#8217;information dominicale. Vous pouvez (re)lire <a href=\"https:\/\/aitia.fr\/erd\/lart-perdu-de-la-generalisation-antipresse\/\" target=\"_blank\" rel=\"noopener noreferrer\">le premier ici<\/a>. Comme toujours, Slobodan Despot dit des choses simples et claires, l\u00e0 o\u00f9 l&#8217;amphigourisme contemporain noie le sens dans le non-sens. Ce qui n&#8217;est pas <strong>seulement<\/strong> un d\u00e9sastre intellectuel : h\u00e9las, BHL n&#8217;est plus <a href=\"https:\/\/www.youtube.com\/watch?v=-d7I5xNIYsA\" target=\"_blank\" rel=\"noopener noreferrer\"><strong>seulement<\/strong> ridicule<\/a>.<\/em>]<\/p>\n<hr \/>\n<p style=\"text-align: justify;\"><em>\u00ab Tout va bien, vous exag\u00e9rez. Les ph\u00e9nom\u00e8nes que vous montez en \u00e9pingle ne sont pas du tout repr\u00e9sentatifs d\u2019une r\u00e9alit\u00e9 qui vous \u00e9chappe. Nous, d\u2019en haut, nous voyons l\u2019ensemble du tableau\u2026 \u00bb<\/em><\/p>\n<p style=\"text-align: justify;\">C\u2019est le jingle que les porte-voix de l\u2019officialit\u00e9 s\u2019\u00e9vertuent \u00e0 glisser dans chaque intervalle de silence s\u00e9parant deux aveux de d\u00e9sastre. Mais les pauses se faisant de plus en plus serr\u00e9es, l\u2019hom\u00e9lie ne va pas tarder \u00e0 se r\u00e9duire \u00e0 <em>\u00ab Vos gueules, l\u00e0-dessous ! \u00bb<\/em><\/p>\n<h2>Eschatologies<\/h2>\n<p style=\"text-align: justify;\">Le temps nous est donc compt\u00e9, non seulement \u00e0 cause de l\u2019accumulation des signes, mais aussi du fait de ce paradoxe bien connu en zone totalitaire : plus les signes seront ostensibles, et plus il sera interdit de les voir. Les soci\u00e9t\u00e9s qui laissent se creuser de tels foss\u00e9s entre la r\u00e9alit\u00e9 \u00e9prouv\u00e9e et ses repr\u00e9sentations admises n\u2019ont que deux issues possibles, l\u2019implosion ou la guerre jusqu\u2019\u00e0 l\u2019\u00e9puisement. Il se peut que l\u2019Europe occidentale s\u2019offre le luxe de go\u00fbter aux deux.<\/p>\n<p style=\"text-align: justify;\">Malgr\u00e9 leurs discours l\u00e9nifiants, aucun membre de la caste gouvernante n\u2019ose r\u00e9pondre aujourd\u2019hui \u00e0 une question tr\u00e8s simple : \u00ab Comment imaginez-vous votre pays et le monde dans dix ans ? \u00bb Ils enveloppent l\u2019avenir de formules creuses et ils font bien. Car tout avenir concret envisag\u00e9 \u00e0 partir du point o\u00f9 nous sommes leur donnerait tort.<\/p>\n<p style=\"text-align: justify;\"><!--more--><\/p>\n<p style=\"text-align: justify;\">Un sentiment se r\u00e9pand parmi les populations et il devient de plus en plus manifeste dans les \u00e9changes que nous entendons. Les th\u00e9ologiens l\u2019appelleraient un sentiment eschatologique : l\u2019attention port\u00e9e \u00e0 la fin des temps. Ce genre de discours passe tr\u00e8s bien dans la bouche des scientifiques, m\u00eame si leur catastrophisme <a href=\"https:\/\/www.telegraph.co.uk\/science\/2016\/10\/07\/experts-said-arctic-sea-ice-would-melt-entirely-by-september-201\/\" target=\"_blank\" rel=\"noopener noreferrer\">tombe bien souvent \u00e0 c\u00f4t\u00e9<\/a>. En reprenant leurs mots, on dirait que nous avons pass\u00e9 en bien des domaines le point de non-retour. Non-retour de l\u2019effet de serre, de l\u2019exploitation p\u00e9troli\u00e8re, du d\u00e9peuplement des oc\u00e9ans. Nous ne sommes pas ma\u00eetres de l\u2019avenir, mais nous savons qu\u2019en certains domaines, m\u00eame si nous d\u00e9cidions demain matin de faire machine arri\u00e8re de toutes nos forces, nous ne r\u00e9ussirions jamais \u00e0 r\u00e9parer les d\u00e9g\u00e2ts caus\u00e9s.<\/p>\n<p style=\"text-align: justify;\">Les m\u00eames pressentiments <em>terminaux<\/em> transpos\u00e9s au domaine politique et \u00ab soci\u00e9tal \u00bb rel\u00e8vent, en revanche, du \u00ab grand tabou \u00bb. Le \u00ab grand remplacement \u00bb des Fran\u00e7ais d\u00e9nonc\u00e9 par Renaud Camus ne sera sans doute admis, et revendiqu\u00e9, que par ceux qui les auront remplac\u00e9s. M\u00eame si ceux-l\u00e0 m\u00eames qui censurent un tel pronostic travaillent ouvertement \u00e0 sa r\u00e9alisation, qu\u2019ils pr\u00e9sentent comme une solution \u00e0 la fois bienvenue et in\u00e9luctable.<\/p>\n<p style=\"text-align: justify;\">Tandis que la France se perd dans ses harmonies virtuelles et ses conflits <a href=\"https:\/\/web.archive.org\/web\/20161014050013\/https:\/\/log.antipresse.net:80\/post\/islam-dossier-plus-tabou-que-prevu\" target=\"_blank\" rel=\"noopener noreferrer\">innommables<\/a>, le pays le plus arm\u00e9 du monde s\u2019appr\u00eate \u00e0 faire son choix de gouvernement entre un bateleur improbable et une femme compromise et malade. Le choix, en d\u2019autres termes, entre un \u00c9tat ingouvernable et un \u00c9tat fou. Si l\u2019Am\u00e9rique des Bush-Clinton-Obama \u00e9tait un empire abusif, l\u2019Am\u00e9rique post-Obama sera une s\u00e9rieuse menace \u00e0 la vie sur terre. Mme Clinton, marionnette d\u2019un complexe militaire aux abois et sponsoris\u00e9e par les parrains du terrorisme islamiste, a nettement annonc\u00e9 sa direction, qui est celle de la fuite en avant. L\u2019imaginer aux commandes du feu nucl\u00e9aire devrait inspirer des cauchemars \u00e0 tous nos journalistes. C\u2019est sans doute pourquoi ils ont d\u00e9cid\u00e9 de se boucher les yeux et les oreilles \u00e0 la cire et de soutenir <em>mordicus<\/em> son \u00e9lection. Dans tous les enjeux existentiels depuis la chute de l\u2019\u00ab empire du Mal \u00bb (de l\u2019URSS), l\u2019option prise par l\u2019Occident a invariablement \u00e9t\u00e9 l\u2019option du pire.<\/p>\n<p style=\"text-align: justify;\">Le caract\u00e8re syst\u00e9matique de cette orientation pose des questions non plus politiques \u2014 on est bien au-del\u00e0 \u2014, mais ontologiques. A quelles forces ob\u00e9it le syst\u00e8me o\u00f9 nous vivons ? Est-il vou\u00e9 au bien commun et \u00e0 la survie de la communaut\u00e9, comme devrait l\u2019\u00eatre tout \u00ab contrat social \u00bb ? Est-il au contraire attir\u00e9 par la destruction et le mal, ou du moins indiff\u00e9rent \u00e0 cet \u00e9gard ?<\/p>\n<h2>L\u2019assassin cavalier<\/h2>\n<p style=\"text-align: justify;\">Bien en de\u00e7\u00e0 des enjeux plan\u00e9taires \u00e9voqu\u00e9s plus haut, la tranquille Helv\u00e9tie nous offre en ce moment m\u00eame un test \u00ab grandeur nature \u00bb des tendances profondes de la soci\u00e9t\u00e9 d\u00e9mocratique avanc\u00e9e o\u00f9 nous vivons.<\/p>\n<p style=\"text-align: justify;\">Durant la semaine \u00e9coul\u00e9e (du 3 au 6 octobre), la justice genevoise a essay\u00e9 de juger un psychopathe, Fabrice A., pour un crime retentissant : l\u2019\u00e9gorgement de sa socioth\u00e9rapeute Adeline le 12 septembre 2013. L\u2019affaire elle-m\u00eame n\u2019est que trop claire, le coupable ayant tout avou\u00e9 sans \u00e9tats d\u2019\u00e2me. Mais elle est charg\u00e9e d\u2019\u00e9l\u00e9ments embl\u00e9matiques dont les ramifications sont proprement gla\u00e7antes. R\u00e9sumons.<\/p>\n<p style=\"text-align: justify;\">Suite \u00e0 un viol commis en 1999, Fabrice A. est condamn\u00e9 \u00e0 18 mois avec sursis. En 2001, au m\u00eame endroit, il commet un deuxi\u00e8me viol et se voit condamn\u00e9 \u00e0 15 ans de prison. Au sujet de ces deux actes, il d\u00e9clarera apr\u00e8s le meurtre d\u2019Adeline : \u00ab Ce n\u2019\u00e9tait pas grave, je n\u2019ai tu\u00e9 personne \u00bb. Entre-temps, il est plac\u00e9 dans un centre de r\u00e9insertion <a href=\"https:\/\/www.rts.ch\/info\/suisse\/5211438-la-paquerette-est-un-modele-de-reinsertion-selon-un-expert.html\" target=\"_blank\" rel=\"noopener noreferrer\">&#8220;mod\u00e8le&#8221;<\/a> pour criminels dangereux, appel\u00e9 \u00ab La P\u00e2querette \u00bb. Il y c\u00f4toie du personnel f\u00e9minin, notamment sa future victime, sur qui il \u00ab flashe \u00bb tout de suite. Dans le cadre de sa r\u00e9insertion, il se voit offrir des cours d\u2019\u00ab \u00e9quith\u00e9rapie \u00bb, autrement dit l\u2019\u00c9tat lui paie des cours d\u2019\u00e9quitation que nous ne pouvons offrir \u00e0 nos propres enfants.<\/p>\n<p style=\"text-align: justify;\">Ce 12 septembre 2013, justement, il sort accompagn\u00e9 de la seule Adeline pour une journ\u00e9e hors les murs de la \u00ab P\u00e2querette \u00bb. Avant de se rendre au lieu de son \u00ab \u00e9quith\u00e9rapie \u00bb, pr\u00e8s de la fronti\u00e8re franco-suisse, il demande \u00e0 sa conductrice de l\u2019emmener vers une coutellerie. Adeline obtemp\u00e8re sans discussion, sans m\u00eame signaler \u00e0 sa base le changement de programme. Il y ach\u00e8te le couteau pliable de marque Victorinox qu\u2019il a command\u00e9 \u00e0 l\u2019avance et avec lequel il l\u2019\u00e9gorgera. Il incite sa th\u00e9rapeute \u00e0 s\u2019engager sur une route secondaire, l\u2019attache \u00e0 un arbre, tente de l\u2019embrasser et lui tranche la gorge. Puis il vole sa voiture pour filer en Pologne, o\u00f9 il esp\u00e8re retrouver une ancienne relation, objet de ses fantasmes, qui par peur a d\u00fb changer de vie. Heureusement pour elle. C\u2019est l\u00e0, en Pologne, qu\u2019il sera arr\u00eat\u00e9.<\/p>\n<h2>Une Cocagne pour violeurs<\/h2>\n<p style=\"text-align: justify;\">Sans le sang vers\u00e9, cette histoire pourrait \u00eatre une satire burlesque. Ce n\u2019est pourtant que le plat r\u00e9cit des \u00e9v\u00e9nements. Voici un violeur r\u00e9cidiviste, froid, obs\u00e9d\u00e9, qui organise et dirige ses propres sorties en libert\u00e9. Qui manipule ses th\u00e9rapeutes jusqu\u2019\u00e0 les rendre complices de leur propre assassinat. Le proc\u00e8s nous en apprendra de plus belles encore avant d\u2019\u00eatre interrompu en raison d\u2019une nouvelle \u00ab expertise \u00bb :<\/p>\n<ul>\n<li>que Fabrice A. trouvait sa premi\u00e8re condamnation pour viol ridicule ;<\/li>\n<\/ul>\n<ul>\n<li>qu\u2019il a envoy\u00e9 des cartes postales moqueuses aux magistrats genevois ;<\/li>\n<\/ul>\n<ul>\n<li>qu\u2019il aurait \u00e9t\u00e9 autoris\u00e9, \u00e0 la \u00abP\u00e2querette\u00bb, \u00e0 <em>chatter<\/em> avec des femmes \u00e0 l\u2019ext\u00e9rieur ;<\/li>\n<\/ul>\n<ul>\n<li>que les pensionnaires de cette institution \u00ab mod\u00e8le \u00bb pouvaient sortir pour aller trouver des prostitu\u00e9es, qui ne savaient m\u00eame pas \u00e0 qui elles avaient affaire ;<\/li>\n<\/ul>\n<ul>\n<li>que le futur assassin avait lui-m\u00eame propos\u00e9, le fameux jour, d\u2019\u00eatre accompagn\u00e9 de deux th\u00e9rapeutes, mais que ceux-ci avaient refus\u00e9, tellement ils lui faisaient confiance ;<\/li>\n<\/ul>\n<ul>\n<li>que lui-m\u00eame d\u00e9clarera qu\u2019il n\u2019\u00e9tait &#8220;pas adapt\u00e9&#8221; \u00e0 la &#8220;P\u00e2querette&#8221;, qu\u2019il \u00e9tait un &#8220;cas trop lourd&#8221; ;<\/li>\n<\/ul>\n<ul>\n<li>qu\u2019il d\u00e9noncera l\u2019incomp\u00e9tence de ses psychiatres qui <a href=\"https:\/\/www.evernote.com\/shard\/s1\/sh\/5de87d7d-80bd-46e5-94f4-8c0949bfa3e8\/c96894b404ec10c3\" target=\"_blank\" rel=\"noopener noreferrer\">&#8220;n\u2019ont rien vu, rien approfondi&#8221;<\/a>.<\/li>\n<\/ul>\n<p style=\"text-align: justify;\">Je passe sur cent d\u00e9tails de m\u00eame acabit restituant l\u2019image d\u2019une Cocagne pour violeurs. Une Cocagne si bien nomm\u00e9e ! L\u2019association de la p\u00e2querette, cette fleur candide des comptines et des albums pour enfants, au traitement de la violence et du vice, ne pouvait germer que dans des cerveaux infantiles ou pervers, ou les deux. Par-del\u00e0 cette utopie soixante-huitarde, c\u2019est tout un syst\u00e8me dont Fabrice A., par son seul cas, instruit le proc\u00e8s. L\u2019irresponsabilit\u00e9 y c\u00f4toie la d\u00e9sinvolture, la d\u00e9sinvolture s\u2019y drape de b\u00eatise, la b\u00eatise se r\u00e9sout dans la jobardise et le tout se fond dans une conception criminellement erron\u00e9e de l\u2019\u00eatre humain, fond\u00e9e sur les r\u00eaveries mille fois d\u00e9menties de Rousseau. Il est vrai que l\u2019anc\u00eatre de toutes les illusions de \u00abgauche\u00bb \u00e9tait natif du coin&#8230;<\/p>\n<p style=\"text-align: justify;\">En un mot, c\u2019est comme si tout avait \u00e9t\u00e9 minutieusement mis en place, y compris par la victime elle-m\u00eame, pour qu\u2019Adeline soit assassin\u00e9e. Et comme si tout avait \u00e9t\u00e9 mont\u00e9 de telle sorte que personne n\u2019en r\u00e9ponde.<\/p>\n<p style=\"text-align: justify;\">Dans cette phase, soudain, la na\u00efvet\u00e9 b\u00e9b\u00eate fait place au machiav\u00e9lisme bureaucratique le plus retors. Voici donc cette commission parlementaire, cr\u00e9\u00e9e pour analyser les \u00ab dysfonctionnements \u00bb de l\u2019affaire, qui se r\u00e9unit des mois durant \u00e0 grands frais sans rien produire, le rapporteur d\u00e9sign\u00e9 ayant pris un <a href=\"https:\/\/www.rts.ch\/play\/radio\/forum\/audio\/affaire-adeline-la-commission-denquete-parlementaire-decredibilisee?id=8040136\" target=\"_blank\" rel=\"noopener noreferrer\">\u00ab retard abyssal \u00bb<\/a> dans sa r\u00e9daction au sujet d\u2019une question de s\u00e9curit\u00e9 essentielle. Mais bon : la m\u00eame commission se sera vu barrer l\u2019acc\u00e8s aux archives de la P\u00e2querette pendant un an environ. Sans compter, selon la RTS, qu\u2019on soup\u00e7onne des \u00ab entraves \u00bb venues du chef du gouvernement genevois lui-m\u00eame ; sans compter que la direction de la \u00ab P\u00e2querette \u00bb a \u00ab d\u00e9lib\u00e9r\u00e9ment tu \u00bb des informations \u00e0 l\u2019\u00e9gard des autorit\u00e9s de surveillance, que des documents psychiatriques n\u2019ont pas \u00e9t\u00e9 transmis au personnel traitant&#8230;<\/p>\n<p style=\"text-align: justify;\">Une Cocagne o\u00f9 les violeurs ne sont manifestement pas les seuls menteurs&#8230;<\/p>\n<h2>Un monde sans c\u0153ur et sans vert\u00e8bres<\/h2>\n<p style=\"text-align: justify;\">\u00ab Le proc\u00e8s de Fabrice A. pourrait devenir aussi celui des institutions \u00bb, annon\u00e7ait la Radio suisse romande deux jours avant son commencement. Mais le proc\u00e8s n\u2019a pas eu lieu. Il a encore \u00e9t\u00e9 repouss\u00e9 de plusieurs mois pour une nouvelle \u00ab expertise \u00bb (de quoi ? par qui ? pourquoi ?). L\u2019\u00e9gorgeur n\u2019a pas \u00e9t\u00e9 condamn\u00e9. Le sera-t-il un jour ? Un psychiatre suffisamment minutieux r\u00e9ussira-t-il \u00e0 lui \u00f4ter les derniers restes de responsabilit\u00e9 ? Condamn\u00e9 ou non, du reste, quelle importance, s\u2019il doit retourner dans ce pays de Cocagne o\u00f9 les malfrats font de la voile et montent \u00e0 cheval ?<\/p>\n<p style=\"text-align: justify;\">Quant au proc\u00e8s des institutions, nous en sommes encore plus loin, alors qu\u2019il \u00e9tait le plus int\u00e9ressant. Les ministres et les fonctionnaires couvrant ce sinistre capharna\u00fcm n\u2019ont pas song\u00e9 \u00e0 d\u00e9missionner. Ce n\u2019est pas que l\u2019opinion l\u2019ait exig\u00e9, mais on aurait pu leur pr\u00eater un semblant de conscience et d\u2019honneur\u2026 Mais on est en Suisse. En Suisse, on ne d\u00e9missionne pas. Tout va bien dans le meilleur des mondes possibles. Comme dans l\u2019affaire Luca. Comme dans mille cas o\u00f9 l\u2019on fait comme si de rien. Le \u00ab commesiderienn\u00e9tisme \u00bb helv\u00e9tique a m\u00eame \u00e9t\u00e9 promu en substantif par Etienne Barilier dans son livre de v\u00e9rit\u00e9 <em>Soyons m\u00e9diocres<\/em>. Et ne parlons pas de r\u00e9f\u00e9rences litt\u00e9raires encore plus cruelles, comme l\u2019immortel <em>Bonhomme et les incendiaires<\/em> de Max Frisch, o\u00f9 ce bon bourgeois tend aux pyromanes d\u00e9clar\u00e9s l\u2019allumette qui mettra le feu \u00e0 sa maison, avec un grand sourire ben\u00eat et une paquerette aux l\u00e8vres.<\/p>\n<h2>L\u2019hyperjuridisme, ou l\u2019abolition de toute justice<\/h2>\n<p style=\"text-align: justify;\">Que nous apprend le proc\u00e8s avort\u00e9 de l\u2019\u00e9gorgeur Fabrice A. ? Beaucoup de choses. J\u2019en retiens cinq.<\/p>\n<p style=\"text-align: justify;\">A) Les violeurs en Suisse sont bien mieux trait\u00e9s que les chauffards. \u00ab Venez me chercher, bande de cons ! \u00bb \u00e9crivait Fabrice d\u2019Irlande aux piteux magistrats qui lui avaient inflig\u00e9 une peine qu\u2019il jugeait lui-m\u00eame ridicule. En ce moment m\u00eame, un homme qui a viol\u00e9 dix filles mineures se prom\u00e8ne en libert\u00e9 dans les rues de ce pays, tandis qu\u2019un exc\u00e8s de vitesse qui n\u2019a mis aucune vie en p\u00e9ril vous vaut de la prison ferme. Dans un cas, la caut\u00e8le des circonstances et des vices de forme prot\u00e8ge le criminel <em>r\u00e9el<\/em>; dans l\u2019autre, l\u2019application stricte du principe de pr\u00e9caution envoie au clou des fauteurs <em>en puissance<\/em>, c\u2019est-\u00e0-dire des gens qui n\u2019ont fait aucun mal \u00e0 personne. Le lien entre les deux ? L\u2019hyperjuridisme. La destruction compl\u00e8te de l\u2019esprit par la lettre de la loi. La bureaucratisation extr\u00eame des rapports humains.<\/p>\n<p style=\"text-align: justify;\">B) Le crime de Fabrice A. est l\u2019un des crimes les plus hideux et les plus indiscutables qui soient. Le traitement que lui r\u00e9servent les institutions suisses rel\u00e8ve moins de la n\u00e9cessit\u00e9 de r\u00e9primer le crime que du besoin de justifier l\u2019existence et les salaires d\u2019une cohorte de th\u00e9rapeutes, psychiatres et autres interm\u00e9diaires faisant objectivement barrage \u00e0 la justice.<\/p>\n<p style=\"text-align: justify;\">C) La civilisation, de tout temps et en tout lieu, traite le crime de sang avec la gravit\u00e9, la s\u00e9v\u00e9rit\u00e9 et la solennit\u00e9 qu\u2019il requiert en tant qu\u2019atteinte la plus grave \u00e0 l\u2019humanit\u00e9 en nous. Une soci\u00e9t\u00e9 qui traite le crime de sang comme une \u00e9quation juridico-administrative se met au ban de la civilisation.<\/p>\n<p style=\"text-align: justify;\">D) De fait, cette incapacit\u00e9 \u00e0 juger clairement et rapidement des actes on ne peut plus clairs jette le doute sur la capacit\u00e9 de cette soci\u00e9t\u00e9 \u00e0 prot\u00e9ger ses membres. Comme le disait le th\u00e9oricien de la soci\u00e9t\u00e9 moderne, Thomas Hobbes (Antipresse 44) : <em>\u00ab La loyaut\u00e9 des sujets vis-\u00e0-vis du souverain est cens\u00e9e durer aussi longtemps, mais pas davantage, que dure le pouvoir au moyen duquel il est \u00e0 m\u00eame de les prot\u00e9ger. \u00bb<\/em> En cas d\u2019aggravation des crises qui nous guettent, une justice pareillement ligot\u00e9e ferait rapidement place \u00e0 l\u2019arbitraire de l\u2019autod\u00e9fense et des tribunaux de rue. <em>\u00ab Car le droit naturel qu\u2019ont les hommes de se prot\u00e9ger eux-m\u00eames, quand personne d\u2019autre ne le peut, ne saurait \u00eatre lev\u00e9 par aucune convention. \u00bb<\/em>.<\/p>\n<p style=\"text-align: justify;\">E) Le caract\u00e8re onirique des \u00e9v\u00e9nements, la na\u00efvet\u00e9 stup\u00e9fiante des protagonistes \u2014 ou, pire, leur indiff\u00e9rence \u2014 et l\u2019immunit\u00e9 dont jouit toute la cha\u00eene ayant conduit \u00e0 l\u2019\u00e9gorgement d\u2019Adeline indiquent une confusion pr\u00e9occupante des notions de bien et de mal dans le milieu o\u00f9 ce cauchemar se produit.<\/p>\n<p style=\"text-align: center;\">*<\/p>\n<p style=\"text-align: justify;\">On est en Suisse. Tout va bien. La justice et le droit r\u00e8gnent \u2014 tant qu\u2019on ne les sollicite pas. On condamne le mal \u2014 tant qu\u2019il ne frappe pas \u00e0 notre porte; auquel cas, on n\u00e9gocie. C\u2019est un monde parfaitement humanitaire et parfaitement inhumain.<\/p>\n<p style=\"text-align: justify;\">Le diable ricane et investit dans Victorinox.<\/p>\n<p style=\"text-align: justify;\">\n<style type=\"text\/css\">\n<!--\n\n.prisna-gwt-align-left {\n\ttext-align: left !important;\n}\n.prisna-gwt-align-right {\n\ttext-align: right !important;\n}\n\n\n.prisna-gwt-flags-container {\n\tlist-style: none !important;\n\tmargin: 0 !important;\n\tpadding: 0 !important;\n\tborder: none !important;\n\tclear: both !important;\n}\n.prisna-gwt-flag-container {\n\tlist-style: none !important;\n\tdisplay: inline-block;\n\tmargin: 0 2px 0 0 !important;\n\tpadding: 0 !important;\n\tborder: none !important;\n}\n.prisna-gwt-flag-container a {\n\tdisplay: inline-block;\n\tmargin: 0 !important;\n\tpadding: 0 !important;\n\tborder: none !important;\n\tbackground-repeat: no-repeat !important;\n\tbackground-image: url(https:\/\/aitia.fr\/erd\/wp-content\/plugins\/google-website-translator\/images\/all.png) !important;\n\twidth: 22px !important;\n\theight: 16px !important;\n}\n.prisna-gwt-language-en a { background-position: 0px 0px !important; }\n.prisna-gwt-language-ar a { background-position: -44px -32px !important; }\n.prisna-gwt-language-eu a { background-position: -110px -32px !important; }\n.prisna-gwt-language-bg a { background-position: -198px -32px !important; }\n.prisna-gwt-language-ca a { background-position: 0px -48px !important; }\n.prisna-gwt-language-zh-CN a { background-position: -132px 0px !important; }\n.prisna-gwt-language-zh-TW a { background-position: -154px 0px !important; }\n.prisna-gwt-language-cs a { background-position: -88px -48px !important; }\n.prisna-gwt-language-da a { background-position: -110px -16px !important; }\n.prisna-gwt-language-nl a { background-position: -44px 0px !important; }\n.prisna-gwt-language-fr a { background-position: -22px 0px !important; }\n.prisna-gwt-language-de a { background-position: -88px 0px !important; }\n.prisna-gwt-language-el a { background-position: -66px 0px !important; }\n.prisna-gwt-language-ga a { background-position: -110px -64px !important; }\n.prisna-gwt-language-it a { background-position: -176px -16px !important; }\n.prisna-gwt-language-ja a { background-position: -198px -16px !important; }\n.prisna-gwt-language-km a { background-position: -154px -64px !important; }\n.prisna-gwt-language-ko a { background-position: -176px -64px !important; }\n.prisna-gwt-language-ms a { background-position: -88px -80px !important; }\n.prisna-gwt-language-no a { background-position: -88px -16px !important; }\n.prisna-gwt-language-fa a { background-position: 0px -96px !important; }\n.prisna-gwt-language-pl a { background-position: -176px 0px !important; }\n.prisna-gwt-language-pt a { background-position: -198px 0px !important; }\n.prisna-gwt-language-pa a { background-position: -22px -16px !important; }\n.prisna-gwt-language-ro a { background-position: -44px -16px !important; }\n.prisna-gwt-language-ru a { background-position: -66px -16px !important; }\n.prisna-gwt-language-sr a { background-position: -22px -96px !important; }\n.prisna-gwt-language-es a { background-position: -110px 0px !important; }\n.prisna-gwt-language-th a { background-position: 0px -16px !important; }\n.prisna-gwt-language-tr a { background-position: -154px -96px !important; }\n.prisna-gwt-language-uk a { background-position: -176px -96px !important; }\n.prisna-gwt-language-vi a { background-position: -22px -64px !important; }\n\n\n#goog-gt-tt,\n.goog-tooltip,\n.goog-tooltip:hover {\n\tdisplay: none !important;\n}\n.goog-text-highlight {\n\tbackground-color: transparent !important;\n\tborder: none !important;\n\tbox-shadow: none !important;\n}\n.translated-rtl font,\n.translated-ltr font {\n\tbackground-color: transparent !important;\n\tbox-shadow: none !important;\n\tbox-sizing: border-box !important;\n\t-webkit-box-sizing: border-box !important;\n\t-moz-box-sizing: border-box !important;\n}\n\n-->\n<\/style>\n\n\n\n<script type=\"text\/javascript\">\n\/*<![CDATA[*\/\nvar PrisnaGWT = {\n\n\t_fire_event: function(_element, _event) {\n\t\t\n\t\ttry {\n\t\t\tif (document.createEvent) {\n\t\t\t\tvar ev = document.createEvent(\"HTMLEvents\");\n\t\t\t\tev.initEvent(_event, true, true);\n\t\t\t\t_element.dispatchEvent(ev);\n\t\t\t} \n\t\t\telse {\n\t\t\t\tvar ev = document.createEventObject();\n\t\t\t\t_element.fireEvent(\"on\" + _event, ev);\n\t\t\t}\n\t\t} \n\t\tcatch (e) {\n\t\t\tconsole.log(\"Prisna GWT: Browser not supported!\");\n\t\t}\n\t\t\n\t},\n\n\t_restore: function() {\n\n\t\tvar b, d = false;\n\t\tvar c =  document.getElementById(\"\\:1\\.container\");\n\t\tif (c)\n\t\t\td = c.contentWindow.document.getElementById(\"\\:1\\.restore\");\n\t\t\n\t\tif (d)\n\t\t\tthis._fire_event(d, \"click\");\n\n\t},\n\t\n\ttranslate: function(_language) {\n\t\n\t\tvar element;\n\t\tvar combos = document.getElementsByTagName(\"select\"); \/\/ IE8 doesn't support getElementsByClassName\n\t\t\n\t\tfor (var i=0; i<combos.length; i++)\n\t\t\tif (combos[i].className == \"goog-te-combo\")\n\t\t\t\telement = combos[i];\n\t\t\n\t\tif (!element)\n\t\t\treturn;\n\t\t\n\t\tif (_language == \"fr\")\n\t\t\tthis._restore();\n\t\telse {\n\t\t\telement.value = _language;\n\t\t\tthis._fire_event(element, \"change\");\n\t\t}\n\n\t}\n\t\n};\n\/*]]>*\/\n<\/script>\n<ul class=\"prisna-gwt-flags-container prisna-gwt-align-right notranslate\">\n\t<li class=\"prisna-gwt-flag-container prisna-gwt-language-ar\">\n\t<a href=\"javascript:;\" onclick=\"PrisnaGWT.translate('ar'); return false;\" title=\"Arabic\"><\/a>\n<\/li><li class=\"prisna-gwt-flag-container prisna-gwt-language-zh-CN\">\n\t<a href=\"javascript:;\" onclick=\"PrisnaGWT.translate('zh-CN'); return false;\" title=\"Chinese Simplified\"><\/a>\n<\/li><li class=\"prisna-gwt-flag-container prisna-gwt-language-zh-TW\">\n\t<a href=\"javascript:;\" onclick=\"PrisnaGWT.translate('zh-TW'); return false;\" title=\"Chinese Traditional\"><\/a>\n<\/li><li class=\"prisna-gwt-flag-container prisna-gwt-language-nl\">\n\t<a href=\"javascript:;\" onclick=\"PrisnaGWT.translate('nl'); return false;\" title=\"Dutch\"><\/a>\n<\/li><li class=\"prisna-gwt-flag-container prisna-gwt-language-en\">\n\t<a href=\"javascript:;\" onclick=\"PrisnaGWT.translate('en'); return false;\" title=\"English\"><\/a>\n<\/li><li class=\"prisna-gwt-flag-container prisna-gwt-language-fr\">\n\t<a href=\"javascript:;\" onclick=\"PrisnaGWT.translate('fr'); return false;\" title=\"French\"><\/a>\n<\/li><li class=\"prisna-gwt-flag-container prisna-gwt-language-de\">\n\t<a href=\"javascript:;\" onclick=\"PrisnaGWT.translate('de'); return false;\" title=\"German\"><\/a>\n<\/li><li class=\"prisna-gwt-flag-container prisna-gwt-language-el\">\n\t<a href=\"javascript:;\" onclick=\"PrisnaGWT.translate('el'); return false;\" title=\"Greek\"><\/a>\n<\/li><li class=\"prisna-gwt-flag-container prisna-gwt-language-it\">\n\t<a href=\"javascript:;\" onclick=\"PrisnaGWT.translate('it'); return false;\" title=\"Italian\"><\/a>\n<\/li><li class=\"prisna-gwt-flag-container prisna-gwt-language-ja\">\n\t<a href=\"javascript:;\" onclick=\"PrisnaGWT.translate('ja'); return false;\" title=\"Japanese\"><\/a>\n<\/li><li class=\"prisna-gwt-flag-container prisna-gwt-language-ms\">\n\t<a href=\"javascript:;\" onclick=\"PrisnaGWT.translate('ms'); return false;\" title=\"Malay\"><\/a>\n<\/li><li class=\"prisna-gwt-flag-container prisna-gwt-language-fa\">\n\t<a href=\"javascript:;\" onclick=\"PrisnaGWT.translate('fa'); return false;\" title=\"Persian\"><\/a>\n<\/li><li class=\"prisna-gwt-flag-container prisna-gwt-language-pt\">\n\t<a href=\"javascript:;\" onclick=\"PrisnaGWT.translate('pt'); return false;\" title=\"Portuguese\"><\/a>\n<\/li><li class=\"prisna-gwt-flag-container prisna-gwt-language-ro\">\n\t<a href=\"javascript:;\" onclick=\"PrisnaGWT.translate('ro'); return false;\" title=\"Romanian\"><\/a>\n<\/li><li class=\"prisna-gwt-flag-container prisna-gwt-language-ru\">\n\t<a href=\"javascript:;\" onclick=\"PrisnaGWT.translate('ru'); return false;\" title=\"Russian\"><\/a>\n<\/li><li class=\"prisna-gwt-flag-container prisna-gwt-language-es\">\n\t<a href=\"javascript:;\" onclick=\"PrisnaGWT.translate('es'); return false;\" title=\"Spanish\"><\/a>\n<\/li><li class=\"prisna-gwt-flag-container prisna-gwt-language-uk\">\n\t<a href=\"javascript:;\" onclick=\"PrisnaGWT.translate('uk'); return false;\" title=\"Ukrainian\"><\/a>\n<\/li><li class=\"prisna-gwt-flag-container prisna-gwt-language-vi\">\n\t<a href=\"javascript:;\" onclick=\"PrisnaGWT.translate('vi'); return false;\" title=\"Vietnamese\"><\/a>\n<\/li><li class=\"prisna-gwt-flag-container prisna-gwt-language-cs\">\n\t<a href=\"javascript:;\" onclick=\"PrisnaGWT.translate('cs'); return false;\" title=\"Czech\"><\/a>\n<\/li><li class=\"prisna-gwt-flag-container prisna-gwt-language-eu\">\n\t<a href=\"javascript:;\" onclick=\"PrisnaGWT.translate('eu'); return false;\" title=\"Basque\"><\/a>\n<\/li><li class=\"prisna-gwt-flag-container prisna-gwt-language-bg\">\n\t<a href=\"javascript:;\" onclick=\"PrisnaGWT.translate('bg'); return false;\" title=\"Bulgarian\"><\/a>\n<\/li><li class=\"prisna-gwt-flag-container prisna-gwt-language-ca\">\n\t<a href=\"javascript:;\" onclick=\"PrisnaGWT.translate('ca'); return false;\" title=\"Catalan\"><\/a>\n<\/li><li class=\"prisna-gwt-flag-container prisna-gwt-language-da\">\n\t<a href=\"javascript:;\" onclick=\"PrisnaGWT.translate('da'); return false;\" title=\"Danish\"><\/a>\n<\/li><li class=\"prisna-gwt-flag-container prisna-gwt-language-ga\">\n\t<a href=\"javascript:;\" onclick=\"PrisnaGWT.translate('ga'); return false;\" title=\"Irish\"><\/a>\n<\/li><li class=\"prisna-gwt-flag-container prisna-gwt-language-ko\">\n\t<a href=\"javascript:;\" onclick=\"PrisnaGWT.translate('ko'); return false;\" title=\"Korean\"><\/a>\n<\/li><li class=\"prisna-gwt-flag-container prisna-gwt-language-km\">\n\t<a href=\"javascript:;\" onclick=\"PrisnaGWT.translate('km'); return false;\" title=\"Khmer\"><\/a>\n<\/li><li class=\"prisna-gwt-flag-container prisna-gwt-language-no\">\n\t<a href=\"javascript:;\" onclick=\"PrisnaGWT.translate('no'); return false;\" title=\"Norwegian\"><\/a>\n<\/li><li class=\"prisna-gwt-flag-container prisna-gwt-language-pl\">\n\t<a href=\"javascript:;\" onclick=\"PrisnaGWT.translate('pl'); return false;\" title=\"Polish\"><\/a>\n<\/li><li class=\"prisna-gwt-flag-container prisna-gwt-language-pa\">\n\t<a href=\"javascript:;\" onclick=\"PrisnaGWT.translate('pa'); return false;\" title=\"Punjabi\"><\/a>\n<\/li><li class=\"prisna-gwt-flag-container prisna-gwt-language-sr\">\n\t<a href=\"javascript:;\" onclick=\"PrisnaGWT.translate('sr'); return false;\" title=\"Serbian\"><\/a>\n<\/li><li class=\"prisna-gwt-flag-container prisna-gwt-language-th\">\n\t<a href=\"javascript:;\" onclick=\"PrisnaGWT.translate('th'); return false;\" title=\"Thai\"><\/a>\n<\/li><li class=\"prisna-gwt-flag-container prisna-gwt-language-tr\">\n\t<a href=\"javascript:;\" onclick=\"PrisnaGWT.translate('tr'); return false;\" title=\"Turkish\"><\/a>\n<\/li>\n<\/ul>\n\n<div id=\"google_translate_element\" class=\"prisna-gwt-align-right\"><\/div>\n<script type=\"text\/javascript\">\n\/*<![CDATA[*\/\nfunction initializeGoogleTranslateElement() {\n\tnew google.translate.TranslateElement({\n\t\tpageLanguage: \"fr\",\n\t\tautoDisplay: false,\n\t\tincludedLanguages: \"ar,eu,bg,ca,zh-CN,zh-TW,cs,da,nl,en,fr,de,el,ga,it,ja,km,ko,ms,no,fa,pl,pt,pa,ro,ru,sr,es,th,tr,uk,vi\"\n\t}, \"google_translate_element\");\n}\n\/*]]>*\/\n<\/script>\n<script type=\"text\/javascript\" src=\"\/\/translate.google.com\/translate_a\/element.js?cb=initializeGoogleTranslateElement\"><\/script><\/p>\n","protected":false},"excerpt":{"rendered":"<p>[Note de l&#8217;administrateur de ce blog : je reproduis ici un deuxi\u00e8me article d&#8217;Antipresse, une lettre d&#8217;information dominicale. Vous pouvez (re)lire le premier ici. Comme toujours, Slobodan Despot dit des choses simples et claires, l\u00e0 o\u00f9 l&#8217;amphigourisme contemporain noie le sens dans le non-sens. Ce qui n&#8217;est pas seulement un d\u00e9sastre intellectuel : h\u00e9las, BHL [&hellip;]<\/p>\n","protected":false},"author":1,"featured_media":0,"comment_status":"open","ping_status":"open","sticky":false,"template":"","format":"standard","meta":[],"categories":[134],"tags":[390,112,409,408,391],"_links":{"self":[{"href":"https:\/\/aitia.fr\/erd\/wp-json\/wp\/v2\/posts\/7332"}],"collection":[{"href":"https:\/\/aitia.fr\/erd\/wp-json\/wp\/v2\/posts"}],"about":[{"href":"https:\/\/aitia.fr\/erd\/wp-json\/wp\/v2\/types\/post"}],"author":[{"embeddable":true,"href":"https:\/\/aitia.fr\/erd\/wp-json\/wp\/v2\/users\/1"}],"replies":[{"embeddable":true,"href":"https:\/\/aitia.fr\/erd\/wp-json\/wp\/v2\/comments?post=7332"}],"version-history":[{"count":10,"href":"https:\/\/aitia.fr\/erd\/wp-json\/wp\/v2\/posts\/7332\/revisions"}],"predecessor-version":[{"id":12910,"href":"https:\/\/aitia.fr\/erd\/wp-json\/wp\/v2\/posts\/7332\/revisions\/12910"}],"wp:attachment":[{"href":"https:\/\/aitia.fr\/erd\/wp-json\/wp\/v2\/media?parent=7332"}],"wp:term":[{"taxonomy":"category","embeddable":true,"href":"https:\/\/aitia.fr\/erd\/wp-json\/wp\/v2\/categories?post=7332"},{"taxonomy":"post_tag","embeddable":true,"href":"https:\/\/aitia.fr\/erd\/wp-json\/wp\/v2\/tags?post=7332"}],"curies":[{"name":"wp","href":"https:\/\/api.w.org\/{rel}","templated":true}]}}