{"id":7165,"date":"2016-09-19T14:27:03","date_gmt":"2016-09-19T12:27:03","guid":{"rendered":"https:\/\/aitia.fr\/erd\/?p=7165"},"modified":"2016-09-19T14:32:39","modified_gmt":"2016-09-19T12:32:39","slug":"obama-au-secours-de-daech-arret-sur-info","status":"publish","type":"post","link":"https:\/\/aitia.fr\/erd\/obama-au-secours-de-daech-arret-sur-info\/","title":{"rendered":"Obama au secours de Daech (Arr\u00eat sur Info)"},"content":{"rendered":"<p style=\"text-align: justify;\"><a href=\"https:\/\/arretsurinfo.ch\/obama-au-secours-de-daech\/\" target=\"_blank\"><img decoding=\"async\" loading=\"lazy\" class=\"alignleft wp-image-7171\" src=\"https:\/\/aitia.fr\/erd\/wp-content\/uploads\/2016\/09\/obama-kerrry.jpg\" alt=\"obama-kerrry\" width=\"420\" height=\"236\" srcset=\"https:\/\/aitia.fr\/erd\/wp-content\/uploads\/2016\/09\/obama-kerrry.jpg 790w, https:\/\/aitia.fr\/erd\/wp-content\/uploads\/2016\/09\/obama-kerrry-300x169.jpg 300w, https:\/\/aitia.fr\/erd\/wp-content\/uploads\/2016\/09\/obama-kerrry-768x432.jpg 768w, https:\/\/aitia.fr\/erd\/wp-content\/uploads\/2016\/09\/obama-kerrry-600x337.jpg 600w\" sizes=\"(max-width: 420px) 100vw, 420px\" \/><\/a><span class=\"post-meta-author\">Par <a href=\"https:\/\/arretsurinfo.ch\/authors\/bruno-guigue\/\" target=\"_blank\">Bruno Guigue<\/a><\/span> <span class=\"post-meta-date\"> le <span class=\"post-meta-actual-date\">18 septembre 2016<\/span> <\/span><\/p>\n<p style=\"text-align: justify;\">Le pr\u00e9sident des Etats-Unis va bient\u00f4t tirer sa r\u00e9v\u00e9rence. Mais avant de rejoindre le club des conf\u00e9renciers \u00e0 100 000 dollars, il aura commis un nouveau forfait en Syrie. Le 17 septembre, pour la premi\u00e8re fois, son aviation a tu\u00e9 entre 60 et 80 soldats de l\u2019arm\u00e9e arabe syrienne \u00e0 Deir Ezzor. Loin d\u2019\u00eatre fortuite, cette attaque a eu lieu au moment m\u00eame o\u00f9 l\u2019arm\u00e9e nationale affrontait une offensive de Daech.<\/p>\n<p style=\"text-align: justify;\">Le Pentagone a d\u00e9clar\u00e9 qu\u2019il s\u2019agissait d\u2019une erreur, mais qui peut croire un tel mensonge ? Cette version officielle a d\u2019ailleurs re\u00e7u sa premi\u00e8re entaille de la part de l\u2019ambassadrice US \u00e0 l\u2019ONU. Elle a admis devant le conseil de s\u00e9curit\u00e9 que les USA \u00e9taient \u00e0 l\u2019origine de cette frappe, mais elle en a minimis\u00e9 l\u2019importance, en comparant cette bavure \u00ab\u00a0non intentionnelle\u00a0\u00bb avec les \u00ab\u00a0attaques intentionnelles\u00a0\u00bb de Damas contre des civils. Curieuse explication !<\/p>\n<p style=\"text-align: justify;\">La th\u00e8se de l\u2019accident, en r\u00e9alit\u00e9, ne tient pas la route. Il suffit de consid\u00e9rer les faits pour s\u2019en rendre compte.<\/p>\n<p style=\"text-align: justify;\"><a href=\"https:\/\/arretsurinfo.ch\/obama-au-secours-de-daech\/\" target=\"_blank\">Continuer la lecture sur Arr\u00eat sur Info \u27f6<\/a><\/p>\n<p style=\"text-align: justify;\">Voir \u00e9galement sur ce blog, \u00e0 propos du terrorisme &#8220;islamique&#8221; <em>sponsoris\u00e9<\/em> par les USA, Isra\u00ebl et d&#8217;autres r\u00e9gimes pourris :<\/p>\n<ul>\n<li style=\"text-align: justify;\"><a href=\"https:\/\/aitia.fr\/erd\/fabius-le-golf-et-le-badminton\/\" target=\"_blank\">Fabius, le golf et le badminton<\/a><\/li>\n<li style=\"text-align: justify;\"><a href=\"https:\/\/aitia.fr\/erd\/pourquoi-isis-tourne-t-il-ses-videos-en-studio\/\" target=\"_blank\">Pourquoi &#8220;ISIS&#8221; tourne-t-il ses vid\u00e9os en studio ?<\/a><\/li>\n<li style=\"text-align: justify;\"><a href=\"https:\/\/aitia.fr\/erd\/documents-recemment-declassifies-du-gouvernement-des-usa-loccident-a-favorise-la-creation-de-letat-islamique\/\" target=\"_blank\">Documents r\u00e9cemment d\u00e9classifi\u00e9s du gouvernement des USA : l&#8217;Occident a favoris\u00e9 la cr\u00e9ation de l&#8217;\u00c9tat &#8220;Islamique&#8221;<\/a><\/li>\n<li style=\"text-align: justify;\"><a href=\"https:\/\/aitia.fr\/erd\/un-terroriste-fait-prisonnier-admet-que-les-camions-de-petrole-de-le-i-traversent-la-frontiere-vers-la-turquie-tous-les-jours\/\" target=\"_blank\">Un terroriste fait prisonnier admet que les camions de p\u00e9trole de l&#8217;\u00c9.I. traversent la fronti\u00e8re vers la Turquie tous les jours<\/a><\/li>\n<li style=\"text-align: justify;\"><a href=\"https:\/\/aitia.fr\/erd\/revelations-le-general-israelien-fait-prisonnier-en-irak-reconnait-une-coalition-israel-isis\/\" target=\"_blank\">R\u00e9v\u00e9lations : le g\u00e9n\u00e9ral isra\u00e9lien fait prisonnier en Irak reconna\u00eet une coalition Isra\u00ebl-ISIS (VT)<\/a><\/li>\n<li style=\"text-align: justify;\"><a href=\"https:\/\/aitia.fr\/erd\/chroniques-des-sciences-inhumaines-et-asociales-episode-1\/\" target=\"_blank\">Chroniques des sciences inhumaines et asociales (\u00e9pisode 1)<\/a><\/li>\n<\/ul>\n","protected":false},"excerpt":{"rendered":"<p>Par Bruno Guigue le 18 septembre 2016 Le pr\u00e9sident des Etats-Unis va bient\u00f4t tirer sa r\u00e9v\u00e9rence. Mais avant de rejoindre le club des conf\u00e9renciers \u00e0 100 000 dollars, il aura commis un nouveau forfait en Syrie. Le 17 septembre, pour la premi\u00e8re fois, son aviation a tu\u00e9 entre 60 et 80 soldats de l\u2019arm\u00e9e arabe [&hellip;]<\/p>\n","protected":false},"author":1,"featured_media":0,"comment_status":"open","ping_status":"open","sticky":false,"template":"","format":"standard","meta":[],"categories":[4,134,29],"tags":[324,156,162,48,129,71],"_links":{"self":[{"href":"https:\/\/aitia.fr\/erd\/wp-json\/wp\/v2\/posts\/7165"}],"collection":[{"href":"https:\/\/aitia.fr\/erd\/wp-json\/wp\/v2\/posts"}],"about":[{"href":"https:\/\/aitia.fr\/erd\/wp-json\/wp\/v2\/types\/post"}],"author":[{"embeddable":true,"href":"https:\/\/aitia.fr\/erd\/wp-json\/wp\/v2\/users\/1"}],"replies":[{"embeddable":true,"href":"https:\/\/aitia.fr\/erd\/wp-json\/wp\/v2\/comments?post=7165"}],"version-history":[{"count":13,"href":"https:\/\/aitia.fr\/erd\/wp-json\/wp\/v2\/posts\/7165\/revisions"}],"predecessor-version":[{"id":7180,"href":"https:\/\/aitia.fr\/erd\/wp-json\/wp\/v2\/posts\/7165\/revisions\/7180"}],"wp:attachment":[{"href":"https:\/\/aitia.fr\/erd\/wp-json\/wp\/v2\/media?parent=7165"}],"wp:term":[{"taxonomy":"category","embeddable":true,"href":"https:\/\/aitia.fr\/erd\/wp-json\/wp\/v2\/categories?post=7165"},{"taxonomy":"post_tag","embeddable":true,"href":"https:\/\/aitia.fr\/erd\/wp-json\/wp\/v2\/tags?post=7165"}],"curies":[{"name":"wp","href":"https:\/\/api.w.org\/{rel}","templated":true}]}}