{"id":7099,"date":"2016-09-14T20:52:52","date_gmt":"2016-09-14T18:52:52","guid":{"rendered":"https:\/\/aitia.fr\/erd\/?p=7099"},"modified":"2016-09-14T20:53:46","modified_gmt":"2016-09-14T18:53:46","slug":"lart-perdu-de-la-generalisation-antipresse","status":"publish","type":"post","link":"https:\/\/aitia.fr\/erd\/lart-perdu-de-la-generalisation-antipresse\/","title":{"rendered":"L&#8217;art perdu de la g\u00e9n\u00e9ralisation (Antipresse)"},"content":{"rendered":"<div id=\"attachment_7103\" style=\"width: 210px\" class=\"wp-caption alignleft\"><a href=\"https:\/\/fr.wikipedia.org\/wiki\/Slobodan_Despot\" target=\"_blank\"><img aria-describedby=\"caption-attachment-7103\" decoding=\"async\" loading=\"lazy\" class=\"wp-image-7103\" src=\"https:\/\/aitia.fr\/erd\/wp-content\/uploads\/2016\/09\/Slobodan-Despot-Geneve-2006.jpg\" alt=\"Slobodan Despot au salon du livre \u00e0 Gen\u00e8ve en 2006\" width=\"200\" height=\"191\" srcset=\"https:\/\/aitia.fr\/erd\/wp-content\/uploads\/2016\/09\/Slobodan-Despot-Geneve-2006.jpg 832w, https:\/\/aitia.fr\/erd\/wp-content\/uploads\/2016\/09\/Slobodan-Despot-Geneve-2006-300x286.jpg 300w, https:\/\/aitia.fr\/erd\/wp-content\/uploads\/2016\/09\/Slobodan-Despot-Geneve-2006-768x733.jpg 768w, https:\/\/aitia.fr\/erd\/wp-content\/uploads\/2016\/09\/Slobodan-Despot-Geneve-2006-600x573.jpg 600w\" sizes=\"(max-width: 200px) 100vw, 200px\" \/><\/a><p id=\"caption-attachment-7103\" class=\"wp-caption-text\">Slobodan Despot, salon du livre,<br \/>Gen\u00e8ve, 2006<\/p><\/div>\n<p style=\"text-align: justify;\">[<em>Note de l&#8217;administrateur de ce blog : je reproduis ici une article d&#8217;<a href=\"https:\/\/antipresse.tumblr.com\/manifeste\" target=\"_blank\">Antipresse<\/a>, une lettre d&#8217;information dominicale que je vous engage \u00e0 lire et \u00e0 soutenir, d\u00e9j\u00e0 <a href=\"https:\/\/antipresse.us1.list-manage.com\/subscribe?u=2629b793135807a38735c3ef1&amp;id=f9e9755c0e\" target=\"_blank\">en vous y abonnant<\/a>. Ce qui suit est l&#8217;\u0153uvre de Slobodan Despot, un de ces &#8220;faux Fran\u00e7ais&#8221; plus fran\u00e7ais que les vrais et par cons\u00e9quent encore plus r\u00e9volt\u00e9 par les agissements de ceux qui se croient l&#8217;\u00e9lite de ce pays. Pulv\u00e9risons donc avec lui le politiquement correct, cette politesse des l\u00e2ches et des imb\u00e9ciles (et des hypocrites).<\/em>]<\/p>\n<hr \/>\n<p style=\"text-align: justify;\">Voici quelques jours, j\u2019ai laiss\u00e9 filer sur les r\u00e9seaux sociaux une maxime atrocement raciste \u00e0 propos des Fran\u00e7ais. La voici :<\/p>\n<blockquote>\n<p style=\"text-align: justify;\">Les Fran\u00e7ais savent tout. Sauf qu\u2019ils ne savent rien.<\/p>\n<\/blockquote>\n<p><\/p>\n<p style=\"text-align: justify;\">J\u2019en ai r\u00e9colt\u00e9 une belle vol\u00e9e de bois vert. Comment avais-je pu omettre d\u2019imprimer le \u00ab fumer tue \u00bb sur le paquet ? \u00c9videmment que tous les Fran\u00e7ais ne sont pas de pompeux ignares, de m\u00eame que tous les Anglais ne sont pas perfides. Mais c\u2019est un p\u00e9ch\u00e9 mignon : je raffole des bonnes g\u00e9n\u00e9ralisations nationales \u00e0 l\u2019emporte-pi\u00e8ce. Elles \u00e9taient courantes du temps de la soci\u00e9t\u00e9 cultiv\u00e9e o\u00f9 l\u2019on pouvait parler par \u00e9pigrammes parce qu\u2019on s\u2019entendait encore tacitement sur les pr\u00e9misses et les r\u00e9serves de la conversation. Elles \u00e9taient injustes et abusives, mais souvent p\u00e9n\u00e9tr\u00e9es de clairvoyance. Sur le peuple d\u2019o\u00f9 je viens, on pr\u00eate \u00e0 Bismarck le jugement d\u00e9finitif : <em>\u00ab Si vous voyez un Serbe qui porte sa chemise par-dessus la culotte, vous pouvez vous y fier : c\u2019est le meilleur homme qui soit. S\u2019il l\u2019a rentr\u00e9e dans le pantalon, passez votre chemin\u2026 \u00bb<\/em> \u00c9videmment que tout Serbe urbanis\u00e9 n\u2019est pas une planche pourrie et que le paysan \u00e0 touloupe conna\u00eet aussi l\u2019entourloupe. Mais cette g\u00e9niale m\u00e9taphore r\u00e9sume toute la trag\u00e9die de l\u2019urbanisation acc\u00e9l\u00e9r\u00e9e d\u2019une soci\u00e9t\u00e9 patriarcale et agraire, dont les cons\u00e9quences proprement <em>t\u00e9ratologiques<\/em>, en mati\u00e8re de morale, de comportement et de civisme, sont aujourd\u2019hui bien plus manifestes que du vivant du grand chancelier.<\/p>\n<p style=\"text-align: justify;\"><!--more--><\/p>\n<p style=\"text-align: justify;\">La g\u00e9n\u00e9ralisation, l\u2019aphorisme, l\u2019\u00e9pigramme sont le fleuron de la civilisation. Quand ils font \u00ab mouche \u00bb, c\u2019est qu\u2019ils ont touch\u00e9 une v\u00e9rit\u00e9 que chacun pressent confus\u00e9ment, mais que seul un esprit synth\u00e9tique a eu le bonheur de formuler. De Maistre, Balzac et Nietzsche pouvaient encore se les permettre, mais notre \u00e9poque de coupeurs de cheveux en quatre maniaco-incultes s\u2019en offusque avec le sinistre manque d\u2019humour qui la caract\u00e9rise. A la charni\u00e8re de ces deux \u00e8res, voici un quart de si\u00e8cle, le merveilleux Desproges dressait une derni\u00e8re grande typologie des nations, mais sur le mode d\u00e9risoire, avec Les \u00c9trangers sont nuls.<\/p>\n<p style=\"text-align: justify;\">On m\u2019a \u00e9videmment aussi r\u00e9torqu\u00e9 que je n\u2019\u00e9tais pas Fran\u00e7ais. Et donc : ta gueule, m\u00e9t\u00e8que !<\/p>\n<p style=\"text-align: justify;\">Eh non, je ne suis pas Fran\u00e7ais. En tout cas, pas par ces d\u00e9terminants futiles que sont le passeport, la naissance et le \u00ab droit du sol \u00bb. Je laisse ce privil\u00e8ge aux mohameds qui s\u2019envoient en l\u2019air \u00e0 la plage comme \u00e0 la ville. Mais je suis passionn\u00e9ment fran\u00e7ais de par ma langue et ma culture, m\u00eame si de nos jours cela compte pour beur.<\/p>\n<p style=\"text-align: justify;\">D\u2019autre part, et soit dit en passant, nul n\u2019a mieux d\u00e9crit les Am\u00e9ricains que Tocqueville, qui n\u2019en \u00e9tait pas un. <em>Shut up<\/em>, Tocqueville ?<\/p>\n<p style=\"text-align: justify;\">Je me corrige donc : il existe au moins deux cat\u00e9gories de Fran\u00e7ais.<\/p>\n<p style=\"text-align: justify;\">Il y a le gros du peloton, l\u2019\u00e9ternel populo, la \u00ab <a href=\"https:\/\/en.wikipedia.org\/wiki\/Rayah\" target=\"_blank\">rayah<\/a>\u00bb comme on dit chez les Ottomans. Ceux qui, hier, froissaient leur b\u00e9ret en s\u2019excusant de respirer, et qui aujourd\u2019hui mettent \u00ab par contre \u00bb au d\u00e9but de chaque phrase, une chuintante \u00e0 la fin de chaque mot (<em>merciche\u2026<\/em>), et qui prononcent \u00ab bonjour \u00bb en trois syllabes.<\/p>\n<p style=\"text-align: justify;\">Et puis il y a les mandarins, les oul\u00e9mas et autres brahmanes qui sortent des grandes familles et\/ou des grandes \u00e9coles. Ces oiseaux-l\u00e0 se reconnaissent eux aussi \u00e0 leur chant. Ils parlent en allongeant anormalement le maxillaire inf\u00e9rieur et en arrondissant leur bouche en cul-de-poule. Ils sont incapables, m\u00eame avec leurs enfants, de prononcer une seule phrase sur un ton naturel et non pinc\u00e9.<\/p>\n<p style=\"text-align: justify;\">Je reformule donc ma pique sous une forme politiquement correcte :<\/p>\n<blockquote>\n<p style=\"text-align: justify;\">Il est une mani\u00e8re hautaine, s\u00e8che et d\u00e9finitive de prof\u00e9rer des sottises sans nom qui n\u2019existe que parmi les Fran\u00e7ais instruits.<\/p>\n<\/blockquote>\n<p><\/p>\n<p style=\"text-align: justify;\">Autrement dit, tous les Fran\u00e7ais instruits ne sont pas des \u00e2nes, mais il est une forme d\u2019\u00e2nerie qu\u2019on ne rencontre que parmi les Fran\u00e7ais instruits, en particulier ceux form\u00e9s \u00e0 l\u2019ENA, mais pas seulement. Dans ma vie d\u2019\u00e9diteur et d\u2019\u00e9crivain, je suis amen\u00e9 \u00e0 rencontrer des gens de toutes sortes, mais cette ignorance arrogante et satisfaite de l\u2019\u00e9lite fran\u00e7aise continue \u00e0 me sid\u00e9rer. Comment, par exemple, des parlementaires fran\u00e7ais, voire un ex-pr\u00e9sident compromis, M. Sarkozy, peuvent-ils venir en Suisse <a href=\"https:\/\/leplus.nouvelobs.com\/contribution\/1214298-sarkozy-grande-gueule-en-suisse-un-cas-pathetique-d-arrogance-francaise.html\" target=\"_blank\">donner des le\u00e7ons de bonne gouvernance<\/a> \u00e0 la plus vieille d\u00e9mocratie du monde ?<\/p>\n<p style=\"text-align: justify;\">Pour comprendre cet obscurcissement de l\u2019esprit, il faut me semble-t-il remonter\u2026 aux Lumi\u00e8res ! Certes, les Fran\u00e7ais (instruits) ne manquaient pas de superbe d\u00e8s le temps de Montaigne et de Moli\u00e8re. Ils \u00e9taient avantageux \u2014 ils avaient de quoi ! \u2014 mais la philosophie des Lumi\u00e8res a transform\u00e9 ce trait de mentalit\u00e9 en maladie auto-immune. Ceci gr\u00e2ce au l\u00e9ger glissement s\u00e9mantique ins\u00e9r\u00e9 dans le raisonnement qui suit :<\/p>\n<blockquote>\n<p style=\"text-align: justify;\"><em>\u00ab Nous avons enseign\u00e9 au monde la Raison. Comment pourrions-nous avoir tort ? \u00bb<\/em><\/p>\n<\/blockquote>\n<p><\/p>\n<p style=\"text-align: justify;\">Les Lumi\u00e8res fran\u00e7aises n\u2019ont \u00e9videmment pas enseign\u00e9 au monde la Raison. Elles ont postul\u00e9 l\u2019absolue supr\u00e9matie de la Raison, ce qui est diff\u00e9rent. Il n\u2019est qu\u2019\u00e0 comparer la version fran\u00e7aise et la version allemande de ce m\u00eame mouvement d\u2019id\u00e9es pour voir combien le \u00ab rationalisme \u00bb fran\u00e7ais est une posture dogmatique, voire un lavage de cerveaux. Les disciples de Voltaire et Diderot se sont lanc\u00e9s dans la lutte contre l\u2019\u00ab obscurantisme \u00bb \u2014 religion, tradition, coutumes, irrationnel \u2014 avec la m\u00eame <em>furia francese<\/em> qui les rendait redoutables sur les champs de bataille. L\u2019aveuglement actuel de la classe instruite n\u2019est donc qu\u2019un \u00e9cho, fortement dilu\u00e9, d\u2019une terreur id\u00e9ologique qui est all\u00e9e jusqu\u2019au g\u00e9nocide.<\/p>\n<p style=\"text-align: justify;\">Et si les brahmanes fran\u00e7ais d\u2019aujourd\u2019hui ont tellement de mal \u00e0 situer leur juste place dans le monde, n\u2019est-ce pas parce qu\u2019hier encore ils pr\u00e9tendaient l\u2019avoir cr\u00e9\u00e9 \u00e0 partir de rien ?<\/p>\n<hr \/>\n<p style=\"text-align: justify;\"><em>Voir aussi, de Slobodan Despot, <a href=\"https:\/\/aitia.fr\/erd\/le-camion-blanc-slobodan-despot-arret-sur-info\/\" target=\"_blank\">cet autre article<\/a> sur l&#8217;attentat de Nice que j&#8217;avais repris d&#8217;Arr\u00eat sur Info.<\/em><\/p>\n\n<style type=\"text\/css\">\n<!--\n\n.prisna-gwt-align-left {\n\ttext-align: left !important;\n}\n.prisna-gwt-align-right {\n\ttext-align: right !important;\n}\n\n\n.prisna-gwt-flags-container {\n\tlist-style: none !important;\n\tmargin: 0 !important;\n\tpadding: 0 !important;\n\tborder: none !important;\n\tclear: both !important;\n}\n.prisna-gwt-flag-container {\n\tlist-style: none !important;\n\tdisplay: inline-block;\n\tmargin: 0 2px 0 0 !important;\n\tpadding: 0 !important;\n\tborder: none !important;\n}\n.prisna-gwt-flag-container a {\n\tdisplay: inline-block;\n\tmargin: 0 !important;\n\tpadding: 0 !important;\n\tborder: none !important;\n\tbackground-repeat: no-repeat !important;\n\tbackground-image: url(https:\/\/aitia.fr\/erd\/wp-content\/plugins\/google-website-translator\/images\/all.png) !important;\n\twidth: 22px !important;\n\theight: 16px !important;\n}\n.prisna-gwt-language-en a { background-position: 0px 0px !important; }\n.prisna-gwt-language-ar a { background-position: -44px -32px !important; }\n.prisna-gwt-language-eu a { background-position: -110px -32px !important; }\n.prisna-gwt-language-bg a { background-position: -198px -32px !important; }\n.prisna-gwt-language-ca a { background-position: 0px -48px !important; }\n.prisna-gwt-language-zh-CN a { background-position: -132px 0px !important; }\n.prisna-gwt-language-zh-TW a { background-position: -154px 0px !important; }\n.prisna-gwt-language-cs a { background-position: -88px -48px !important; }\n.prisna-gwt-language-da a { background-position: -110px -16px !important; }\n.prisna-gwt-language-nl a { background-position: -44px 0px !important; }\n.prisna-gwt-language-fr a { background-position: -22px 0px !important; }\n.prisna-gwt-language-de a { background-position: -88px 0px !important; }\n.prisna-gwt-language-el a { background-position: -66px 0px !important; }\n.prisna-gwt-language-ga a { background-position: -110px -64px !important; }\n.prisna-gwt-language-it a { background-position: -176px -16px !important; }\n.prisna-gwt-language-ja a { background-position: -198px -16px !important; }\n.prisna-gwt-language-km a { background-position: -154px -64px !important; }\n.prisna-gwt-language-ko a { background-position: -176px -64px !important; }\n.prisna-gwt-language-ms a { background-position: -88px -80px !important; }\n.prisna-gwt-language-no a { background-position: -88px -16px !important; }\n.prisna-gwt-language-fa a { background-position: 0px -96px !important; }\n.prisna-gwt-language-pl a { background-position: -176px 0px !important; }\n.prisna-gwt-language-pt a { background-position: -198px 0px !important; }\n.prisna-gwt-language-pa a { background-position: -22px -16px !important; }\n.prisna-gwt-language-ro a { background-position: -44px -16px !important; }\n.prisna-gwt-language-ru a { background-position: -66px -16px !important; }\n.prisna-gwt-language-sr a { background-position: -22px -96px !important; }\n.prisna-gwt-language-es a { background-position: -110px 0px !important; }\n.prisna-gwt-language-th a { background-position: 0px -16px !important; }\n.prisna-gwt-language-tr a { background-position: -154px -96px !important; }\n.prisna-gwt-language-uk a { background-position: -176px -96px !important; }\n.prisna-gwt-language-vi a { background-position: -22px -64px !important; }\n\n\n#goog-gt-tt,\n.goog-tooltip,\n.goog-tooltip:hover {\n\tdisplay: none !important;\n}\n.goog-text-highlight {\n\tbackground-color: transparent !important;\n\tborder: none !important;\n\tbox-shadow: none !important;\n}\n.translated-rtl font,\n.translated-ltr font {\n\tbackground-color: transparent !important;\n\tbox-shadow: none !important;\n\tbox-sizing: border-box !important;\n\t-webkit-box-sizing: border-box !important;\n\t-moz-box-sizing: border-box !important;\n}\n\n-->\n<\/style>\n\n\n\n<script type=\"text\/javascript\">\n\/*<![CDATA[*\/\nvar PrisnaGWT = {\n\n\t_fire_event: function(_element, _event) {\n\t\t\n\t\ttry {\n\t\t\tif (document.createEvent) {\n\t\t\t\tvar ev = document.createEvent(\"HTMLEvents\");\n\t\t\t\tev.initEvent(_event, true, true);\n\t\t\t\t_element.dispatchEvent(ev);\n\t\t\t} \n\t\t\telse {\n\t\t\t\tvar ev = document.createEventObject();\n\t\t\t\t_element.fireEvent(\"on\" + _event, ev);\n\t\t\t}\n\t\t} \n\t\tcatch (e) {\n\t\t\tconsole.log(\"Prisna GWT: Browser not supported!\");\n\t\t}\n\t\t\n\t},\n\n\t_restore: function() {\n\n\t\tvar b, d = false;\n\t\tvar c =  document.getElementById(\"\\:1\\.container\");\n\t\tif (c)\n\t\t\td = c.contentWindow.document.getElementById(\"\\:1\\.restore\");\n\t\t\n\t\tif (d)\n\t\t\tthis._fire_event(d, \"click\");\n\n\t},\n\t\n\ttranslate: function(_language) {\n\t\n\t\tvar element;\n\t\tvar combos = document.getElementsByTagName(\"select\"); \/\/ IE8 doesn't support getElementsByClassName\n\t\t\n\t\tfor (var i=0; i<combos.length; i++)\n\t\t\tif (combos[i].className == \"goog-te-combo\")\n\t\t\t\telement = combos[i];\n\t\t\n\t\tif (!element)\n\t\t\treturn;\n\t\t\n\t\tif (_language == \"fr\")\n\t\t\tthis._restore();\n\t\telse {\n\t\t\telement.value = _language;\n\t\t\tthis._fire_event(element, \"change\");\n\t\t}\n\n\t}\n\t\n};\n\/*]]>*\/\n<\/script>\n<ul class=\"prisna-gwt-flags-container prisna-gwt-align-right notranslate\">\n\t<li class=\"prisna-gwt-flag-container prisna-gwt-language-ar\">\n\t<a href=\"javascript:;\" onclick=\"PrisnaGWT.translate('ar'); return false;\" title=\"Arabic\"><\/a>\n<\/li><li class=\"prisna-gwt-flag-container prisna-gwt-language-zh-CN\">\n\t<a href=\"javascript:;\" onclick=\"PrisnaGWT.translate('zh-CN'); return false;\" title=\"Chinese Simplified\"><\/a>\n<\/li><li class=\"prisna-gwt-flag-container prisna-gwt-language-zh-TW\">\n\t<a href=\"javascript:;\" onclick=\"PrisnaGWT.translate('zh-TW'); return false;\" title=\"Chinese Traditional\"><\/a>\n<\/li><li class=\"prisna-gwt-flag-container prisna-gwt-language-nl\">\n\t<a href=\"javascript:;\" onclick=\"PrisnaGWT.translate('nl'); return false;\" title=\"Dutch\"><\/a>\n<\/li><li class=\"prisna-gwt-flag-container prisna-gwt-language-en\">\n\t<a href=\"javascript:;\" onclick=\"PrisnaGWT.translate('en'); return false;\" title=\"English\"><\/a>\n<\/li><li class=\"prisna-gwt-flag-container prisna-gwt-language-fr\">\n\t<a href=\"javascript:;\" onclick=\"PrisnaGWT.translate('fr'); return false;\" title=\"French\"><\/a>\n<\/li><li class=\"prisna-gwt-flag-container prisna-gwt-language-de\">\n\t<a href=\"javascript:;\" onclick=\"PrisnaGWT.translate('de'); return false;\" title=\"German\"><\/a>\n<\/li><li class=\"prisna-gwt-flag-container prisna-gwt-language-el\">\n\t<a href=\"javascript:;\" onclick=\"PrisnaGWT.translate('el'); return false;\" title=\"Greek\"><\/a>\n<\/li><li class=\"prisna-gwt-flag-container prisna-gwt-language-it\">\n\t<a href=\"javascript:;\" onclick=\"PrisnaGWT.translate('it'); return false;\" title=\"Italian\"><\/a>\n<\/li><li class=\"prisna-gwt-flag-container prisna-gwt-language-ja\">\n\t<a href=\"javascript:;\" onclick=\"PrisnaGWT.translate('ja'); return false;\" title=\"Japanese\"><\/a>\n<\/li><li class=\"prisna-gwt-flag-container prisna-gwt-language-ms\">\n\t<a href=\"javascript:;\" onclick=\"PrisnaGWT.translate('ms'); return false;\" title=\"Malay\"><\/a>\n<\/li><li class=\"prisna-gwt-flag-container prisna-gwt-language-fa\">\n\t<a href=\"javascript:;\" onclick=\"PrisnaGWT.translate('fa'); return false;\" title=\"Persian\"><\/a>\n<\/li><li class=\"prisna-gwt-flag-container prisna-gwt-language-pt\">\n\t<a href=\"javascript:;\" onclick=\"PrisnaGWT.translate('pt'); return false;\" title=\"Portuguese\"><\/a>\n<\/li><li class=\"prisna-gwt-flag-container prisna-gwt-language-ro\">\n\t<a href=\"javascript:;\" onclick=\"PrisnaGWT.translate('ro'); return false;\" title=\"Romanian\"><\/a>\n<\/li><li class=\"prisna-gwt-flag-container prisna-gwt-language-ru\">\n\t<a href=\"javascript:;\" onclick=\"PrisnaGWT.translate('ru'); return false;\" title=\"Russian\"><\/a>\n<\/li><li class=\"prisna-gwt-flag-container prisna-gwt-language-es\">\n\t<a href=\"javascript:;\" onclick=\"PrisnaGWT.translate('es'); return false;\" title=\"Spanish\"><\/a>\n<\/li><li class=\"prisna-gwt-flag-container prisna-gwt-language-uk\">\n\t<a href=\"javascript:;\" onclick=\"PrisnaGWT.translate('uk'); return false;\" title=\"Ukrainian\"><\/a>\n<\/li><li class=\"prisna-gwt-flag-container prisna-gwt-language-vi\">\n\t<a href=\"javascript:;\" onclick=\"PrisnaGWT.translate('vi'); return false;\" title=\"Vietnamese\"><\/a>\n<\/li><li class=\"prisna-gwt-flag-container prisna-gwt-language-cs\">\n\t<a href=\"javascript:;\" onclick=\"PrisnaGWT.translate('cs'); return false;\" title=\"Czech\"><\/a>\n<\/li><li class=\"prisna-gwt-flag-container prisna-gwt-language-eu\">\n\t<a href=\"javascript:;\" onclick=\"PrisnaGWT.translate('eu'); return false;\" title=\"Basque\"><\/a>\n<\/li><li class=\"prisna-gwt-flag-container prisna-gwt-language-bg\">\n\t<a href=\"javascript:;\" onclick=\"PrisnaGWT.translate('bg'); return false;\" title=\"Bulgarian\"><\/a>\n<\/li><li class=\"prisna-gwt-flag-container prisna-gwt-language-ca\">\n\t<a href=\"javascript:;\" onclick=\"PrisnaGWT.translate('ca'); return false;\" title=\"Catalan\"><\/a>\n<\/li><li class=\"prisna-gwt-flag-container prisna-gwt-language-da\">\n\t<a href=\"javascript:;\" onclick=\"PrisnaGWT.translate('da'); return false;\" title=\"Danish\"><\/a>\n<\/li><li class=\"prisna-gwt-flag-container prisna-gwt-language-ga\">\n\t<a href=\"javascript:;\" onclick=\"PrisnaGWT.translate('ga'); return false;\" title=\"Irish\"><\/a>\n<\/li><li class=\"prisna-gwt-flag-container prisna-gwt-language-ko\">\n\t<a href=\"javascript:;\" onclick=\"PrisnaGWT.translate('ko'); return false;\" title=\"Korean\"><\/a>\n<\/li><li class=\"prisna-gwt-flag-container prisna-gwt-language-km\">\n\t<a href=\"javascript:;\" onclick=\"PrisnaGWT.translate('km'); return false;\" title=\"Khmer\"><\/a>\n<\/li><li class=\"prisna-gwt-flag-container prisna-gwt-language-no\">\n\t<a href=\"javascript:;\" onclick=\"PrisnaGWT.translate('no'); return false;\" title=\"Norwegian\"><\/a>\n<\/li><li class=\"prisna-gwt-flag-container prisna-gwt-language-pl\">\n\t<a href=\"javascript:;\" onclick=\"PrisnaGWT.translate('pl'); return false;\" title=\"Polish\"><\/a>\n<\/li><li class=\"prisna-gwt-flag-container prisna-gwt-language-pa\">\n\t<a href=\"javascript:;\" onclick=\"PrisnaGWT.translate('pa'); return false;\" title=\"Punjabi\"><\/a>\n<\/li><li class=\"prisna-gwt-flag-container prisna-gwt-language-sr\">\n\t<a href=\"javascript:;\" onclick=\"PrisnaGWT.translate('sr'); return false;\" title=\"Serbian\"><\/a>\n<\/li><li class=\"prisna-gwt-flag-container prisna-gwt-language-th\">\n\t<a href=\"javascript:;\" onclick=\"PrisnaGWT.translate('th'); return false;\" title=\"Thai\"><\/a>\n<\/li><li class=\"prisna-gwt-flag-container prisna-gwt-language-tr\">\n\t<a href=\"javascript:;\" onclick=\"PrisnaGWT.translate('tr'); return false;\" title=\"Turkish\"><\/a>\n<\/li>\n<\/ul>\n\n<div id=\"google_translate_element\" class=\"prisna-gwt-align-right\"><\/div>\n<script type=\"text\/javascript\">\n\/*<![CDATA[*\/\nfunction initializeGoogleTranslateElement() {\n\tnew google.translate.TranslateElement({\n\t\tpageLanguage: \"fr\",\n\t\tautoDisplay: false,\n\t\tincludedLanguages: \"ar,eu,bg,ca,zh-CN,zh-TW,cs,da,nl,en,fr,de,el,ga,it,ja,km,ko,ms,no,fa,pl,pt,pa,ro,ru,sr,es,th,tr,uk,vi\"\n\t}, \"google_translate_element\");\n}\n\/*]]>*\/\n<\/script>\n<script type=\"text\/javascript\" src=\"\/\/translate.google.com\/translate_a\/element.js?cb=initializeGoogleTranslateElement\"><\/script>\n","protected":false},"excerpt":{"rendered":"<p>[Note de l&#8217;administrateur de ce blog : je reproduis ici une article d&#8217;Antipresse, une lettre d&#8217;information dominicale que je vous engage \u00e0 lire et \u00e0 soutenir, d\u00e9j\u00e0 en vous y abonnant. Ce qui suit est l&#8217;\u0153uvre de Slobodan Despot, un de ces &#8220;faux Fran\u00e7ais&#8221; plus fran\u00e7ais que les vrais et par cons\u00e9quent encore plus r\u00e9volt\u00e9 [&hellip;]<\/p>\n","protected":false},"author":1,"featured_media":0,"comment_status":"open","ping_status":"open","sticky":false,"template":"","format":"standard","meta":[],"categories":[134],"tags":[390,393,392,391],"_links":{"self":[{"href":"https:\/\/aitia.fr\/erd\/wp-json\/wp\/v2\/posts\/7099"}],"collection":[{"href":"https:\/\/aitia.fr\/erd\/wp-json\/wp\/v2\/posts"}],"about":[{"href":"https:\/\/aitia.fr\/erd\/wp-json\/wp\/v2\/types\/post"}],"author":[{"embeddable":true,"href":"https:\/\/aitia.fr\/erd\/wp-json\/wp\/v2\/users\/1"}],"replies":[{"embeddable":true,"href":"https:\/\/aitia.fr\/erd\/wp-json\/wp\/v2\/comments?post=7099"}],"version-history":[{"count":14,"href":"https:\/\/aitia.fr\/erd\/wp-json\/wp\/v2\/posts\/7099\/revisions"}],"predecessor-version":[{"id":7114,"href":"https:\/\/aitia.fr\/erd\/wp-json\/wp\/v2\/posts\/7099\/revisions\/7114"}],"wp:attachment":[{"href":"https:\/\/aitia.fr\/erd\/wp-json\/wp\/v2\/media?parent=7099"}],"wp:term":[{"taxonomy":"category","embeddable":true,"href":"https:\/\/aitia.fr\/erd\/wp-json\/wp\/v2\/categories?post=7099"},{"taxonomy":"post_tag","embeddable":true,"href":"https:\/\/aitia.fr\/erd\/wp-json\/wp\/v2\/tags?post=7099"}],"curies":[{"name":"wp","href":"https:\/\/api.w.org\/{rel}","templated":true}]}}