{"id":7077,"date":"2016-09-11T12:00:54","date_gmt":"2016-09-11T10:00:54","guid":{"rendered":"https:\/\/aitia.fr\/erd\/?p=7077"},"modified":"2016-09-11T12:05:22","modified_gmt":"2016-09-11T10:05:22","slug":"giulietto-chiesa-15e-anniversaire-des-attentats-il-fatto-quotidiano","status":"publish","type":"post","link":"https:\/\/aitia.fr\/erd\/giulietto-chiesa-15e-anniversaire-des-attentats-il-fatto-quotidiano\/","title":{"rendered":"Giulietto Chiesa : 15e anniversaire des attentats<br>(Il Fatto Quotidiano)"},"content":{"rendered":"<p style=\"text-align: justify;\"><a href=\"https:\/\/ilfattoquotidiano.fr\/giulietto-chiesa-15e-anniversaire-des-attentats\/\" target=\"_blank\"><img decoding=\"async\" loading=\"lazy\" class=\"alignleft wp-image-7079 size-full\" src=\"https:\/\/aitia.fr\/erd\/wp-content\/uploads\/2016\/09\/GiuliettoChiesa.jpg\" alt=\"giuliettochiesa\" width=\"275\" height=\"183\" \/><\/a><em>par Giulietto Chiesa &#8211; ao\u00fbt 2016<\/em><\/p>\n<p style=\"text-align: justify;\">Le 11 septembre prochain correspondra au 15e anniversaire du plus grand attentat terroriste de l\u2019Histoire. Des fleuves d\u2019encre ont coul\u00e9 depuis \u00e0 ce sujet : qui l\u2019a fait ? Quels objectifs politiques poursuivaient ses organisateurs ?<\/p>\n<p style=\"text-align: justify;\">Nous ne reprendrons pas cette discussion ici. L\u2019auteur de ces lignes a depuis toujours soutenu que les 19 &#8220;pirates de l\u2019air&#8221; emmen\u00e9s par Ben Laden n\u2019auraient en aucun cas pu r\u00e9aliser un tel plan. Il existe une foule de preuves montrant l\u2019implication dans cette op\u00e9ration de puissantes forces li\u00e9es \u00e0 diff\u00e9rents services secrets, \u00e0 commencer par certaines branches de la CIA et du FBI, de l\u2019ISI pakistanaise, des services secrets saoudiens et ceux, tr\u00e8s certainement impliqu\u00e9s, du Mossad isra\u00e9lien.<\/p>\n<p style=\"text-align: justify;\">Le travail de la &#8220;Commission sur le 11\/9&#8221; (aussi appel\u00e9 &#8220;version officielle&#8221;) ne r\u00e9siste pas \u00e0 une innombrable quantit\u00e9 d\u2019objections\u2026<span id=\"more-4527\"><\/span> faites par des chercheurs ou des journalistes ind\u00e9pendants dans le monde entier. Ceux que cela int\u00e9resse peuvent se r\u00e9f\u00e9rer au site <a href=\"https:\/\/www.consensus911.org\">www.consensus911.org<\/a> o\u00f9 un certain nombre de ces remarques et de ces incoh\u00e9rences ont \u00e9t\u00e9 rassembl\u00e9es ces derni\u00e8res ann\u00e9es par un groupe de sp\u00e9cialistes dont je fais \u00e9galement partie. La &#8220;Commission sur le 11\/9 &#8221; \u2013 comme nous l\u2019avons appris officiellement apr\u00e8s les r\u00e9v\u00e9lations de l\u2019ex-s\u00e9nateur d\u00e9mocrate Bob Graham (qui fut pr\u00e9sident de la Commission du Congr\u00e8s, la premi\u00e8re \u00e0 avoir enqu\u00eat\u00e9 sur les attentats du 11\/9) et de nombreux s\u00e9nateurs et d\u00e9put\u00e9s am\u00e9ricains \u2013 cette Commission donc, refusa d\u2019examiner des documents et des \u00e9l\u00e9ments de preuve concernant les myst\u00e9rieuses manoeuvres [militaires] qui pr\u00e9c\u00e9d\u00e8rent les attentats. Les 28 pages du premier rapport, r\u00e9cemment divulgu\u00e9es \u2013 apr\u00e8s \u00eatre rest\u00e9es au secret pendant 15 ans, nous apprennent sans aucun doute possible, documents \u00e0 l\u2019appui, que le gouvernement saoudien a aid\u00e9 et financ\u00e9 les &#8220;boucs \u00e9missaires&#8221; [les 19 pirates de l\u2019air \u2013 NdT] lors de leur installation aux \u00c9tats-Unis. Et ce seul fait (sans compter que le FBI et la CIA \u00e9taient \u2013 et tout cela est prouv\u00e9 \u2013 au courant de la pr\u00e9paration des attentats), montre que la Commission sur le 11\/9 a livr\u00e9 une version mensong\u00e8re de toute cette affaire, afin de couvrir les vrais responsables.<\/p>\n<p style=\"text-align: justify;\"><a href=\"https:\/\/ilfattoquotidiano.fr\/giulietto-chiesa-15e-anniversaire-des-attentats\/\" target=\"_blank\">Continuer la lecture sur Il Fatto Quotidiano \u27f6<\/a><\/p>\n","protected":false},"excerpt":{"rendered":"<p>par Giulietto Chiesa &#8211; ao\u00fbt 2016 Le 11 septembre prochain correspondra au 15e anniversaire du plus grand attentat terroriste de l\u2019Histoire. Des fleuves d\u2019encre ont coul\u00e9 depuis \u00e0 ce sujet : qui l\u2019a fait ? Quels objectifs politiques poursuivaient ses organisateurs ? Nous ne reprendrons pas cette discussion ici. L\u2019auteur de ces lignes a depuis [&hellip;]<\/p>\n","protected":false},"author":1,"featured_media":0,"comment_status":"open","ping_status":"open","sticky":false,"template":"","format":"standard","meta":[],"categories":[134,29],"tags":[78,155,48,385,71],"_links":{"self":[{"href":"https:\/\/aitia.fr\/erd\/wp-json\/wp\/v2\/posts\/7077"}],"collection":[{"href":"https:\/\/aitia.fr\/erd\/wp-json\/wp\/v2\/posts"}],"about":[{"href":"https:\/\/aitia.fr\/erd\/wp-json\/wp\/v2\/types\/post"}],"author":[{"embeddable":true,"href":"https:\/\/aitia.fr\/erd\/wp-json\/wp\/v2\/users\/1"}],"replies":[{"embeddable":true,"href":"https:\/\/aitia.fr\/erd\/wp-json\/wp\/v2\/comments?post=7077"}],"version-history":[{"count":5,"href":"https:\/\/aitia.fr\/erd\/wp-json\/wp\/v2\/posts\/7077\/revisions"}],"predecessor-version":[{"id":7084,"href":"https:\/\/aitia.fr\/erd\/wp-json\/wp\/v2\/posts\/7077\/revisions\/7084"}],"wp:attachment":[{"href":"https:\/\/aitia.fr\/erd\/wp-json\/wp\/v2\/media?parent=7077"}],"wp:term":[{"taxonomy":"category","embeddable":true,"href":"https:\/\/aitia.fr\/erd\/wp-json\/wp\/v2\/categories?post=7077"},{"taxonomy":"post_tag","embeddable":true,"href":"https:\/\/aitia.fr\/erd\/wp-json\/wp\/v2\/tags?post=7077"}],"curies":[{"name":"wp","href":"https:\/\/api.w.org\/{rel}","templated":true}]}}