{"id":6982,"date":"2016-09-05T21:49:12","date_gmt":"2016-09-05T19:49:12","guid":{"rendered":"https:\/\/aitia.fr\/erd\/?p=6982"},"modified":"2018-12-08T21:36:35","modified_gmt":"2018-12-08T20:36:35","slug":"kontre-kulture-musique-presente-stephane-blet-pianiste-et-compositeur-er","status":"publish","type":"post","link":"https:\/\/aitia.fr\/erd\/kontre-kulture-musique-presente-stephane-blet-pianiste-et-compositeur-er\/","title":{"rendered":"Kontre Kulture Musique pr\u00e9sente St\u00e9phane Blet, pianiste et compositeur (E&#038;R)"},"content":{"rendered":"<p style=\"text-align: justify;\">[<em>Note de l&#8217;administrateur de ce blog : en ce jour de rentr\u00e9e universitaire (et des conservatoires), ayons une pens\u00e9e pour <a href=\"https:\/\/web.archive.org\/web\/20181027233419\/https:\/\/www.sciencespo.fr\/ecole-doctorale\/fr\/content\/gilles-kepel-professeur-des-universites-sciences-po\" target=\"_blank\">Gilles Kepel<\/a>, faux intellectuel au CV long comme un convoi de Toyotas daechiennes, qui passera dans l&#8217;Histoire comme l&#8217;homme s&#8217;\u00e9tant ridiculis\u00e9 en trouvant une <a href=\"https:\/\/www.egaliteetreconciliation.fr\/Gilles-Kepel-continue-d-amalgamer-Alain-Soral-et-Daech-37478.html\" target=\"_blank\">&#8220;congruence&#8221;<\/a> (<a href=\"https:\/\/fr.wikipedia.org\/wiki\/Congruence#Math.C3.A9matiques\" target=\"_blank\">notion de math\u00e9matiques<\/a> simple mais mot qui fait riche chez les non-scientifiques, comme les citations latines ou mieux, grecques) entre Dieudonn\u00e9 et Soral d&#8217;une part, et l&#8217;\u00c9tat &#8220;Islamique&#8221; d&#8217;autre part.<\/em><\/p>\n<p style=\"text-align: justify;\"><em>Alors, M. Kepel, pouvez-vous montrer la congruence qui existe entre le talent de St\u00e9phane Blet, grand sympathisant de la &#8220;fachosph\u00e8re&#8221; (selon vous) dieudonno-soralienne, et le faux nez de l&#8217;imp\u00e9rialisme <a href=\"https:\/\/aitia.fr\/erd\/documents-recemment-declassifies-du-gouvernement-des-usa-loccident-a-favorise-la-creation-de-letat-islamique\/\" target=\"_blank\">am\u00e9ricano<\/a>&#8211;<a href=\"https:\/\/aitia.fr\/erd\/revelations-le-general-israelien-fait-prisonnier-en-irak-reconnait-une-coalition-israel-isis\/\" target=\"_blank\">sioniste<\/a> que constitue <a href=\"https:\/\/aitia.fr\/erd\/mais-qui-a-donc-cree-al-qaeda-et-daesh-upr\/\" target=\"_blank\">Daech<\/a> \/ <a href=\"https:\/\/aitia.fr\/erd\/pourquoi-isis-tourne-t-il-ses-videos-en-studio\/\" target=\"_blank\">ISIS<\/a> \/ l&#8217;<a href=\"https:\/\/aitia.fr\/erd\/rappel-les-musulmans-combattent-letat-islamique\/\" target=\"_blank\">\u00c9tat &#8220;Islamique&#8221;<\/a> (pardon si j&#8217;oublie d&#8217;autres d\u00e9nominations enregistr\u00e9es \u00e0 l&#8217;INPI) ?<\/em>]<\/p>\n<p style=\"text-align: justify;\">(Source : <a href=\"https:\/\/www.egaliteetreconciliation.fr\/Kontre-Kulture-Musique-presente-Stephane-Blet-pianiste-et-compositeur-41070.html\" target=\"_blank\">\u00c9galit\u00e9 &amp; R\u00e9conciliation<\/a>, 26 ao\u00fbt 2016)<\/p>\n<p style=\"text-align: justify;\"><strong>Pianiste virtuose, le compositeur et interpr\u00e8te St\u00e9phane Blet pr\u00e9sente son parcours et ses r\u00e9f\u00e9rences, ainsi que son album <i>Figure libre<\/i> paru chez Kontre Kulture Musique.<\/strong><\/p>\n<p style=\"text-align: center;\"><iframe loading=\"lazy\" src=\"https:\/\/www.youtube.com\/embed\/x4EkpEOztUU\" width=\"640\" height=\"360\" frameborder=\"0\" allowfullscreen=\"allowfullscreen\"><\/iframe><\/p>\n<h3 class=\"spip\" style=\"text-align: center;\">Se procurer l\u2019album de St\u00e9phane Blet<br \/>\n<a href=\"https:\/\/www.kontrekulture.com\/categorie\/904\/Collectors\/Kontre%20Kulture%20Musique\" target=\"_blank\">chez Kontre Kulture Musique<\/a><\/h3>\n<div id=\"produits_en_vente\">\n<div class=\"renvoi_produit \" style=\"text-align: center;\"><a href=\"https:\/\/www.kontrekulture.com\/produit\/figure-libre\" target=\"_blank\"> <img decoding=\"async\" src=\"https:\/\/www.kontrekulture.com\/sites\/default\/files\/styles\/750x600_colorbox\/public\/images\/album\/stephane_blet.png?itok=5QEu0kos\" \/><\/a><\/div>\n<\/div>\n","protected":false},"excerpt":{"rendered":"<p>[Note de l&#8217;administrateur de ce blog : en ce jour de rentr\u00e9e universitaire (et des conservatoires), ayons une pens\u00e9e pour Gilles Kepel, faux intellectuel au CV long comme un convoi de Toyotas daechiennes, qui passera dans l&#8217;Histoire comme l&#8217;homme s&#8217;\u00e9tant ridiculis\u00e9 en trouvant une &#8220;congruence&#8221; (notion de math\u00e9matiques simple mais mot qui fait riche chez [&hellip;]<\/p>\n","protected":false},"author":1,"featured_media":0,"comment_status":"open","ping_status":"open","sticky":false,"template":"","format":"standard","meta":[],"categories":[134,133,5],"tags":[379,380,378,377],"_links":{"self":[{"href":"https:\/\/aitia.fr\/erd\/wp-json\/wp\/v2\/posts\/6982"}],"collection":[{"href":"https:\/\/aitia.fr\/erd\/wp-json\/wp\/v2\/posts"}],"about":[{"href":"https:\/\/aitia.fr\/erd\/wp-json\/wp\/v2\/types\/post"}],"author":[{"embeddable":true,"href":"https:\/\/aitia.fr\/erd\/wp-json\/wp\/v2\/users\/1"}],"replies":[{"embeddable":true,"href":"https:\/\/aitia.fr\/erd\/wp-json\/wp\/v2\/comments?post=6982"}],"version-history":[{"count":6,"href":"https:\/\/aitia.fr\/erd\/wp-json\/wp\/v2\/posts\/6982\/revisions"}],"predecessor-version":[{"id":11780,"href":"https:\/\/aitia.fr\/erd\/wp-json\/wp\/v2\/posts\/6982\/revisions\/11780"}],"wp:attachment":[{"href":"https:\/\/aitia.fr\/erd\/wp-json\/wp\/v2\/media?parent=6982"}],"wp:term":[{"taxonomy":"category","embeddable":true,"href":"https:\/\/aitia.fr\/erd\/wp-json\/wp\/v2\/categories?post=6982"},{"taxonomy":"post_tag","embeddable":true,"href":"https:\/\/aitia.fr\/erd\/wp-json\/wp\/v2\/tags?post=6982"}],"curies":[{"name":"wp","href":"https:\/\/api.w.org\/{rel}","templated":true}]}}