{"id":6879,"date":"2016-07-22T08:38:19","date_gmt":"2016-07-22T06:38:19","guid":{"rendered":"https:\/\/aitia.fr\/erd\/?p=6879"},"modified":"2016-07-22T08:38:19","modified_gmt":"2016-07-22T06:38:19","slug":"attentat-de-nice-la-justice-demande-a-la-mairie-de-supprimer-24-heures-de-bandes-de-videosurveillance-upr","status":"publish","type":"post","link":"https:\/\/aitia.fr\/erd\/attentat-de-nice-la-justice-demande-a-la-mairie-de-supprimer-24-heures-de-bandes-de-videosurveillance-upr\/","title":{"rendered":"Attentat de Nice : la justice demande \u00e0 la mairie de supprimer 24 heures de bandes de vid\u00e9osurveillance (UPR)"},"content":{"rendered":"<p style=\"text-align: justify;\"><strong><img decoding=\"async\" loading=\"lazy\" class=\"alignleft wp-image-6880\" src=\"https:\/\/aitia.fr\/erd\/wp-content\/uploads\/2016\/07\/Une-camera-de-surveillance-sur-le-front-de-mer-a-Nice.jpg\" alt=\"Une-camera-de-surveillance-sur-le-front-de-mer-a-Nice\" width=\"450\" height=\"253\" srcset=\"https:\/\/aitia.fr\/erd\/wp-content\/uploads\/2016\/07\/Une-camera-de-surveillance-sur-le-front-de-mer-a-Nice.jpg 805w, https:\/\/aitia.fr\/erd\/wp-content\/uploads\/2016\/07\/Une-camera-de-surveillance-sur-le-front-de-mer-a-Nice-300x169.jpg 300w, https:\/\/aitia.fr\/erd\/wp-content\/uploads\/2016\/07\/Une-camera-de-surveillance-sur-le-front-de-mer-a-Nice-768x432.jpg 768w, https:\/\/aitia.fr\/erd\/wp-content\/uploads\/2016\/07\/Une-camera-de-surveillance-sur-le-front-de-mer-a-Nice-600x338.jpg 600w\" sizes=\"(max-width: 450px) 100vw, 450px\" \/><\/strong>[<em>Note de l&#8217;administrateur de ce blog : la Haute Trahison, en direct, en couleurs et en Cin\u00e9mascope\u00ae.<\/em>]<\/p>\n<p style=\"text-align: justify;\"><strong>La justice demande l\u2019effacement de tous les enregistrements des 6 cam\u00e9ras de surveillance de la promenade des Anglais le soir de la tuerie de Nice.<\/strong><\/p>\n<p style=\"text-align: justify;\"><a href=\"https:\/\/www.lefigaro.fr\/actualite-france\/2016\/07\/21\/01016-20160721ARTFIG00225-attentat-de-nice-quand-la-justice-demande-a-la-mairie-de-detruire-24-heures-d-images.php\" target=\"_blank\">Une r\u00e9quisition judiciaire urgente<\/a> a \u00e9t\u00e9 envoy\u00e9e au centre de supervision urbain de Nice le mercredi 20 juillet et a \u00e9t\u00e9 re\u00e7ue ce 21 juillet 2016.<\/p>\n<p style=\"text-align: justify;\">Par cette r\u00e9quisition judiciaire, la sous-direction antiterroriste (SDAT) du minist\u00e8re de l\u2019int\u00e9rieur demande aux agents qui g\u00e8rent la vid\u00e9osurveillance de la ville de \u00ab PROC\u00c9DER \u00c0 L\u2019EFFACEMENT COMPLET \u00bb de 24 heures d\u2019images provenant de six cam\u00e9ras nomm\u00e9es et num\u00e9rot\u00e9es, mais aussi de toutes les sc\u00e8nes depuis le d\u00e9but de l\u2019attentat ayant eu lieu sur la promenade des Anglais, dans la nuit du 14 juillet.<\/p>\n<p style=\"text-align: justify;\">Cette demande est tellement inhabituelle que la mairie de Nice a transmis le scan au Figaro qui r\u00e9v\u00e8le cette nouvelle affaire.<\/p>\n<p style=\"text-align: justify;\"><img decoding=\"async\" loading=\"lazy\" class=\"aligncenter wp-image-6881 size-full\" src=\"https:\/\/aitia.fr\/erd\/wp-content\/uploads\/2016\/07\/requisition-judiciaire-nice.png\" alt=\"requisition-judiciaire-nice\" width=\"547\" height=\"466\" srcset=\"https:\/\/aitia.fr\/erd\/wp-content\/uploads\/2016\/07\/requisition-judiciaire-nice.png 547w, https:\/\/aitia.fr\/erd\/wp-content\/uploads\/2016\/07\/requisition-judiciaire-nice-300x256.png 300w\" sizes=\"(max-width: 547px) 100vw, 547px\" \/><\/p>\n<p style=\"text-align: justify;\">Comme le rapporte le journal, <em>\u00ab C\u2019est la premi\u00e8re fois que l\u2019on nous demande de d\u00e9truire des preuves, pr\u00e9cise une source proche du dossier.\u00bb<\/em><\/p>\n<p style=\"text-align: justify;\"><a href=\"https:\/\/www.upr.fr\/actualite\/monde\/attentat-de-nice-justice-demande-a-mairie-de-supprimer-24-heures-de-bandes-de-videosurveillance\" target=\"_blank\">Continuer la lecture sur le site de l&#8217;Union Populaire R\u00e9publicaine \u27f6<\/a><\/p>\n<p>Voir \u00e9galement, sur le site de l&#8217;UPR :<\/p>\n<p><a title=\"Permalink to La ville de Nice refuse d\u2019effacer les images de vid\u00e9osurveillance du 14 juillet et demande leur mise sous s\u00e9questre\" href=\"https:\/\/www.upr.fr\/actualite\/france\/ville-de-nice-refuse-deffacer-images-de-videosurveillance-14-juillet-demande-mise-sequestre\" target=\"_blank\" rel=\"bookmark\">La ville de Nice refuse d\u2019effacer les images de vid\u00e9osurveillance du 14 juillet et demande leur mise sous s\u00e9questre<\/a><\/p>\n","protected":false},"excerpt":{"rendered":"<p>[Note de l&#8217;administrateur de ce blog : la Haute Trahison, en direct, en couleurs et en Cin\u00e9mascope\u00ae.] La justice demande l\u2019effacement de tous les enregistrements des 6 cam\u00e9ras de surveillance de la promenade des Anglais le soir de la tuerie de Nice. Une r\u00e9quisition judiciaire urgente a \u00e9t\u00e9 envoy\u00e9e au centre de supervision urbain de [&hellip;]<\/p>\n","protected":false},"author":1,"featured_media":0,"comment_status":"open","ping_status":"open","sticky":false,"template":"","format":"standard","meta":[],"categories":[4,134],"tags":[371,370,369,365,71],"_links":{"self":[{"href":"https:\/\/aitia.fr\/erd\/wp-json\/wp\/v2\/posts\/6879"}],"collection":[{"href":"https:\/\/aitia.fr\/erd\/wp-json\/wp\/v2\/posts"}],"about":[{"href":"https:\/\/aitia.fr\/erd\/wp-json\/wp\/v2\/types\/post"}],"author":[{"embeddable":true,"href":"https:\/\/aitia.fr\/erd\/wp-json\/wp\/v2\/users\/1"}],"replies":[{"embeddable":true,"href":"https:\/\/aitia.fr\/erd\/wp-json\/wp\/v2\/comments?post=6879"}],"version-history":[{"count":3,"href":"https:\/\/aitia.fr\/erd\/wp-json\/wp\/v2\/posts\/6879\/revisions"}],"predecessor-version":[{"id":6884,"href":"https:\/\/aitia.fr\/erd\/wp-json\/wp\/v2\/posts\/6879\/revisions\/6884"}],"wp:attachment":[{"href":"https:\/\/aitia.fr\/erd\/wp-json\/wp\/v2\/media?parent=6879"}],"wp:term":[{"taxonomy":"category","embeddable":true,"href":"https:\/\/aitia.fr\/erd\/wp-json\/wp\/v2\/categories?post=6879"},{"taxonomy":"post_tag","embeddable":true,"href":"https:\/\/aitia.fr\/erd\/wp-json\/wp\/v2\/tags?post=6879"}],"curies":[{"name":"wp","href":"https:\/\/api.w.org\/{rel}","templated":true}]}}