{"id":6842,"date":"2016-07-20T21:28:09","date_gmt":"2016-07-20T19:28:09","guid":{"rendered":"https:\/\/aitia.fr\/erd\/?p=6842"},"modified":"2018-12-08T21:36:56","modified_gmt":"2018-12-08T20:36:56","slug":"le-camion-blanc-slobodan-despot-arret-sur-info","status":"publish","type":"post","link":"https:\/\/aitia.fr\/erd\/le-camion-blanc-slobodan-despot-arret-sur-info\/","title":{"rendered":"Le camion blanc (Slobodan Despot &#8211; Arr\u00eat sur Info)"},"content":{"rendered":"<p style=\"text-align: justify;\"><img decoding=\"async\" loading=\"lazy\" class=\"alignleft wp-image-6844\" src=\"https:\/\/aitia.fr\/erd\/wp-content\/uploads\/2016\/07\/france-camion-r.jpg\" alt=\"france-camion-r\" width=\"400\" height=\"300\" srcset=\"https:\/\/aitia.fr\/erd\/wp-content\/uploads\/2016\/07\/france-camion-r.jpg 600w, https:\/\/aitia.fr\/erd\/wp-content\/uploads\/2016\/07\/france-camion-r-300x225.jpg 300w\" sizes=\"(max-width: 400px) 100vw, 400px\" \/>[<em>Note de l&#8217;administrateur de ce blog : depuis le 11 septembre 2001 et la pr\u00e9tendue &#8220;guerre contre le terrorisme&#8221;, les sc\u00e9narii les plus invraisemblables se succ\u00e8dent, preuve que Hollywood n&#8217;est plus ce qu&#8217;il \u00e9tait. Apr\u00e8s les pilotes kamikazes <a href=\"https:\/\/www.youtube.com\/watch?v=d3WjodA4-ow\" target=\"_blank\">retrouv\u00e9s vivants<\/a>, les fr\u00e8res ou s\u0153urs de d\u00e9capit\u00e9s <a href=\"https:\/\/aitia.fr\/erd\/pourquoi-isis-tourne-t-il-ses-videos-en-studio\/\" target=\"_blank\">baignant dans l&#8217;all\u00e9gresse<\/a> et les &#8220;islamistes&#8221; amateurs de filles faciles, de drogue et d&#8217;alcool, on a maintenant la &#8220;radicalisation expresse&#8221; (plus rapide que le d\u00e9veloppement d&#8217;un Polaro\u00efd\u00ae) d&#8217;un jeune camionneur <a href=\"https:\/\/www.dailymail.co.uk\/news\/article-3693227\/Brother-reveals-violent-drug-crazed-ISIS-soldier-Mohamed-Lahouaiej-Bouhlel-smuggled-84-000-family-Tunisia-DAYS-murdering-84-Nice.html\" target=\"_blank\">envoyant 100 000 euros<\/a> \u00e0 sa famille tunisienne quelques jours avant son massacre, <a href=\"https:\/\/francais.rt.com\/france\/23978-attentat-nice--profil-mohamed\" target=\"_blank\">t\u00e9l\u00e9phonant joyeusement<\/a> \u00e0 son fr\u00e8re quelques heures avant l&#8217;attentat, et r\u00e9ussissant \u00e0 passer tous les contr\u00f4les de police au volant d&#8217;un gros poids-lourd blanc dans la ville la plus vid\u00e9osurveill\u00e9e de France, sur une des avenues les plus c\u00e9l\u00e8bres et contr\u00f4l\u00e9es du monde, b\u00e9n\u00e9ficiant de surcro\u00eet d&#8217;un c\u00f4t\u00e9 naturellement prot\u00e9g\u00e9 : la mer.<\/em><\/p>\n<p style=\"text-align: justify;\"><em>Mais apr\u00e8s tout, si la version mass-m\u00e9diatique du 11-Septembre a march\u00e9, pourquoi se g\u00eaner \u00e0 inventer des histoires cr\u00e9dibles ?<\/em><\/p>\n<p style=\"text-align: justify;\"><em>Sur l&#8217;\u00c9tat Islamique, cet invraisemblable (et mal nomm\u00e9) &#8220;groupe terroriste&#8221; disposant de plus de chars d&#8217;assaut que la France, on pourra aussi \u00e9couter avec int\u00e9r\u00eat <a href=\"https:\/\/www.youtube.com\/watch?v=XaKYNmk06hA\" target=\"_blank\">l&#8217;intervention<\/a> du <a href=\"https:\/\/www.xavier-raufer.com\/site\/-Accueil-\" target=\"_blank\">criminologue Xavier Raufer<\/a>, qui le qualifie comme il devrait l&#8217;\u00eatre d&#8217;arm\u00e9e de mercenaires&#8230; dont il reste \u00e0 d\u00e9terminer pour le compte de qui elle travaille (m\u00eame si on commence \u00e0 avoir <a href=\"https:\/\/web.archive.org\/web\/20160301085631\/https:\/\/www.agenceinfolibre.fr:80\/info\/moshe-yaalon-il-vaut-mieux-pour-israel-que-la-syrie-tombe-aux-mains-de-daech\/\" target=\"_blank\">quelques vagues id\u00e9es<\/a>).<\/em>]<\/p>\n<hr \/>\n<p style=\"text-align: justify;\"><em>Par <a href=\"https:\/\/web.archive.org\/web\/20180116075550\/https:\/\/antipresse.net:80\/index.html\" target=\"_blank\">Slobodan Despot<\/a>, le 17 juillet 2016<\/em><\/p>\n<p style=\"text-align: justify;\">A 3 h 52 du matin, le 15 juillet, le pr\u00e9sident de la R\u00e9publique fran\u00e7aise publiait via son compte Twitter un message pr\u00e9visible, mais \u00e0 tout prendre stup\u00e9fiant\u2009:<\/p>\n<blockquote><p><a href=\"https:\/\/antipresse.us1.list-manage1.com\/track\/click?u=2629b793135807a38735c3ef1&amp;id=c710bb7cf4&amp;e=b80f9f135a\"><em>\u00ab\u00a0Nous allons intensifier nos frappes en Syrie et en Irak. Nous continuerons de frapper ceux qui nous menacent.\u00a0\u00bb<\/em> #Nice<\/a> (15.07.16 03:52)<\/p><\/blockquote>\n<p><\/p>\n<p style=\"text-align: justify;\">Que signifie cette prise de position\u2009?<\/p>\n<ol>\n<li style=\"text-align: justify;\">Que l\u2019\u00c9lys\u00e9e, quelques heures \u00e0 peine apr\u00e8s l\u2019attentat, sait d\u00e9j\u00e0 tout \u2014 ou pr\u00e9tend d\u00e9j\u00e0 tout savoir \u2014 des mobiles, des soutiens et des r\u00e9seaux de l\u2019homme qui a commis l\u2019attentat de Nice (identifi\u00e9 comme un Tunisien r\u00e9sidant en France).<\/li>\n<p><\/p>\n<li style=\"text-align: justify;\">Que l\u2019\u00c9lys\u00e9e \u00e9tablit un lien direct entre cette trag\u00e9die et l\u2019Etat islamique (puisque c\u2019est officiellement l\u2019EI que visent les \u00ab\u2009frappes\u2009\u00bb de l\u2019aviation fran\u00e7aise en Irak et en Syrie).<\/li>\n<p><\/p>\n<li style=\"text-align: justify;\">Que l\u2019\u00c9lys\u00e9e pense (ou semble implicitement penser) qu\u2019en \u00ab\u2009intensifiant les frappes\u2009\u00bb contre l\u2019EI on pourra rem\u00e9dier au probl\u00e8me des tueries de masses en France, assimil\u00e9es \u00e0 du terrorisme islamique li\u00e9 au courant salafiste.<\/li>\n<\/ol>\n<p style=\"text-align: justify;\">Ce simple tweet v\u00e9hicule une telle charge de contradiction, d\u2019ineptie et de scandale qu\u2019on se prend \u00e0 trembler pour peu qu\u2019on r\u00e9fl\u00e9chisse \u00e0 ses implications.<\/p>\n<p><strong>Mais o\u00f9 est pass\u00e9 Padamalgam\u2009?<\/strong><\/p>\n<p style=\"text-align: justify;\">Comment peut-on savoir d\u2019embl\u00e9e qu\u2019un tueur de masse est un agent de l\u2019Etat islamique, alors qu\u2019il n\u2019\u00e9tait m\u00eame pas fich\u00e9 \u00ab\u2009S\u2009\u00bb par les renseignements et qu\u2019aucun \u00e9l\u00e9ment connu de sa vie ant\u00e9rieure ne parlait en faveur d\u2019un tel ralliement\u2009?<\/p>\n<p style=\"text-align: justify;\">O\u00f9 est pass\u00e9e la prudence scrupuleuse que les pouvoirs politiques et m\u00e9diatiques imposent \u00e0 leurs opposants et \u00e0 la population sous le slogan Padamalgam\u2009? Au nom de quoi la Pr\u00e9sidence fran\u00e7aise a-t-elle \u00e9vacu\u00e9 a priori l\u2019hypoth\u00e8se du fait divers violent mais apolitique\u2009? Apr\u00e8s tout, n\u2019a-t-on pas relev\u00e9, dans les premiers commentaires, que Mohammed Laouej Bouhlel \u00e9tait un voyou violent et qu\u2019il avait des probl\u00e8mes familiaux\u2009? Apr\u00e8s une telle prise de position du sommet de l\u2019Etat, quel juge, quel policier, quel profiler oserait affirmer que le geste de Bouhlel n\u2019\u00e9tait pas motiv\u00e9 par le fanatisme islamique\u2009? Et si d\u2019aventure il l\u2019affirmait, comment les m\u00e9dias traiteraient-ils cette voix dissonante\u2009?<\/p>\n<p style=\"text-align: justify;\"><a href=\"https:\/\/arretsurinfo.ch\/le-camion-blanc\/\" target=\"_blank\">Continuer la lecture sur Arr\u00eat sur Info \u27f6<\/a><\/p>\n","protected":false},"excerpt":{"rendered":"<p>[Note de l&#8217;administrateur de ce blog : depuis le 11 septembre 2001 et la pr\u00e9tendue &#8220;guerre contre le terrorisme&#8221;, les sc\u00e9narii les plus invraisemblables se succ\u00e8dent, preuve que Hollywood n&#8217;est plus ce qu&#8217;il \u00e9tait. Apr\u00e8s les pilotes kamikazes retrouv\u00e9s vivants, les fr\u00e8res ou s\u0153urs de d\u00e9capit\u00e9s baignant dans l&#8217;all\u00e9gresse et les &#8220;islamistes&#8221; amateurs de filles [&hellip;]<\/p>\n","protected":false},"author":1,"featured_media":0,"comment_status":"open","ping_status":"open","sticky":false,"template":"","format":"standard","meta":[],"categories":[4,134,29],"tags":[366,112,187,48,365,71],"_links":{"self":[{"href":"https:\/\/aitia.fr\/erd\/wp-json\/wp\/v2\/posts\/6842"}],"collection":[{"href":"https:\/\/aitia.fr\/erd\/wp-json\/wp\/v2\/posts"}],"about":[{"href":"https:\/\/aitia.fr\/erd\/wp-json\/wp\/v2\/types\/post"}],"author":[{"embeddable":true,"href":"https:\/\/aitia.fr\/erd\/wp-json\/wp\/v2\/users\/1"}],"replies":[{"embeddable":true,"href":"https:\/\/aitia.fr\/erd\/wp-json\/wp\/v2\/comments?post=6842"}],"version-history":[{"count":19,"href":"https:\/\/aitia.fr\/erd\/wp-json\/wp\/v2\/posts\/6842\/revisions"}],"predecessor-version":[{"id":11782,"href":"https:\/\/aitia.fr\/erd\/wp-json\/wp\/v2\/posts\/6842\/revisions\/11782"}],"wp:attachment":[{"href":"https:\/\/aitia.fr\/erd\/wp-json\/wp\/v2\/media?parent=6842"}],"wp:term":[{"taxonomy":"category","embeddable":true,"href":"https:\/\/aitia.fr\/erd\/wp-json\/wp\/v2\/categories?post=6842"},{"taxonomy":"post_tag","embeddable":true,"href":"https:\/\/aitia.fr\/erd\/wp-json\/wp\/v2\/tags?post=6842"}],"curies":[{"name":"wp","href":"https:\/\/api.w.org\/{rel}","templated":true}]}}