{"id":6807,"date":"2016-07-07T14:33:34","date_gmt":"2016-07-07T12:33:34","guid":{"rendered":"https:\/\/aitia.fr\/erd\/?p=6807"},"modified":"2016-07-07T14:33:34","modified_gmt":"2016-07-07T12:33:34","slug":"sapir-onfray-chevenement-tigres-de-papier-du-souverainisme-arret-sur-info","status":"publish","type":"post","link":"https:\/\/aitia.fr\/erd\/sapir-onfray-chevenement-tigres-de-papier-du-souverainisme-arret-sur-info\/","title":{"rendered":"Sapir, Onfray, Chev\u00e8nement, tigres de papier du souverainisme (Arr\u00eat sur Info)"},"content":{"rendered":"<p style=\"text-align: justify;\"><img decoding=\"async\" loading=\"lazy\" class=\"alignleft wp-image-6809\" src=\"https:\/\/aitia.fr\/erd\/wp-content\/uploads\/2016\/07\/frexit-2.jpg\" alt=\"frexit-2\" width=\"450\" height=\"253\" srcset=\"https:\/\/aitia.fr\/erd\/wp-content\/uploads\/2016\/07\/frexit-2.jpg 805w, https:\/\/aitia.fr\/erd\/wp-content\/uploads\/2016\/07\/frexit-2-300x169.jpg 300w, https:\/\/aitia.fr\/erd\/wp-content\/uploads\/2016\/07\/frexit-2-768x432.jpg 768w, https:\/\/aitia.fr\/erd\/wp-content\/uploads\/2016\/07\/frexit-2-600x338.jpg 600w\" sizes=\"(max-width: 450px) 100vw, 450px\" \/>[<em>Note de l&#8217;administrateur de ce blog : c&#8217;est l&#8217;\u00e9ternelle histoire des bourgeois dont l&#8217;intellect se fige d\u00e8s que son fonctionnement sape les bases de leur bourgeoisie. La rigueur intellectuelle des personnes en question, leur aptitude \u00e0 pousser un raisonnement jusqu&#8217;au bout, peut \u00eatre test\u00e9e au moyen d&#8217;une question tr\u00e8s simple : qu&#8217;ont-ils dit lorsque le lobby sioniste, aid\u00e9 par tous ses collabos, a mont\u00e9 une cabale haineuse d&#8217;envergure internationale envers l&#8217;humoriste Dieudonn\u00e9, en l&#8217;accusant notamment d&#8217;antis\u00e9mitisme ? Ont-ils utilis\u00e9 leur position m\u00e9diatique pour conseiller \u00e0 chacun de visionner le film <a href=\"https:\/\/aitia.fr\/erd\/lantisemite\/\" target=\"_blank\">l&#8217;Antis\u00e9mite<\/a>, qui r\u00e9duit \u00e0 n\u00e9ant ces accusations ? Ont-ils fait remarquer que, ind\u00e9pendamment du jugement qu&#8217;on peut porter sur cette \u0153uvre cin\u00e9matographique (par nature subjectif, comme pour tout travail artistique), accuser Dieudonn\u00e9 de promouvoir l&#8217;antis\u00e9mitisme dans ce film est aussi absurde qu&#8217;accuser Chaplin d&#8217;avoir promu la dictature nazie dans son film <a href=\"https:\/\/fr.wikipedia.org\/wiki\/Le_Dictateur\" target=\"_blank\">Le Dictateur<\/a> ?<\/em>]<\/p>\n<blockquote>\n<p style=\"text-align: justify;\">Par <a href=\"https:\/\/arretsurinfo.ch\/authors\/bruno-guigue\/\" target=\"_blank\">Bruno Guigue<\/a> le 1<sup>er<\/sup> juillet 2016<\/p>\n<\/blockquote>\n<p><\/p>\n<p style=\"text-align: justify;\">\u00ab <a href=\"https:\/\/www.lefigaro.fr\/vox\/monde\/2016\/06\/30\/31002-20160630ARTFIG00290-brexit-vingt-intellectuels-eurocritiques-lancent-un-appel-pour-un-nouveau-traite.php\">Brexit: vingt intellectuels eurocritiques lancent un appel pour un nouveau trait\u00e9<\/a>\u00a0\u00bb(*), tel est le titre d\u2019une tribune publi\u00e9e par \u00ab Le Figaro \u00bb du 30 juin. Ce texte sign\u00e9 par Jacques Sapir, Michel Onfray et Jean-Pierre Chev\u00e8nement rend un hommage appuy\u00e9 au \u00ab peuple britannique \u00bb qui a \u00ab exprim\u00e9 souverainement sa volont\u00e9 de rester ma\u00eetre des d\u00e9cisions qui le concernent. \u00bb Car \u00ab ce vote courageux et massif \u00bb est \u00ab une claque pour la d\u00e9rive technocratique dans laquelle l\u2019Union europ\u00e9enne actuelle s\u2019est laiss\u00e9 enfermer \u00bb. Et \u00ab tout montre que dans la plupart des pays europ\u00e9ens, les citoyens n\u2019acceptent plus d\u2019\u00eatre gouvern\u00e9s par des instances non \u00e9lues, fonctionnant en toute opacit\u00e9 \u00bb.<\/p>\n<p style=\"text-align: justify;\">Fort bien, mais lisons plut\u00f4t la suite. \u00ab Le vote britannique peut \u00eatre une chance : il doit \u00eatre l\u2019occasion de r\u00e9orienter la construction europ\u00e9enne, en articulant la d\u00e9mocratie qui vit dans les nations avec une d\u00e9mocratie europ\u00e9enne qui reste \u00e0 construire \u00bb.<\/p>\n<p style=\"text-align: justify;\">Et nos intellectuels, pour finir, demandent la r\u00e9union d\u2019une conf\u00e9rence\u00a0 qui aurait pour objet \u00ab la ren\u00e9gociation des trait\u00e9s sur les trois questions cruciales dont la m\u00e9connaissance a conduit \u00e0 l\u2019affaissement de l\u2019actuelle construction europ\u00e9enne : la souverainet\u00e9, c\u2019est-\u00e0-dire la d\u00e9mocratie et l\u2019ind\u00e9pendance strat\u00e9gique. \u00bb<\/p>\n<p style=\"text-align: justify;\">En somme, les signataires saluent ostensiblement le courage du peuple britannique, mais ils ne manifestent nullement l\u2019intention de suivre son exemple. Ils tressent des couronnes au \u00ab Brexit \u00bb, mais ils sugg\u00e8rent \u00e0 nos dirigeants l\u2019artifice permettant de faire l\u2019\u00e9conomie d\u2019un \u00ab Frexit \u00bb. Au lieu d\u2019inviter les Fran\u00e7ais \u00e0 la m\u00eame intr\u00e9pidit\u00e9, ces h\u00e9ros par procuration laissent aux Britanniques le privil\u00e8ge d\u2019avoir ouvert une br\u00e8che qu\u2019ils r\u00eavent de refermer. Co\u00efncidence troublante, cette tribune est parue le jour m\u00eame o\u00f9 Alain Jupp\u00e9 d\u00e9clare sur Bfm\/Tv : \u00ab On peut craindre un Frexit, et c\u2019est pourquoi je suis hostile \u00e0 un r\u00e9f\u00e9rendum \u00bb.<\/p>\n<p style=\"text-align: justify;\"><a href=\"https:\/\/arretsurinfo.ch\/sapir-onfray-chevenement-tigres-de-papier-du-souverainisme\/\" target=\"_blank\">Continuer la lecture sur Arr\u00eat sur Info \u27f6<\/a><\/p>\n","protected":false},"excerpt":{"rendered":"<p>[Note de l&#8217;administrateur de ce blog : c&#8217;est l&#8217;\u00e9ternelle histoire des bourgeois dont l&#8217;intellect se fige d\u00e8s que son fonctionnement sape les bases de leur bourgeoisie. La rigueur intellectuelle des personnes en question, leur aptitude \u00e0 pousser un raisonnement jusqu&#8217;au bout, peut \u00eatre test\u00e9e au moyen d&#8217;une question tr\u00e8s simple : qu&#8217;ont-ils dit lorsque le [&hellip;]<\/p>\n","protected":false},"author":1,"featured_media":0,"comment_status":"open","ping_status":"open","sticky":false,"template":"","format":"standard","meta":[],"categories":[4,134],"tags":[361,112,169,48,118],"_links":{"self":[{"href":"https:\/\/aitia.fr\/erd\/wp-json\/wp\/v2\/posts\/6807"}],"collection":[{"href":"https:\/\/aitia.fr\/erd\/wp-json\/wp\/v2\/posts"}],"about":[{"href":"https:\/\/aitia.fr\/erd\/wp-json\/wp\/v2\/types\/post"}],"author":[{"embeddable":true,"href":"https:\/\/aitia.fr\/erd\/wp-json\/wp\/v2\/users\/1"}],"replies":[{"embeddable":true,"href":"https:\/\/aitia.fr\/erd\/wp-json\/wp\/v2\/comments?post=6807"}],"version-history":[{"count":10,"href":"https:\/\/aitia.fr\/erd\/wp-json\/wp\/v2\/posts\/6807\/revisions"}],"predecessor-version":[{"id":6818,"href":"https:\/\/aitia.fr\/erd\/wp-json\/wp\/v2\/posts\/6807\/revisions\/6818"}],"wp:attachment":[{"href":"https:\/\/aitia.fr\/erd\/wp-json\/wp\/v2\/media?parent=6807"}],"wp:term":[{"taxonomy":"category","embeddable":true,"href":"https:\/\/aitia.fr\/erd\/wp-json\/wp\/v2\/categories?post=6807"},{"taxonomy":"post_tag","embeddable":true,"href":"https:\/\/aitia.fr\/erd\/wp-json\/wp\/v2\/tags?post=6807"}],"curies":[{"name":"wp","href":"https:\/\/api.w.org\/{rel}","templated":true}]}}