{"id":6785,"date":"2016-07-04T22:13:55","date_gmt":"2016-07-04T20:13:55","guid":{"rendered":"https:\/\/aitia.fr\/erd\/?p=6785"},"modified":"2016-07-04T22:18:18","modified_gmt":"2016-07-04T20:18:18","slug":"pour-lamiral-debray-si-des-accords-strategiques-sont-possibles-lotan-est-une-force-doccupation-rt-francais","status":"publish","type":"post","link":"https:\/\/aitia.fr\/erd\/pour-lamiral-debray-si-des-accords-strategiques-sont-possibles-lotan-est-une-force-doccupation-rt-francais\/","title":{"rendered":"Pour l\u2019amiral Debray, si des accords strat\u00e9giques sont possibles, l\u2019OTAN est une force d\u2019occupation (RT fran\u00e7ais)"},"content":{"rendered":"<p class=\"text__summary\" style=\"text-align: justify;\"><img decoding=\"async\" loading=\"lazy\" class=\"alignleft wp-image-6786\" src=\"https:\/\/aitia.fr\/erd\/wp-content\/uploads\/2016\/07\/Debray.png\" alt=\"Debray\" width=\"450\" height=\"253\" srcset=\"https:\/\/aitia.fr\/erd\/wp-content\/uploads\/2016\/07\/Debray.png 790w, https:\/\/aitia.fr\/erd\/wp-content\/uploads\/2016\/07\/Debray-300x169.png 300w, https:\/\/aitia.fr\/erd\/wp-content\/uploads\/2016\/07\/Debray-768x432.png 768w, https:\/\/aitia.fr\/erd\/wp-content\/uploads\/2016\/07\/Debray-600x337.png 600w\" sizes=\"(max-width: 450px) 100vw, 450px\" \/>[<em>Note de l&#8217;administrateur de ce blog : l&#8217;amiral Debray est aussi <a href=\"https:\/\/www.upr.fr\/emissions-radio-tv\/amiral-michel-debray-entretien-choc-a-russia-today\" target=\"_blank\">membre, depuis 2012, de l&#8217;Union Populaire R\u00e9publicaine<\/a>, le seul parti politique fran\u00e7ais dont le programme repose sur la sortie de la France de l&#8217;Union Europ\u00e9enne, de l&#8217;euro et de l&#8217;OTAN.<\/em>]<\/p>\n<h6 class=\"text__summary\" style=\"text-align: justify;\">Info &#8211; Michel Debray\u00a0a command\u00e9 les porte-avions\u00a0Foch\u00a0et\u00a0Clemenceau. Il a pr\u00e9sid\u00e9 la\u00a0Fondation Charles-de-Gaulle\u00a0de 1998 \u00e0 1999. En 1997, il a particip\u00e9 \u00e0 la fondation de l&#8217;Alliance pour la souverainet\u00e9 de la France. Il a ensuite \u00e9t\u00e9 membre du haut conseil du\u00a0Forum pour la France\u00a0de\u00a0Pierre Marie Gallois.<\/h6>\n<p><\/p>\n<p class=\"text__summary\" style=\"text-align: justify;\">Le Brexit, s\u2019il est respect\u00e9, pourrait aussi bouleverser l\u2019UE en termes militaires, explique l\u2019amiral Debray \u00e0 RT France, confiant sa vision de la s\u00e9curit\u00e9 en Europe, l\u2019h\u00e9g\u00e9monie am\u00e9ricaine et l\u2019imp\u00e9ratif, pour un pays, d\u2019\u00eatre ma\u00eetre de sa d\u00e9fense.<\/p>\n<p style=\"text-align: justify;\">Pour l&#8217;amiral Debray, le Brexit aura bien \u00e9videmment des cons\u00e9quences militaires, m\u00eame si le Royaume-uni est dans l&#8217;OTAN et que tous les tenants de l&#8217;UE font semblant de ne pas savoir que leur d\u00e9fense d\u00e9pend de cette derni\u00e8re.<\/p>\n<p style=\"text-align: justify;\">Face au\u00a0Brexit, selon lui, <em>\u00abil faudra revoir la fa\u00e7on dont les membres de l&#8217;Union europ\u00e9enne consid\u00e8rent leur D\u00e9fense\u00bb<\/em>. Si l&#8217;on en croit sa vision, une telle remise en question est plus que n\u00e9cessaire.<\/p>\n<h3><strong>Le choix britannique sera-t-il respect\u00e9 ?<\/strong><\/h3>\n<p>N\u00e9anmoins, \u00e9tablissant un parall\u00e8le entre le r\u00e9f\u00e9rendum sur le Brexit et celui\u00a0sur la constitution europ\u00e9enne de 2005 lors duquel la France et les Pays-Bas avaient vot\u00e9 contre mais avaient \u00e9t\u00e9 ignor\u00e9s par l&#8217;Union europ\u00e9enne, l&#8217;amiral se veut r\u00e9aliste :<\/p>\n<blockquote>\n<p style=\"text-align: justify;\"><em>\u00abLe choix des Fran\u00e7ais et des N\u00e9erlandais a \u00e9t\u00e9 compl\u00e8tement contourn\u00e9 par la suite et aujourd&#8217;hui, il n&#8217;en reste absolument rien. Le trait\u00e9 de Lisbonne a oblig\u00e9 la France \u00e0 admettre tout ce que le peuple fran\u00e7ais avait refus\u00e9. <\/em><\/p>\n<p style=\"text-align: justify;\"><em>On peut alors imaginer que le vote [du jeudi 23 juin] n&#8217;aura pas de grandes cons\u00e9quences. Je souhaite que les Britanniques ne soient pas flou\u00e9s par leurs dirigeants, comme les Fran\u00e7ais l&#8217;ont \u00e9t\u00e9 par les leurs.\u00bb<\/em><\/p>\n<\/blockquote>\n<p><\/p>\n<h3><strong>L&#8217;ombre am\u00e9ricaine<\/strong><\/h3>\n<p>Dans une vision tr\u00e8s gaullienne, l&#8217;amiral lie intimement la question de la relation\u00a0du Royaume-Uni \u00e0 l&#8217;UE \u00e0 celle de son appartenance \u00e0 l&#8217;OTAN :<\/p>\n<blockquote>\n<p style=\"text-align: justify;\"><em>\u00abDepuis les origines de la construction europ\u00e9enne, les Etats-Unis ont tout fait pour faire [de l&#8217;Europe] un fournisseur de suppl\u00e9tifs, pour que les Etats-Unis fassent la politique de D\u00e9fense et que les pays europ\u00e9ens fournissent les contingents de tirailleurs qui iraient \u00e0 la boucherie s&#8217;il le faut.\u00bb<\/em><\/p>\n<p style=\"text-align: justify;\"><em><strong>\u00abSe laisser occuper par des forces arm\u00e9es \u00e9trang\u00e8res en temps de paix n&#8217;est pas excusable.\u00bb<\/strong><\/em><\/p>\n<\/blockquote>\n<p><\/p>\n<p style=\"text-align: justify;\"><a href=\"https:\/\/francais.rt.com\/entretiens\/22811-entretien-amiral-debray\" target=\"_blank\">Continuer la lecture sur RT fran\u00e7ais \u27f6<\/a><\/p>\n","protected":false},"excerpt":{"rendered":"<p>[Note de l&#8217;administrateur de ce blog : l&#8217;amiral Debray est aussi membre, depuis 2012, de l&#8217;Union Populaire R\u00e9publicaine, le seul parti politique fran\u00e7ais dont le programme repose sur la sortie de la France de l&#8217;Union Europ\u00e9enne, de l&#8217;euro et de l&#8217;OTAN.] Info &#8211; Michel Debray\u00a0a command\u00e9 les porte-avions\u00a0Foch\u00a0et\u00a0Clemenceau. Il a pr\u00e9sid\u00e9 la\u00a0Fondation Charles-de-Gaulle\u00a0de 1998 \u00e0 [&hellip;]<\/p>\n","protected":false},"author":1,"featured_media":0,"comment_status":"open","ping_status":"open","sticky":false,"template":"","format":"standard","meta":[],"categories":[4,134,3],"tags":[361,156,169,155,168,287],"_links":{"self":[{"href":"https:\/\/aitia.fr\/erd\/wp-json\/wp\/v2\/posts\/6785"}],"collection":[{"href":"https:\/\/aitia.fr\/erd\/wp-json\/wp\/v2\/posts"}],"about":[{"href":"https:\/\/aitia.fr\/erd\/wp-json\/wp\/v2\/types\/post"}],"author":[{"embeddable":true,"href":"https:\/\/aitia.fr\/erd\/wp-json\/wp\/v2\/users\/1"}],"replies":[{"embeddable":true,"href":"https:\/\/aitia.fr\/erd\/wp-json\/wp\/v2\/comments?post=6785"}],"version-history":[{"count":17,"href":"https:\/\/aitia.fr\/erd\/wp-json\/wp\/v2\/posts\/6785\/revisions"}],"predecessor-version":[{"id":6803,"href":"https:\/\/aitia.fr\/erd\/wp-json\/wp\/v2\/posts\/6785\/revisions\/6803"}],"wp:attachment":[{"href":"https:\/\/aitia.fr\/erd\/wp-json\/wp\/v2\/media?parent=6785"}],"wp:term":[{"taxonomy":"category","embeddable":true,"href":"https:\/\/aitia.fr\/erd\/wp-json\/wp\/v2\/categories?post=6785"},{"taxonomy":"post_tag","embeddable":true,"href":"https:\/\/aitia.fr\/erd\/wp-json\/wp\/v2\/tags?post=6785"}],"curies":[{"name":"wp","href":"https:\/\/api.w.org\/{rel}","templated":true}]}}