{"id":6773,"date":"2016-06-29T11:49:58","date_gmt":"2016-06-29T09:49:58","guid":{"rendered":"https:\/\/aitia.fr\/erd\/?p=6773"},"modified":"2016-06-29T11:49:58","modified_gmt":"2016-06-29T09:49:58","slug":"le-brexit-redistribue-la-geopolitique-mondiale-reseau-voltaire","status":"publish","type":"post","link":"https:\/\/aitia.fr\/erd\/le-brexit-redistribue-la-geopolitique-mondiale-reseau-voltaire\/","title":{"rendered":"Le Brexit redistribue la g\u00e9opolitique mondiale <br>(r\u00e9seau Voltaire)"},"content":{"rendered":"<div id=\"attachment_6775\" style=\"width: 410px\" class=\"wp-caption alignleft\"><a href=\"https:\/\/www.voltairenet.org\/article192496.html\" target=\"_blank\"><img aria-describedby=\"caption-attachment-6775\" decoding=\"async\" loading=\"lazy\" class=\"wp-image-6775 size-full\" src=\"https:\/\/aitia.fr\/erd\/wp-content\/uploads\/2016\/06\/Queen.jpg\" alt=\"Queen\" width=\"400\" height=\"300\" srcset=\"https:\/\/aitia.fr\/erd\/wp-content\/uploads\/2016\/06\/Queen.jpg 400w, https:\/\/aitia.fr\/erd\/wp-content\/uploads\/2016\/06\/Queen-300x225.jpg 300w\" sizes=\"(max-width: 400px) 100vw, 400px\" \/><\/a><p id=\"caption-attachment-6775\" class=\"wp-caption-text\">Favorable au Brexit, la reine Elizabeth va pouvoir <br \/> r\u00e9orienter son pays vers le yuan.<\/p><\/div>\n<p style=\"text-align: justify;\">[<em>Note de l&#8217;administrateur de ce blog : comme souvent, Thierry Meyssan signe l\u00e0 un article clair, concis&#8230; et \u00e0 des ann\u00e9es-lumi\u00e8re de la soupe m\u00e9diatique ambiante. En compl\u00e9ment, sur l&#8217;aspect central de la &#8220;r\u00e9\u00e9criture des relations internationales dans des termes juridiques anglo-saxons&#8221;, je conseille vivement la lecture des longs articles de Val\u00e9rie Bugault <a href=\"https:\/\/aitia.fr\/erd\/decryptage-du-systeme-economique-global-77-geopolitique-du-concept-de-propriete-privee-22-le-saker-francophone\/\" target=\"_blank\">que j&#8217;ai repris ici<\/a>.<\/em>]<\/p>\n<p style=\"text-align: justify;\">Alors que la presse internationale cherche des moyens pour relancer la construction europ\u00e9enne, toujours sans la Russie et d\u00e9sormais sans le Royaume-Uni, Thierry Meyssan consid\u00e8re que rien ne pourra plus \u00e9viter l\u2019effondrement du syst\u00e8me. Cependant, souligne-t-il, ce qui est en jeu, ce n\u2019est pas l\u2019Union europ\u00e9enne elle-m\u00eame, mais l\u2019ensemble des institutions qui permettent la domination des \u00c9tats-Unis dans le monde et l\u2019int\u00e9grit\u00e9 des \u00c9tats-Unis eux-m\u00eames.<\/p>\n<p class=\"lettrine\" style=\"text-align: justify;\">Personne ne semble comprendre les cons\u00e9quences de la d\u00e9cision britannique de quitter l\u2019Union europ\u00e9enne. Les commentateurs, qui interpr\u00e8tent la politique politicienne et ont perdu depuis longtemps la connaissance des enjeux internationaux, se sont focalis\u00e9s sur les \u00e9l\u00e9ments d\u2019une campagne absurde\u00a0: d\u2019un c\u00f4t\u00e9 les adversaires d\u2019une immigration sans contr\u00f4le et de l\u2019autre des \u00ab\u00a0p\u00e8res fouettards\u00a0\u00bb mena\u00e7ant le Royaume-Uni des pires tourments.<\/p>\n<p style=\"text-align: justify;\">Or, les enjeux de cette d\u00e9cision n\u2019ont aucun rapport avec ces th\u00e8mes. Le d\u00e9calage entre la r\u00e9alit\u00e9 et le discours politico-m\u00e9diatique illustre la maladie dont souffrent les \u00e9lites occidentales\u00a0: leur incomp\u00e9tence.<\/p>\n<p style=\"text-align: justify;\">Alors que le voile se d\u00e9chire sous nos yeux, nos \u00e9lites ne comprennent pas plus la situation que le Parti communiste de l\u2019Union sovi\u00e9tique n\u2019envisageait les cons\u00e9quences de la chute du Mur de Berlin en novembre 1989\u00a0: la dissolution l\u2019URSS en d\u00e9cembre 1991, puis du Conseil d\u2019assistance \u00e9conomique mutuelle (Comecon) et du Pacte de Varsovie six mois plus tard, puis encore les tentatives de d\u00e9mant\u00e8lement de la Russie elle-m\u00eame qui faillit perdre la Tch\u00e9tch\u00e8nie.<\/p>\n<p style=\"text-align: justify;\">Dans un futur tr\u00e8s proche, nous assisterons identiquement \u00e0 la dissolution de l\u2019Union europ\u00e9enne, puis de l\u2019Otan, et s\u2019ils n\u2019y prennent garde au d\u00e9mant\u00e8lement des \u00c9tats-Unis.<\/p>\n<p style=\"text-align: justify;\"><a href=\"https:\/\/www.voltairenet.org\/article192496.html\" target=\"_blank\">Continuer la lecture sur le r\u00e9seau Voltaire \u27f6<\/a><\/p>\n","protected":false},"excerpt":{"rendered":"<p>[Note de l&#8217;administrateur de ce blog : comme souvent, Thierry Meyssan signe l\u00e0 un article clair, concis&#8230; et \u00e0 des ann\u00e9es-lumi\u00e8re de la soupe m\u00e9diatique ambiante. En compl\u00e9ment, sur l&#8217;aspect central de la &#8220;r\u00e9\u00e9criture des relations internationales dans des termes juridiques anglo-saxons&#8221;, je conseille vivement la lecture des longs articles de Val\u00e9rie Bugault que j&#8217;ai [&hellip;]<\/p>\n","protected":false},"author":1,"featured_media":0,"comment_status":"open","ping_status":"open","sticky":false,"template":"","format":"standard","meta":[],"categories":[4,134,3],"tags":[361,66,156,169,48,118],"_links":{"self":[{"href":"https:\/\/aitia.fr\/erd\/wp-json\/wp\/v2\/posts\/6773"}],"collection":[{"href":"https:\/\/aitia.fr\/erd\/wp-json\/wp\/v2\/posts"}],"about":[{"href":"https:\/\/aitia.fr\/erd\/wp-json\/wp\/v2\/types\/post"}],"author":[{"embeddable":true,"href":"https:\/\/aitia.fr\/erd\/wp-json\/wp\/v2\/users\/1"}],"replies":[{"embeddable":true,"href":"https:\/\/aitia.fr\/erd\/wp-json\/wp\/v2\/comments?post=6773"}],"version-history":[{"count":6,"href":"https:\/\/aitia.fr\/erd\/wp-json\/wp\/v2\/posts\/6773\/revisions"}],"predecessor-version":[{"id":6780,"href":"https:\/\/aitia.fr\/erd\/wp-json\/wp\/v2\/posts\/6773\/revisions\/6780"}],"wp:attachment":[{"href":"https:\/\/aitia.fr\/erd\/wp-json\/wp\/v2\/media?parent=6773"}],"wp:term":[{"taxonomy":"category","embeddable":true,"href":"https:\/\/aitia.fr\/erd\/wp-json\/wp\/v2\/categories?post=6773"},{"taxonomy":"post_tag","embeddable":true,"href":"https:\/\/aitia.fr\/erd\/wp-json\/wp\/v2\/tags?post=6773"}],"curies":[{"name":"wp","href":"https:\/\/api.w.org\/{rel}","templated":true}]}}