{"id":6623,"date":"2016-06-16T15:36:06","date_gmt":"2016-06-16T13:36:06","guid":{"rendered":"https:\/\/aitia.fr\/erd\/?p=6623"},"modified":"2019-09-25T07:00:29","modified_gmt":"2019-09-25T05:00:29","slug":"la-reecriture-de-lhistoire-du-11-septembre-un-travail-a-temps-plein","status":"publish","type":"post","link":"https:\/\/aitia.fr\/erd\/la-reecriture-de-lhistoire-du-11-septembre-un-travail-a-temps-plein\/","title":{"rendered":"La r\u00e9\u00e9criture de l&#8217;histoire du 11-Septembre,<br>un travail \u00e0 temps plein"},"content":{"rendered":"<p style=\"text-align: justify;\"><img decoding=\"async\" loading=\"lazy\" class=\"alignleft wp-image-6622\" src=\"https:\/\/aitia.fr\/erd\/wp-content\/uploads\/2016\/06\/minitrue.jpg\" alt=\"minitrue\" width=\"400\" height=\"240\" srcset=\"https:\/\/aitia.fr\/erd\/wp-content\/uploads\/2016\/06\/minitrue.jpg 514w, https:\/\/aitia.fr\/erd\/wp-content\/uploads\/2016\/06\/minitrue-300x180.jpg 300w\" sizes=\"(max-width: 400px) 100vw, 400px\" \/>J&#8217;ai d\u00e9j\u00e0 <a href=\"https:\/\/aitia.fr\/erd\/les-associations-pour-la-verite-sur-le-11-septembre-la-cherchent-elles-vraiment\/\" target=\"_blank\" rel=\"noopener noreferrer\">abord\u00e9 ici<\/a> la conception particuli\u00e8re de la m\u00e9thode scientifique qu&#8217;avaient des associations se proclamant <em>&#8220;pour la v\u00e9rit\u00e9 sur le 11-Septembre&#8221;<\/em>, ainsi que leur pratique non moins \u00e9trange du <a href=\"https:\/\/aitia.fr\/erd\/wp-content\/uploads\/2015\/09\/VTFECc.png\" target=\"_blank\" rel=\"noopener noreferrer\">d\u00e9bat d\u00e9mocratique<\/a>. Certes, on peut concevoir que face \u00e0 un mur de mensonges officiel, certains soient tent\u00e9s par la m\u00e9thode forte pour faire tomber le mur, quitte \u00e0 employer des moyens quelque peu autocratiques : apr\u00e8s tout, quand on voit ce qu&#8217;on fait au nom de la d\u00e9mocratie, on se mettrait presque \u00e0 trouver la dictature recommandable. Sauf qu&#8217;on ne lutte pas contre le mensonge avec d&#8217;autres mensonges, de la m\u00eame fa\u00e7on qu&#8217;on ne met pas fin \u00e0 la violence par d&#8217;autres violences &#8211; m\u00eame si une violence l\u00e9gitime et temporaire peut y aider, pourvu qu&#8217;elle s&#8217;exerce au nom de l&#8217;int\u00e9r\u00eat g\u00e9n\u00e9ral.<\/p>\n<p style=\"text-align: justify;\">Mais au-del\u00e0 de l&#8217;aspect violent des pol\u00e9miques sur <em>l&#8217;interpr\u00e9tation<\/em> de tel ou tel ph\u00e9nom\u00e8ne, quelque chose de plus \u00e9tonnant encore se joue dans les espaces de discussion sur le 11-Septembre : l&#8217;\u00e9nergie incroyable d\u00e9ploy\u00e9e par certains pour <em>r\u00e9\u00e9crire les faits<\/em>. Par &#8220;faits&#8221;, j&#8217;entends tout un tas de choses normalement impossibles \u00e0 nier car suffisamment document\u00e9es par un nombre tr\u00e8s important de t\u00e9moins <em>directs<\/em>, ind\u00e9pendants et qualifi\u00e9s ; cela <em>ne<\/em> concerne donc <em>pas<\/em> les &#8220;t\u00e9moins&#8221; t\u00e9l\u00e9visuels. Pour prendre un exemple extr\u00eame &#8211; et m\u00eame si ces faits pr\u00e9cis ne sont, \u00e0 ma connaissance, contest\u00e9s par personne : la chute des tours jumelles et de la tour n\u00b07 du <em>World Trade Center<\/em> \u00e0 New York le 11 septembre 2001. Si l&#8217;on n&#8217;est pas encore all\u00e9 jusqu&#8217;\u00e0 cette absurdit\u00e9, il y a bien un ph\u00e9nom\u00e8ne qui est la cible de constantes tentatives de r\u00e9\u00e9criture : l&#8217;existence &#8211; et la persistance &#8211; de temp\u00e9ratures extr\u00eamement \u00e9lev\u00e9es dans les ruines du <em>World Trade Center<\/em> \u00e0 la suite des attentats. Inexplicablement \u00e9lev\u00e9es, pourrait-on m\u00eame dire.<\/p>\n<p style=\"text-align: justify;\"><!--more--><\/p>\n<p style=\"text-align: justify;\">Commen\u00e7ons par regarder ce qu&#8217;on en dit sur <em><a href=\"https:\/\/www.reopen911.info\/\" target=\"_blank\" rel=\"noopener noreferrer\">ReOpen911<\/a><\/em>, l&#8217;association fran\u00e7aise au nom am\u00e9ricain ; une petite recherche avec les mots-cl\u00e9s &#8220;hautes temp\u00e9ratures&#8221; sur le site donne <a href=\"https:\/\/www.reopen911.info\/search.html?query=hautes+temp%C3%A9ratures&amp;commit=Rechercher\" target=\"_blank\" rel=\"noopener noreferrer\">cette page de r\u00e9sultats<\/a> o\u00f9 le premier (et tr\u00e8s largement au-dessus des autres par ordre de pertinence) est cette vid\u00e9o publi\u00e9e en mars 2011, intitul\u00e9e <em>&#8220;Temp\u00e9ratures extr\u00eames et acier en fusion \u00e0 Ground Zero&#8221;<\/em> :<\/p>\n<p style=\"text-align: center;\"><iframe loading=\"lazy\" src=\"\/\/www.dailymotion.com\/embed\/video\/xhb4e5\" width=\"560\" height=\"315\" frameborder=\"0\" allowfullscreen=\"allowfullscreen\"><\/iframe><br \/>\n<a href=\"https:\/\/www.dailymotion.com\/video\/xhb4e5_temperatures-extremes-et-acier-en-fusion-a-ground-zero-wtc_news\" target=\"_blank\" rel=\"noopener noreferrer\">Temp\u00e9ratures extr\u00eames et Acier en fusion \u00e0&#8230;<\/a> <i>par <a href=\"https:\/\/www.dailymotion.com\/ReOpen911\" target=\"_blank\" rel=\"noopener noreferrer\">ReOpen911<\/a><\/i><\/p>\n<p style=\"text-align: justify;\">Rien \u00e0 redire : bien que courte, cette s\u00e9quence est informative et cite bien les principaux t\u00e9moignages-cl\u00e9s sur cette \u00e9trange fournaise. Certains commentaires qu&#8217;on peut y entendre sont contestables mais les t\u00e9moins sont des personnes ordinaires qui interpr\u00e8tent ce qu&#8217;ils voient avec leur propre bagage conceptuel, et non des experts scientifiques. Ainsi \u00e0 1:09 on peut entendre un t\u00e9moin dire &#8220;<em>Vous voyez la fum\u00e9e ? C&#8217;est le signe qu&#8217;il y a toujours du feu en dessous.<\/em>&#8221; Les deux phrases sont inexactes : ce qu&#8217;on voit \u00e0 l&#8217;image n&#8217;est pas (majoritairement) de la fum\u00e9e, mais de la vapeur qui se condense au contact de l&#8217;air plus froid (les incendies, surtout en atmosph\u00e8re pauvre en oxyg\u00e8ne comme des d\u00e9combres souterrains, produisent une fum\u00e9e assez noire) ; et ce n&#8217;est pas la preuve de l&#8217;existence de feu en dessous, mais seulement d&#8217;une source chaude provoquant l&#8217;\u00e9vaporation de liquide. Selon toute vraisemblance, ce liquide est simplement de l&#8217;eau, celle des pompiers et celle du fleuve Hudson, vu l&#8217;emplacement du World Trade Center et les dommages constat\u00e9s par la suite \u00e0 la &#8220;baignoire&#8221; (<a href=\"https:\/\/aitia.fr\/erd\/wp-content\/uploads\/2016\/06\/4-Half-of-WTC-Bathtub-Basement-Damaged-drawing-cut-of.jpg\" target=\"_blank\" rel=\"noopener noreferrer\"><em>bathtub<\/em><\/a>) qui assurait l&#8217;\u00e9tanch\u00e9it\u00e9 du site.<\/p>\n<div id=\"attachment_6644\" style=\"width: 650px\" class=\"wp-caption aligncenter\"><a href=\"https:\/\/commons.wikimedia.org\/wiki\/File:Vall%C3%A9e_des_geysers.jpg?uselang=fr\" target=\"_blank\" rel=\"noopener noreferrer\"><img aria-describedby=\"caption-attachment-6644\" decoding=\"async\" loading=\"lazy\" class=\"wp-image-6644 size-full\" src=\"https:\/\/aitia.fr\/erd\/wp-content\/uploads\/2016\/06\/640px-Valle\u0301e_des_geysers.jpg\" alt=\"Vall\u00e9e des geysers, Kamtchatka : ni fum\u00e9e, ni feu, mais de la chaleur et de l'eau\" width=\"640\" height=\"416\" srcset=\"https:\/\/aitia.fr\/erd\/wp-content\/uploads\/2016\/06\/640px-Valle\u0301e_des_geysers.jpg 640w, https:\/\/aitia.fr\/erd\/wp-content\/uploads\/2016\/06\/640px-Valle\u0301e_des_geysers-300x195.jpg 300w, https:\/\/aitia.fr\/erd\/wp-content\/uploads\/2016\/06\/640px-Valle\u0301e_des_geysers-600x390.jpg 600w\" sizes=\"(max-width: 640px) 100vw, 640px\" \/><\/a><p id=\"caption-attachment-6644\" class=\"wp-caption-text\">Vall\u00e9e des geysers, Kamtchatka : ni fum\u00e9e, ni feu, mais de la chaleur et de l&#8217;eau.<\/p><\/div>\n<p style=\"text-align: justify;\">Regardons maintenant ce qu&#8217;inspirent ces t\u00e9moignages aux intervenants sur le forum de l&#8217;association : dans la section &#8220;<em><a href=\"https:\/\/web.archive.org\/web\/20181202035008\/http:\/\/forum.reopen911.info\/f9-world-trade-center.html\" target=\"_blank\" rel=\"noopener noreferrer\">World Trade Center<\/a><\/em>&#8221; se trouve un fil de discussion &#8220;\u00e9pingl\u00e9&#8221; (mis en avant) correspondant tout \u00e0 fait au sujet : <em><a href=\"https:\/\/web.archive.org\/web\/20170921113916\/http:\/\/forum.reopen911.info\/t5034-hautes-temperatures-metal-fondu.html\" target=\"_blank\" rel=\"noopener noreferrer\">&#8220;Hautes temp\u00e9ratures, m\u00e9tal fondu&#8230;&#8221;<\/a><\/em>, le troisi\u00e8me de la liste (en bonne place donc). L\u00e0 encore, rien \u00e0 redire : ce sujet majeur se trouve bien, logiquement, en t\u00eate des pr\u00e9occupations des participants au forum. La file de discussion a \u00e9t\u00e9 ouverte le 26 avril 2007, et le <a href=\"https:\/\/forum.reopen911.info\/p321221-01-03-2015-23-42-11.html#p321221\" target=\"_blank\" rel=\"noopener noreferrer\">dernier message<\/a> date&#8230; du 6 octobre 2014 ! Un message fort int\u00e9ressant d&#8217;ailleurs, r\u00e9dig\u00e9 par un intervenant coutumier des compilations et recensements de documents r\u00e9alis\u00e9s avec soin : il est consacr\u00e9 \u00e0 un <a href=\"https:\/\/911research.wtc7.net\/papers\/dreger\/GroundZeroHeat2008_07_10.pdf\" target=\"_blank\" rel=\"noopener noreferrer\">gros article<\/a> publi\u00e9 par Andrea Dreger, qui m\u00e9rite en effet la lecture pour quiconque veut s&#8217;\u00e9conomiser du temps de recherche sur le ph\u00e9nom\u00e8ne \u00e9trange des hautes temp\u00e9ratures \u00e0 Ground Zero. <strong>Mais depuis octobre 2014, soit 20 mois, personne n&#8217;est venu commenter ce remarquable article !<\/strong> Que se passe-t-il ? Tout le monde est satisfait par l&#8217;explication standard, et s&#8217;imagine que les pompiers de New York (et d&#8217;ailleurs, car les renforts vinrent de partout) sont de gros empot\u00e9s incapables d&#8217;\u00e9teindre des feux de bureaux souterrains en moins de trois mois ? Alors m\u00eame que l&#8217;eau, par sa masse volumique sup\u00e9rieure \u00e0 celle de l&#8217;air, a naturellement tendance \u00e0 descendre plut\u00f4t qu&#8217;\u00e0 monter, ce qui rend la lutte contre le feu plus ais\u00e9e quand celui-ci est en dessous que lorsqu&#8217;il se situe au sommet d&#8217;une tour ?<\/p>\n<p style=\"text-align: justify;\">Laissons de c\u00f4t\u00e9 l&#8217;\u00e9nigme du forum fossilis\u00e9 de <em>ReOpen911<\/em>, et allons faire un tour du c\u00f4t\u00e9 d&#8217;un site &#8220;anti-complotiste&#8221; am\u00e9ricain (on n&#8217;est donc plus dans la m\u00eame cat\u00e9gorie), <em><a href=\"https:\/\/www.metabunk.org\/\" target=\"_blank\" rel=\"noopener noreferrer\">Metabunk<\/a><\/em>. Et m\u00eame si, notons-le au passage, pour le 11-Septembre personne n&#8217;avance la th\u00e8se de l&#8217;accident de circulation a\u00e9rienne, et que chacun d\u00e9fend donc &#8220;son&#8221; complot, dont seuls les moyens, les mobiles et les auteurs diff\u00e8rent. Sur <em>Metabunk<\/em>, au moins, c&#8217;est clair : tout ce qui, a priori, peut sembler bizarre, ne l&#8217;est pas. Le mot d&#8217;ordre du site pourrait \u00eatre <em>&#8220;circulez, il n&#8217;y a rien \u00e0 voir&#8221;<\/em>. On y m\u00e9lange joyeusement toutes sortes de sujets : 11-Septembre bien s\u00fbr, mais aussi <em>chemtrails<\/em>, th\u00e9orie de la Terre plate, petits hommes verts, mouvement perp\u00e9tuel&#8230; car bien s\u00fbr, tous ceux qui ont des doutes sur <a href=\"https:\/\/www.youtube.com\/watch?v=1MR8MZXTylo\" target=\"_blank\" rel=\"noopener noreferrer\">la version m\u00e9diatique dominante<\/a> du 11-Septembre sont \u00e0 ranger dans la m\u00eame cat\u00e9gorie que ceux qui pensent que la Terre est plate, ou que le moteur \u00e0 eau existe depuis longtemps mais que les lobbies p\u00e9troliers assassinent r\u00e9guli\u00e8rement tous ceux qui en font la promotion.<\/p>\n<div id=\"attachment_6670\" style=\"width: 256px\" class=\"wp-caption alignright\"><a href=\"https:\/\/mickwest.com\/\" target=\"_blank\" rel=\"noopener noreferrer\"><img aria-describedby=\"caption-attachment-6670\" decoding=\"async\" loading=\"lazy\" class=\"wp-image-6670 size-medium\" src=\"https:\/\/aitia.fr\/erd\/wp-content\/uploads\/2016\/06\/Mick-West-246x300.png\" alt=\"Vous avez un doute ? Il vous l'enl\u00e8ve, gratuitement.\" width=\"246\" height=\"300\" srcset=\"https:\/\/aitia.fr\/erd\/wp-content\/uploads\/2016\/06\/Mick-West-246x300.png 246w, https:\/\/aitia.fr\/erd\/wp-content\/uploads\/2016\/06\/Mick-West.png 552w\" sizes=\"(max-width: 246px) 100vw, 246px\" \/><\/a><p id=\"caption-attachment-6670\" class=\"wp-caption-text\">Mick West. Vous avez un doute ? <br \/> Il vous l&#8217;enl\u00e8ve, gratuitement.<\/p><\/div>\n<p style=\"text-align: justify;\">Sur le forum du site, tout le monde s&#8217;emploie &#8211; et en particulier l&#8217;administrateur, <a href=\"https:\/\/mickwest.com\/\" target=\"_blank\" rel=\"noopener noreferrer\">Mick West<\/a> &#8211; \u00e0 montrer que les temp\u00e9ratures rencontr\u00e9es dans les ruines de Ground Zero n&#8217;avaient rien d&#8217;extraordinaire, qu&#8217;on n&#8217;y a jamais vu d&#8217;acier en fusion, et d&#8217;ailleurs que m\u00eame si on en avait vu, c&#8217;\u00e9tait tout \u00e0 fait possible par conversion, lors de l&#8217;effondrement, de l&#8217;\u00e9nergie potentielle de la tour en chaleur localis\u00e9e &#8211; je n&#8217;invente rien, cet argument qui utilise le premier principe de la thermodynamique mais m\u00e9conna\u00eet quelque peu le deuxi\u00e8me est <a href=\"https:\/\/www.metabunk.org\/wtc-molten-steel-was-there-any-why-what-about-the-hot-spots.t1059\/#post-23233\" target=\"_blank\" rel=\"noopener noreferrer\">l&#8217;\u0153uvre de l&#8217;intervenant <em>Jazzy<\/em><\/a>, &#8220;Senior Member&#8221; du forum. Les discussions interminables, bourr\u00e9es de r\u00e9f\u00e9rences techniques &#8211; mais pas toujours bien utilis\u00e9es, comme quand on soutient que <a href=\"https:\/\/www.metabunk.org\/wtc-molten-steel-was-there-any-why-what-about-the-hot-spots.t1059\/page-7#post-26288\" target=\"_blank\" rel=\"noopener noreferrer\">de l&#8217;eau sous pression peut couper de l&#8217;acier<\/a>, alors qu&#8217;elle n&#8217;est <a href=\"https:\/\/www.aquacut.co.il\/technology.php\" target=\"_blank\" rel=\"noopener noreferrer\">que le &#8220;liant&#8221; d&#8217;un abrasif<\/a> expuls\u00e9 d&#8217;une buse \u00e0 grande vitesse &#8211; font quelque peu penser \u00e0 l&#8217;histoire du chaudron que racontait Freud (<a href=\"https:\/\/web.archive.org\/web\/20181003110258\/http:\/\/classiques.uqac.ca\/classiques\/freud_sigmund\/le_mot_d_esprit\/freud_le_mot_d_esprit.pdf\" target=\"_blank\" rel=\"noopener noreferrer\">voir ici p. 56<\/a>) : \u00e0 force de vouloir trouver des arguments contre, on finit toujours par tomber dans l&#8217;auto-contradiction.<\/p>\n<p style=\"text-align: justify;\">Mais il y a plus \u00e9tonnant encore qu&#8217;un site de &#8220;complotistes&#8221; (<em>ReOpen911<\/em>) mettant au cong\u00e9lateur une question essentielle, ou qu&#8217;un site d&#8217;anti-complotistes (<em>Metabunk<\/em>) s&#8217;\u00e9vertuant \u00e0 nier les \u00e9vidences (ce qui est \u00e0 la limite plus compr\u00e9hensible vu la ligne \u00e9ditoriale) : il y a \u00e9galement les &#8220;ultra-complotistes&#8221; qui affirment que ce que tout le monde a vu n&#8217;est jamais arriv\u00e9. Vous l&#8217;aviez sans doute devin\u00e9, j&#8217;utilise les variations sur le th\u00e8me du <em>complotisme<\/em> avec un brin d&#8217;ironie, ce terme <a href=\"https:\/\/aitia.fr\/erd\/les-mots-creux-du-nouveau-maccarthysme\/\" target=\"_blank\" rel=\"noopener noreferrer\">ne voulant strictement rien dire<\/a>, et n&#8217;ayant qu&#8217;une fonction de police de la pens\u00e9e (<a href=\"https:\/\/aitia.fr\/erd\/persecute-pour-non-complotisme\/\" target=\"_blank\" rel=\"noopener noreferrer\">voir \u00e9galement ici<\/a>)&#8230; mais par &#8220;ultra-complotiste&#8221;, j&#8217;entends une personne qui pr\u00e9tend d\u00e9montrer un complot sur la base d&#8217;hypoth\u00e8ses relatives \u00e0 des technologies secr\u00e8tes que personne ne conna\u00eet et dont on ignore totalement le fonctionnement, ce qui laisse \u00e9videmment une grande marge de man\u0153uvre pour &#8220;prouver&#8221; absolument n&#8217;importe quoi.<\/p>\n<div id=\"attachment_6676\" style=\"width: 277px\" class=\"wp-caption alignleft\"><a href=\"https:\/\/wheredidthetowersgo.com\/\" target=\"_blank\" rel=\"noopener noreferrer\"><img aria-describedby=\"caption-attachment-6676\" decoding=\"async\" loading=\"lazy\" class=\"wp-image-6676 size-medium\" src=\"https:\/\/aitia.fr\/erd\/wp-content\/uploads\/2016\/06\/Judy-Wood-267x300.jpg\" alt=\"Judith Wood. Vous n'y comprenez rien ? C'est pas grave, elle non plus.\" width=\"267\" height=\"300\" srcset=\"https:\/\/aitia.fr\/erd\/wp-content\/uploads\/2016\/06\/Judy-Wood-267x300.jpg 267w, https:\/\/aitia.fr\/erd\/wp-content\/uploads\/2016\/06\/Judy-Wood.jpg 372w\" sizes=\"(max-width: 267px) 100vw, 267px\" \/><\/a><p id=\"caption-attachment-6676\" class=\"wp-caption-text\">Judith Wood. Vous n&#8217;y comprenez rien ? <br \/> C&#8217;est pas grave, elle non plus.<\/p><\/div>\n<p style=\"text-align: justify;\">C&#8217;est notamment le cas de <a href=\"https:\/\/drjudywood.com\/articles\/a\/bio\/Wood_Bio.html\" target=\"_blank\" rel=\"noopener noreferrer\">Judith Wood<\/a>, qui se dit physicienne (en r\u00e9alit\u00e9, elle fut professeur de g\u00e9nie m\u00e9canique) et persuad\u00e9e que les Tours Jumelles ont \u00e9t\u00e9 victimes d&#8217;<a href=\"https:\/\/drjudywood.com\/articles\/DEW\/StarWarsBeam1.html\" target=\"_blank\" rel=\"noopener noreferrer\"><em>&#8220;armes \u00e0 \u00e9nergie dirig\u00e9e&#8221;<\/em><\/a>, c&#8217;est-\u00e0-dire des faisceaux myst\u00e9rieux descendus du ciel via des satellites militaires et capables de tout d\u00e9truire \u00e0 partir d&#8217;<em>&#8220;\u00e9nergie libre&#8221;<\/em> &#8211; une forme d&#8217;\u00e9nergie totalement secr\u00e8te et seulement connue de quelques initi\u00e9s, qui se joue du premier principe de la thermodynamique comme Patrick Balkany de ses contraventions. Ben oui, tant qu&#8217;\u00e0 faire, faut ce qu&#8217;il faut. Elle raconte tout cela dans un livre, <em>&#8220;Where did the towers go ?&#8221;<\/em>, auquel on serait tent\u00e9 de r\u00e9pondre : compte tenu de la gravit\u00e9 et de l&#8217;\u00e9parpillement des poussi\u00e8res, en dessous et \u00e0 c\u00f4t\u00e9 de l\u00e0 o\u00f9 elles \u00e9taient initialement.<\/p>\n<p style=\"text-align: justify;\">Passons sur l&#8217;esth\u00e9tique &#8220;particuli\u00e8re&#8221; de <a href=\"https:\/\/drjudywood.com\/\" target=\"_blank\" rel=\"noopener noreferrer\">son site internet<\/a>, et les &#8220;<a href=\"https:\/\/drjudywood.com\/articles\/dirt\/dirt2.html\" target=\"_blank\" rel=\"noopener noreferrer\">pages en construction<\/a>&#8221; en cours de mise \u00e0 jour depuis mai 2007 : ce n&#8217;est pas le sujet. Lisons plut\u00f4t ce qu&#8217;elle pense des hautes temp\u00e9ratures \u00e0 <em>Ground Zero, <\/em>dans la <a href=\"https:\/\/drjudywood.com\/articles\/short\/FAQ.html#32\" target=\"_blank\" rel=\"noopener noreferrer\">Foire Aux Questions<\/a> de son site :<\/p>\n<blockquote>\n<ul>\n<li style=\"text-align: justify;\"><strong>Q :<\/strong> Que pensez-vous du &#8220;m\u00e9tal fondu&#8221; ?<\/li>\n<li style=\"text-align: justify;\"><strong>R :<\/strong> Il n&#8217;y a eu aucune preuve de m\u00e9tal fondu trouv\u00e9 dans le complexe du World Trade Center. Les preuves contredisent en r\u00e9alit\u00e9 la possibilit\u00e9 de m\u00e9tal fondu (en quantit\u00e9 significative) pendant et apr\u00e8s la destruction du WTC, depuis le 11 septembre jusqu&#8217;\u00e0 aujourd&#8217;hui.<\/li>\n<\/ul>\n<\/blockquote>\n<p><\/p>\n<blockquote>\n<ul>\n<li style=\"text-align: justify;\"><strong>Q :<\/strong> Que pensez-vous des &#8220;incendies durant 99 jours&#8221; ?<\/li>\n<li style=\"text-align: justify;\"><strong>R :<\/strong> Il n&#8217;y a eu aucune preuve physique de v\u00e9ritables incendies (ou feux \u00e0 combustion lente) dans le complexe du World trade Center apr\u00e8s le 11 septembre. Cependant il y avait (et il y a toujours, mais \u00e0 un degr\u00e9 moindre) [<em>NdT : vu la fr\u00e9quence de rafra\u00eechissement du site, on peut raisonnablement penser que cette affirmation date un peu<\/em>] des preuves de l&#8217;\u00e9mission de &#8220;vapeurs&#8221;, ce qui est coh\u00e9rent avec la dissociation mol\u00e9culaire [<em>NdT : la &#8220;dissociation mol\u00e9culaire&#8221; est un autre concept fumeux made in Judy Wood<\/em>]<\/li>\n<\/ul>\n<\/blockquote>\n<p><\/p>\n<p style=\"text-align: justify;\">\u00c0 la question suivante, Mme Wood se justifie \u00e9galement d&#8217;avoir dit sur une vid\u00e9o, en r\u00e9ponse \u00e0 une personne lui demandant combien d&#8217;\u00e9nergie \u00e9tait n\u00e9cessaire pour d\u00e9truire le World Trade Center, qu&#8217;il ne fallait pas se laisser &#8220;distraire par les nombres&#8221; avec de telles questions. C&#8217;est s\u00fbr, la physique sans calcul est un concept s\u00e9duisant, que beaucoup de mes \u00e9tudiants appr\u00e9cieraient sans doute&#8230; mais son caract\u00e8re concr\u00e8tement op\u00e9rationnel n&#8217;est pas absolument garanti.<\/p>\n<p style=\"text-align: justify;\">Mais tout de m\u00eame, Judith, pensez-vous passer encore longtemps pour une physicienne \u00e0 essayer de nier ce qui ne fut m\u00eame pas cach\u00e9 juste apr\u00e8s le 11 septembre 2001, et par cons\u00e9quent largement document\u00e9 ? Rappelons seulement quelques \u00e9l\u00e9ments parmi la multitude :<\/p>\n<ul>\n<li style=\"text-align: justify;\">selon un rapport technique de l&#8217;<em>American Society of Safety Engineers<\/em> (<a href=\"https:\/\/www.asse.org\/ps0502vincoli.pdf\" target=\"_blank\" rel=\"noopener noreferrer\">disponible ici<\/a>, mais seulement pour les abonn\u00e9s), <em>&#8220;le feu souterrain a br\u00fbl\u00e9 pendant exactement 100 jours et a finalement \u00e9t\u00e9 d\u00e9clar\u00e9 \u00e9teint le 19 d\u00e9cembre 2001&#8221;<\/em>. (<em>The underground fire burned for exactly 100 days and was finally declared &#8220;extinguished&#8221; on Dec. 19, 2001.<\/em>)<\/li>\n<p><\/p>\n<li class=\"itemize_item\" style=\"text-align: justify;\">James M. Williams, qui \u00e9tait alors pr\u00e9sident de la <em>Structural Engineers Association of Utah<\/em>, a \u00e9crit dans le num\u00e9ro d&#8217;octobre 2001 du <a href=\"https:\/\/aitia.fr\/erd\/wp-content\/uploads\/2016\/06\/SEAUNews-2001-10.pdf\" target=\"_blank\" rel=\"noopener noreferrer\">bulletin de son association<\/a> (p. 3), anciennement <a href=\"https:\/\/web.archive.org\/web\/20090301022031\/https:\/\/www.seau.org\/SEAUNews-2001-10.pdf\" target=\"_blank\" rel=\"noopener noreferrer\">disponible en ligne<\/a> : \u201c<em>21 jours apr\u00e8s les attaques, les incendies br\u00fblaient toujours et l&#8217;acier en fusion coulait toujours.<\/em>\u201d (<em>As of 21 days after the attack, the fires were still burning and molten steel was still running.<\/em>)<\/li>\n<p><\/p>\n<li class=\"itemize_item\" style=\"text-align: justify;\">pendant les <a href=\"https:\/\/www.9-11commission.gov\/archive\/hearing1\/9-11Commission_Hearing_2003-04-01.htm\" target=\"_blank\" rel=\"noopener noreferrer\">auditions publiques<\/a> de la <em>National Commission on Terrorist Attacks Upon the United States<\/em>, le premier avril 2003, Ken Holden (du <em>New York Department of Design and Construction<\/em>) a d\u00e9clar\u00e9 : \u201c<em>En sous-sol, c&#8217;\u00e9tait encore si chaud que du m\u00e9tal en fusion d\u00e9goulinait le long du mur du b\u00e2timent n\u00b06.<\/em>\u201d (<em>Underground, it was still so hot that molten metal dripped down the sides of the wall from Building 6.<\/em>)<\/li>\n<\/ul>\n<p style=\"text-align: justify;\">Qu&#8217;est-ce qui pousse donc ces piliers de forums \u00e0 d\u00e9ployer tant d&#8217;\u00e9nergie pour effacer des journaux, des rapports techniques et <em>in fine<\/em> de notre m\u00e9moire collective cet aspect \u00e9trange (mais sur le moment, pas du tout occult\u00e9) de l&#8217;apr\u00e8s-11-Septembre ? L&#8217;essentiel n&#8217;est-il pas plut\u00f4t ailleurs, comme dans <a href=\"https:\/\/edition.cnn.com\/2001\/US\/09\/16\/inv.binladen.denial\/index.html?iref=storys\" target=\"_blank\" rel=\"noopener noreferrer\">le d\u00e9menti de Ben Laden<\/a> pour sa participation \u00e0 ces attentats du si\u00e8cle (qui n&#8217;est certes pas fini, mais l&#8217;imagination nous manque pour envisager pire), ou dans <a href=\"https:\/\/www.twf.org\/News\/Y2006\/0608-BinLaden.html\" target=\"_blank\" rel=\"noopener noreferrer\">la d\u00e9claration du FBI<\/a> reconnaissant qu&#8217;il n&#8217;avait aucune preuve s\u00e9rieuse de la responsabilit\u00e9 de Ben Laden dans le 11-Septembre ? Ne doit-on pas mettre ce stakhanovisme des forums sur le compte de retrait\u00e9s d\u00e9s\u0153uvr\u00e9s pr\u00e9f\u00e9rant meubler leur ennui par la d\u00e9fense de causes impossibles &#8211; donc chronophages &#8211; plut\u00f4t que par la construction de Tour Eiffel en allumettes ou le ripolinage de nains de jardin ?<\/p>\n<p id=\"firstHeading\" class=\"firstHeading\" lang=\"en\" style=\"text-align: justify;\">Certes, les bizarreries individuelles existent, et par cons\u00e9quent les passions les plus \u00e9tranges \u00e9galement. Mais lorsque ce genre de passion devient syst\u00e9matique et organis\u00e9e, bref <em>professionnelle<\/em>, il faut se poser des questions, \u00e0 moins d&#8217;\u00eatre parmi ceux qui croient que gagner 3 fois de suite la super-cagnotte du Loto n&#8217;a rien d&#8217;extraordinaire. Le hasard a bon dos. Il faut donc prendre cette obsession pour ce qu&#8217;elle est : le signe qu&#8217;on touche l\u00e0 un \u00e9l\u00e9ment essentiel du probl\u00e8me. De la m\u00eame fa\u00e7on qu&#8217;on peut chaudement remercier Manuel Valls pour avoir \u00e9t\u00e9 un excellent charg\u00e9 de communication pour Dieudonn\u00e9 (et Soral), et donc avoir \u00e9veill\u00e9 de nombreux citoyens \u00e0 la v\u00e9ritable nature de la &#8220;d\u00e9mocratie occidentale&#8221;, soyons reconnaissants envers tous ces stakhanovistes des forums, qu&#8217;ils soient anti-, pro- ou neutro-complotistes, pour leur \u00e9nergie d\u00e9ploy\u00e9e \u00e0 nous persuader qu&#8217;il n&#8217;y avait vraiment rien d&#8217;anormal dans la chaleur d\u00e9gag\u00e9e par <em><a href=\"https:\/\/www.merriam-webster.com\/dictionary\/ground%20zero\" target=\"_blank\" rel=\"noopener noreferrer\">Ground Zero<\/a><\/em>, ou alors que si c&#8217;\u00e9tait anormal, c&#8217;est \u00e0 cause d&#8217;un truc de ouf tellement d\u00e9lire que c&#8217;est m\u00eame pas la peine d&#8217;essayer d&#8217;y comprendre un kopeck avec les manuels de physique du commerce. Car si le <a href=\"https:\/\/fr.wikipedia.org\/wiki\/Cubilot\" target=\"_blank\" rel=\"noopener noreferrer\">cubilot<\/a>, invent\u00e9 d\u00e8s le d\u00e9but du dix-huiti\u00e8me si\u00e8cle par <a href=\"https:\/\/fr.wikipedia.org\/wiki\/Ren%C3%A9-Antoine_Ferchault_de_R%C3%A9aumur\" target=\"_blank\" rel=\"noopener noreferrer\">Ren\u00e9 Antoine Ferchault de R\u00e9aumur<\/a> (celui du thermom\u00e8tre), et probablement en Chine bien des si\u00e8cles auparavant, permet effectivement la production de m\u00e9tal liquide dans des conditions relativement rudimentaires, il s&#8217;agit de fonte, et non d&#8217;acier&#8230; dont la fusion se produit \u00e0 bien plus haute temp\u00e9rature (voir la ligne rouge du diagramme ci-dessous).<\/p>\n<div id=\"attachment_6661\" style=\"width: 710px\" class=\"wp-caption aligncenter\"><a href=\"https:\/\/fr.wikipedia.org\/wiki\/Fonte_(m%C3%A9tallurgie)\" target=\"_blank\" rel=\"noopener noreferrer\"><img aria-describedby=\"caption-attachment-6661\" decoding=\"async\" loading=\"lazy\" class=\"wp-image-6661 size-large\" src=\"https:\/\/aitia.fr\/erd\/wp-content\/uploads\/2016\/06\/1024px-Diag_FeC_domaines_acier_fonte_fr.svg_-1024x734.png\" alt=\"1024px-Diag_FeC_domaines_acier_fonte_fr.svg\" width=\"700\" height=\"502\" srcset=\"https:\/\/aitia.fr\/erd\/wp-content\/uploads\/2016\/06\/1024px-Diag_FeC_domaines_acier_fonte_fr.svg_.png 1024w, https:\/\/aitia.fr\/erd\/wp-content\/uploads\/2016\/06\/1024px-Diag_FeC_domaines_acier_fonte_fr.svg_-300x215.png 300w, https:\/\/aitia.fr\/erd\/wp-content\/uploads\/2016\/06\/1024px-Diag_FeC_domaines_acier_fonte_fr.svg_-768x551.png 768w, https:\/\/aitia.fr\/erd\/wp-content\/uploads\/2016\/06\/1024px-Diag_FeC_domaines_acier_fonte_fr.svg_-600x430.png 600w\" sizes=\"(max-width: 700px) 100vw, 700px\" \/><\/a><p id=\"caption-attachment-6661\" class=\"wp-caption-text\">Diagramme de phase fer-carbone, permettant de visualiser les zones de d\u00e9finition des aciers et des fontes.<\/p><\/div>\n<p>Normalement, tout ing\u00e9nieur m\u00e9tallurgiste doit savoir ceci, tir\u00e9 des <a href=\"https:\/\/www.techniques-ingenieur.fr\/base-documentaire\/materiaux-th11\/acieries-traitements-et-procedes-42365210\/acieries-m7600\/origines-de-la-production-industrielle-d-acier-m7600v2niv10001.html\" target=\"_blank\" rel=\"noopener noreferrer\"><em>Techniques de l&#8217;Ing\u00e9nieur<\/em><\/a> :<\/p>\n<blockquote>\n<p style=\"text-align: justify;\"><em>Au milieu du XIXe si\u00e8cle, en 1851, la production mondiale de fer est de 60 000 t\/an : il s\u2019agit alors bien de fer, obtenu \u00e0 l\u2019\u00e9tat p\u00e2teux car \u00e0 l\u2019\u00e9poque on ne sait pas encore atteindre les hautes temp\u00e9ratures n\u00e9cessaires \u00e0 la fusion de l\u2019acier.<\/em><\/p>\n<\/blockquote>\n<p><\/p>\n<p style=\"text-align: justify;\">Premi\u00e8re phrase de la section 1, intitul\u00e9e <em>&#8220;Origines de la production industrielle d\u2019acier&#8221;<\/em>. Autant dire, la phrase introductive quasi-obligatoire de tout cours de m\u00e9tallurgie g\u00e9n\u00e9rale.<\/p>\n<p style=\"text-align: justify;\">Au-del\u00e0 de la constatation du mensonge, cette r\u00e9\u00e9criture souvent <em>professionnelle<\/em> de l&#8217;histoire du 11-Septembre doit nous conduire \u00e0 nous interroger sur la nature du totalitarisme moderne et les armes qu&#8217;il emploie ; car si quelqu&#8217;un d&#8217;aussi \u00e9loign\u00e9 du punk \u00e0 chien que Charles Gave peut tranquillement d\u00e9clarer ceci, citant dans une interview \u00e0 <a href=\"https:\/\/thinkerview.com\/\" target=\"_blank\" rel=\"noopener noreferrer\"><em>ThinkerView<\/em><\/a> <a href=\"https:\/\/www.fdic.gov\/about\/learn\/board\/hoenig\/bio.html\" target=\"_blank\" rel=\"noopener noreferrer\">Thomas Hoenig<\/a>, alors pr\u00e9sident de la r\u00e9serve f\u00e9d\u00e9rale de Kansas City :<\/p>\n<blockquote>\n<p style=\"text-align: justify;\"><em>&#8220;depuis la fin des ann\u00e9es Clinton, il y a une ploutocratie qui a pris le contr\u00f4le des \u00c9tats-Unis, avec les trois grandes banques que tout le monde conna\u00eet, et cette ploutocratie g\u00e8re la masse mon\u00e9taire et le syst\u00e8me financier am\u00e9ricain \u00e0 son profit et la grande question c&#8217;est : comment allons-nous, Am\u00e9ricains, r\u00e9cup\u00e9rer notre d\u00e9mocratie ?&#8221; [&#8230;] Nous avons aujourd&#8217;hui une mafia qui a pris le pouvoir, c&#8217;est une mafia quasiment criminelle, et il ne manque que le courage politique [pour l&#8217;arr\u00eater]<\/em>.<\/p>\n<\/blockquote>\n<p><\/p>\n<p style=\"text-align: justify;\">c&#8217;est sans doute qu&#8217;envisager des complots et autres actions pas tr\u00e8s claires pour comprendre comment le monde ne va pas ne rel\u00e8ve pas encore de la parano\u00efa caract\u00e9ris\u00e9e.<\/p>\n<div id=\"attachment_6705\" style=\"width: 510px\" class=\"wp-caption aligncenter\"><a href=\"https:\/\/www.youtube.com\/watch?v=fzF7mPpsFQI&amp;t=15m5s\" target=\"_blank\" rel=\"noopener noreferrer\"><img aria-describedby=\"caption-attachment-6705\" decoding=\"async\" loading=\"lazy\" class=\"wp-image-6705\" src=\"https:\/\/aitia.fr\/erd\/wp-content\/uploads\/2016\/06\/Charles-Gave-Thinkerview-2015.png\" alt=\"Charles Gave - Thinkerview 2015\" width=\"500\" height=\"283\" srcset=\"https:\/\/aitia.fr\/erd\/wp-content\/uploads\/2016\/06\/Charles-Gave-Thinkerview-2015.png 773w, https:\/\/aitia.fr\/erd\/wp-content\/uploads\/2016\/06\/Charles-Gave-Thinkerview-2015-300x170.png 300w, https:\/\/aitia.fr\/erd\/wp-content\/uploads\/2016\/06\/Charles-Gave-Thinkerview-2015-768x435.png 768w, https:\/\/aitia.fr\/erd\/wp-content\/uploads\/2016\/06\/Charles-Gave-Thinkerview-2015-600x340.png 600w\" sizes=\"(max-width: 500px) 100vw, 500px\" \/><\/a><p id=\"caption-attachment-6705\" class=\"wp-caption-text\">Charles Gave (cliquer sur l&#8217;image pour lancer la vid\u00e9o)<\/p><\/div>\n<p style=\"text-align: justify;\">Si le syndicat du crime prosp\u00e8re depuis des lustres sur l&#8217;argent de la drogue, de la prostitution et du trafic d&#8217;armes, il ne faut pas n\u00e9gliger de consid\u00e9rer les moyens modernes d&#8217;enrichissement sans cause (sans cause l\u00e9gitime, pour \u00eatre pr\u00e9cis) qui s&#8217;offrent \u00e0 toute organisation criminelle. Jadis, les guerres \u00e9taient motiv\u00e9es par la possession des terres, ressource primordiale n\u00e9cessaire \u00e0 l&#8217;alimentation des peuples &#8211; et qui le reste, m\u00eame si on l&#8217;oublie trop facilement. Puis, vint d\u00e8s le d\u00e9but du XX\u00e8me si\u00e8cle l&#8217;\u00e2ge des guerres pour l&#8217;\u00e9nergie, et <a href=\"https:\/\/aitia.fr\/erd\/petrole-une-guerre-dun-siecle\/\" target=\"_blank\" rel=\"noopener noreferrer\">en particulier le p\u00e9trole<\/a>, \u00e0 la faveur de l&#8217;\u00e9croulement de l&#8217;Empire ottoman. Mais \u00e0 quoi bon guerroyer physiquement soi-m\u00eame si vous pouvez faire faire le sale boulot par d&#8217;autres ? \u00c0 quoi bon tenter d&#8217;arr\u00eater le camion avec vos mains si vous avez acc\u00e8s aux commandes et \u00e0 la clef de contact ? Or le vingti\u00e8me si\u00e8cle vit s&#8217;acc\u00e9l\u00e9rer le d\u00e9veloppement des media de masse (radio, t\u00e9l\u00e9vision) n\u00e9s avec la &#8220;grande presse&#8221; \u00e0 la fin du dix-neuvi\u00e8me si\u00e8cle. Et avec eux le contr\u00f4le des populations, dont il est essentiel dans les &#8220;d\u00e9mocraties&#8221; d&#8217;obtenir l&#8217;assentiment, ne serait-ce que pour lever les imp\u00f4ts n\u00e9cessaires au financement des guerres, qui seront bien s\u00fbr d\u00e9clench\u00e9es pour de &#8220;bonnes&#8221; raisons, voire des raisons humanitaires.<\/p>\n<p style=\"text-align: justify;\">D\u00e8s lors, \u00e0 partir du moment o\u00f9 une mafia prend le contr\u00f4le d&#8217;un pays, elle utilisera naturellement son pouvoir &#8211; donc son argent &#8211; pour maintenir sa puissance, qui repose avant tout sur l&#8217;ignorance qu&#8217;ont les peuples de son existence, donc du piratage des institutions \u00e9tatiques et m\u00e9diatiques auquel elle s&#8217;est livr\u00e9. Et elle n&#8217;h\u00e9sitera pas \u00e0 recruter des professionnels de la <em>communication<\/em>, quitte \u00e0 les d\u00e9guiser en h\u00e9ros de la contestation aupr\u00e8s des na\u00effs qui pensent qu&#8217;on peut vivre en administrant des forums de discussion, ou que ceux r\u00e9pondant \u00e0 la moindre question &#8220;d\u00e9viante&#8221; en 15 minutes avec 1000 pages de r\u00e9f\u00e9rences \u00e0 lire sont des g\u00e9nies.<\/p>\n<p style=\"text-align: justify;\">De quoi consid\u00e9rer sous un angle nouveau les notions d&#8217;<em>occupation<\/em> et de <em>collabo<\/em>.<\/p>\n<p style=\"text-align: justify;\"><em>PS :<\/em> au moment o\u00f9 je r\u00e9dige ces lignes, Olivier Berruyer, via son blog les-crises.fr, s&#8217;est lanc\u00e9 dans une <a href=\"https:\/\/www.les-crises.fr\/?s=les+th%C3%A9ories+fumeuses+du+11+septembre&amp;x=0&amp;y=0\" target=\"_blank\" rel=\"noopener noreferrer\">vaste entreprise<\/a> de remise dans le droit chemin de la pens\u00e9e normalis\u00e9e \u00e0 l&#8217;attention de tous ceux qui ont quelques doutes sur le r\u00e9cit canonique du 11-Septembre. Avec notamment une s\u00e9rie sur les &#8220;preuves physiques&#8221; d&#8217;un avion au Pentagone, sans le moindre d\u00e9but de commencement d&#8217;amorce de comp\u00e9tence en physique &#8211; normal, il est <a href=\"https:\/\/www.les-crises.fr\/a-propos\/\" target=\"_blank\" rel=\"noopener noreferrer\">actuaire de profession<\/a>. Nous vivons une \u00e9poque formidable.<\/p>\n<p><code>\n<style type=\"text\/css\">\n<!--\n\n.prisna-gwt-align-left {\n\ttext-align: left !important;\n}\n.prisna-gwt-align-right {\n\ttext-align: right !important;\n}\n\n\n.prisna-gwt-flags-container {\n\tlist-style: none !important;\n\tmargin: 0 !important;\n\tpadding: 0 !important;\n\tborder: none !important;\n\tclear: both !important;\n}\n.prisna-gwt-flag-container {\n\tlist-style: none !important;\n\tdisplay: inline-block;\n\tmargin: 0 2px 0 0 !important;\n\tpadding: 0 !important;\n\tborder: none !important;\n}\n.prisna-gwt-flag-container a {\n\tdisplay: inline-block;\n\tmargin: 0 !important;\n\tpadding: 0 !important;\n\tborder: none !important;\n\tbackground-repeat: no-repeat !important;\n\tbackground-image: url(https:\/\/aitia.fr\/erd\/wp-content\/plugins\/google-website-translator\/images\/all.png) !important;\n\twidth: 22px !important;\n\theight: 16px !important;\n}\n.prisna-gwt-language-en a { background-position: 0px 0px !important; }\n.prisna-gwt-language-ar a { background-position: -44px -32px !important; }\n.prisna-gwt-language-eu a { background-position: -110px -32px !important; }\n.prisna-gwt-language-bg a { background-position: -198px -32px !important; }\n.prisna-gwt-language-ca a { background-position: 0px -48px !important; }\n.prisna-gwt-language-zh-CN a { background-position: -132px 0px !important; }\n.prisna-gwt-language-zh-TW a { background-position: -154px 0px !important; }\n.prisna-gwt-language-cs a { background-position: -88px -48px !important; }\n.prisna-gwt-language-da a { background-position: -110px -16px !important; }\n.prisna-gwt-language-nl a { background-position: -44px 0px !important; }\n.prisna-gwt-language-fr a { background-position: -22px 0px !important; }\n.prisna-gwt-language-de a { background-position: -88px 0px !important; }\n.prisna-gwt-language-el a { background-position: -66px 0px !important; }\n.prisna-gwt-language-ga a { background-position: -110px -64px !important; }\n.prisna-gwt-language-it a { background-position: -176px -16px !important; }\n.prisna-gwt-language-ja a { background-position: -198px -16px !important; }\n.prisna-gwt-language-km a { background-position: -154px -64px !important; }\n.prisna-gwt-language-ko a { background-position: -176px -64px !important; }\n.prisna-gwt-language-ms a { background-position: -88px -80px !important; }\n.prisna-gwt-language-no a { background-position: -88px -16px !important; }\n.prisna-gwt-language-fa a { background-position: 0px -96px !important; }\n.prisna-gwt-language-pl a { background-position: -176px 0px !important; }\n.prisna-gwt-language-pt a { background-position: -198px 0px !important; }\n.prisna-gwt-language-pa a { background-position: -22px -16px !important; }\n.prisna-gwt-language-ro a { background-position: -44px -16px !important; }\n.prisna-gwt-language-ru a { background-position: -66px -16px !important; }\n.prisna-gwt-language-sr a { background-position: -22px -96px !important; }\n.prisna-gwt-language-es a { background-position: -110px 0px !important; }\n.prisna-gwt-language-th a { background-position: 0px -16px !important; }\n.prisna-gwt-language-tr a { background-position: -154px -96px !important; }\n.prisna-gwt-language-uk a { background-position: -176px -96px !important; }\n.prisna-gwt-language-vi a { background-position: -22px -64px !important; }\n\n\n#goog-gt-tt,\n.goog-tooltip,\n.goog-tooltip:hover {\n\tdisplay: none !important;\n}\n.goog-text-highlight {\n\tbackground-color: transparent !important;\n\tborder: none !important;\n\tbox-shadow: none !important;\n}\n.translated-rtl font,\n.translated-ltr font {\n\tbackground-color: transparent !important;\n\tbox-shadow: none !important;\n\tbox-sizing: border-box !important;\n\t-webkit-box-sizing: border-box !important;\n\t-moz-box-sizing: border-box !important;\n}\n\n-->\n<\/style>\n\n\n\n<script type=\"text\/javascript\">\n\/*<![CDATA[*\/\nvar PrisnaGWT = {\n\n\t_fire_event: function(_element, _event) {\n\t\t\n\t\ttry {\n\t\t\tif (document.createEvent) {\n\t\t\t\tvar ev = document.createEvent(\"HTMLEvents\");\n\t\t\t\tev.initEvent(_event, true, true);\n\t\t\t\t_element.dispatchEvent(ev);\n\t\t\t} \n\t\t\telse {\n\t\t\t\tvar ev = document.createEventObject();\n\t\t\t\t_element.fireEvent(\"on\" + _event, ev);\n\t\t\t}\n\t\t} \n\t\tcatch (e) {\n\t\t\tconsole.log(\"Prisna GWT: Browser not supported!\");\n\t\t}\n\t\t\n\t},\n\n\t_restore: function() {\n\n\t\tvar b, d = false;\n\t\tvar c =  document.getElementById(\"\\:1\\.container\");\n\t\tif (c)\n\t\t\td = c.contentWindow.document.getElementById(\"\\:1\\.restore\");\n\t\t\n\t\tif (d)\n\t\t\tthis._fire_event(d, \"click\");\n\n\t},\n\t\n\ttranslate: function(_language) {\n\t\n\t\tvar element;\n\t\tvar combos = document.getElementsByTagName(\"select\"); \/\/ IE8 doesn't support getElementsByClassName\n\t\t\n\t\tfor (var i=0; i<combos.length; i++)\n\t\t\tif (combos[i].className == \"goog-te-combo\")\n\t\t\t\telement = combos[i];\n\t\t\n\t\tif (!element)\n\t\t\treturn;\n\t\t\n\t\tif (_language == \"fr\")\n\t\t\tthis._restore();\n\t\telse {\n\t\t\telement.value = _language;\n\t\t\tthis._fire_event(element, \"change\");\n\t\t}\n\n\t}\n\t\n};\n\/*]]>*\/\n<\/script>\n<ul class=\"prisna-gwt-flags-container prisna-gwt-align-right notranslate\">\n\t<li class=\"prisna-gwt-flag-container prisna-gwt-language-ar\">\n\t<a href=\"javascript:;\" onclick=\"PrisnaGWT.translate('ar'); return false;\" title=\"Arabic\"><\/a>\n<\/li><li class=\"prisna-gwt-flag-container prisna-gwt-language-zh-CN\">\n\t<a href=\"javascript:;\" onclick=\"PrisnaGWT.translate('zh-CN'); return false;\" title=\"Chinese Simplified\"><\/a>\n<\/li><li class=\"prisna-gwt-flag-container prisna-gwt-language-zh-TW\">\n\t<a href=\"javascript:;\" onclick=\"PrisnaGWT.translate('zh-TW'); return false;\" title=\"Chinese Traditional\"><\/a>\n<\/li><li class=\"prisna-gwt-flag-container prisna-gwt-language-nl\">\n\t<a href=\"javascript:;\" onclick=\"PrisnaGWT.translate('nl'); return false;\" title=\"Dutch\"><\/a>\n<\/li><li class=\"prisna-gwt-flag-container prisna-gwt-language-en\">\n\t<a href=\"javascript:;\" onclick=\"PrisnaGWT.translate('en'); return false;\" title=\"English\"><\/a>\n<\/li><li class=\"prisna-gwt-flag-container prisna-gwt-language-fr\">\n\t<a href=\"javascript:;\" onclick=\"PrisnaGWT.translate('fr'); return false;\" title=\"French\"><\/a>\n<\/li><li class=\"prisna-gwt-flag-container prisna-gwt-language-de\">\n\t<a href=\"javascript:;\" onclick=\"PrisnaGWT.translate('de'); return false;\" title=\"German\"><\/a>\n<\/li><li class=\"prisna-gwt-flag-container prisna-gwt-language-el\">\n\t<a href=\"javascript:;\" onclick=\"PrisnaGWT.translate('el'); return false;\" title=\"Greek\"><\/a>\n<\/li><li class=\"prisna-gwt-flag-container prisna-gwt-language-it\">\n\t<a href=\"javascript:;\" onclick=\"PrisnaGWT.translate('it'); return false;\" title=\"Italian\"><\/a>\n<\/li><li class=\"prisna-gwt-flag-container prisna-gwt-language-ja\">\n\t<a href=\"javascript:;\" onclick=\"PrisnaGWT.translate('ja'); return false;\" title=\"Japanese\"><\/a>\n<\/li><li class=\"prisna-gwt-flag-container prisna-gwt-language-ms\">\n\t<a href=\"javascript:;\" onclick=\"PrisnaGWT.translate('ms'); return false;\" title=\"Malay\"><\/a>\n<\/li><li class=\"prisna-gwt-flag-container prisna-gwt-language-fa\">\n\t<a href=\"javascript:;\" onclick=\"PrisnaGWT.translate('fa'); return false;\" title=\"Persian\"><\/a>\n<\/li><li class=\"prisna-gwt-flag-container prisna-gwt-language-pt\">\n\t<a href=\"javascript:;\" onclick=\"PrisnaGWT.translate('pt'); return false;\" title=\"Portuguese\"><\/a>\n<\/li><li class=\"prisna-gwt-flag-container prisna-gwt-language-ro\">\n\t<a href=\"javascript:;\" onclick=\"PrisnaGWT.translate('ro'); return false;\" title=\"Romanian\"><\/a>\n<\/li><li class=\"prisna-gwt-flag-container prisna-gwt-language-ru\">\n\t<a href=\"javascript:;\" onclick=\"PrisnaGWT.translate('ru'); return false;\" title=\"Russian\"><\/a>\n<\/li><li class=\"prisna-gwt-flag-container prisna-gwt-language-es\">\n\t<a href=\"javascript:;\" onclick=\"PrisnaGWT.translate('es'); return false;\" title=\"Spanish\"><\/a>\n<\/li><li class=\"prisna-gwt-flag-container prisna-gwt-language-uk\">\n\t<a href=\"javascript:;\" onclick=\"PrisnaGWT.translate('uk'); return false;\" title=\"Ukrainian\"><\/a>\n<\/li><li class=\"prisna-gwt-flag-container prisna-gwt-language-vi\">\n\t<a href=\"javascript:;\" onclick=\"PrisnaGWT.translate('vi'); return false;\" title=\"Vietnamese\"><\/a>\n<\/li><li class=\"prisna-gwt-flag-container prisna-gwt-language-cs\">\n\t<a href=\"javascript:;\" onclick=\"PrisnaGWT.translate('cs'); return false;\" title=\"Czech\"><\/a>\n<\/li><li class=\"prisna-gwt-flag-container prisna-gwt-language-eu\">\n\t<a href=\"javascript:;\" onclick=\"PrisnaGWT.translate('eu'); return false;\" title=\"Basque\"><\/a>\n<\/li><li class=\"prisna-gwt-flag-container prisna-gwt-language-bg\">\n\t<a href=\"javascript:;\" onclick=\"PrisnaGWT.translate('bg'); return false;\" title=\"Bulgarian\"><\/a>\n<\/li><li class=\"prisna-gwt-flag-container prisna-gwt-language-ca\">\n\t<a href=\"javascript:;\" onclick=\"PrisnaGWT.translate('ca'); return false;\" title=\"Catalan\"><\/a>\n<\/li><li class=\"prisna-gwt-flag-container prisna-gwt-language-da\">\n\t<a href=\"javascript:;\" onclick=\"PrisnaGWT.translate('da'); return false;\" title=\"Danish\"><\/a>\n<\/li><li class=\"prisna-gwt-flag-container prisna-gwt-language-ga\">\n\t<a href=\"javascript:;\" onclick=\"PrisnaGWT.translate('ga'); return false;\" title=\"Irish\"><\/a>\n<\/li><li class=\"prisna-gwt-flag-container prisna-gwt-language-ko\">\n\t<a href=\"javascript:;\" onclick=\"PrisnaGWT.translate('ko'); return false;\" title=\"Korean\"><\/a>\n<\/li><li class=\"prisna-gwt-flag-container prisna-gwt-language-km\">\n\t<a href=\"javascript:;\" onclick=\"PrisnaGWT.translate('km'); return false;\" title=\"Khmer\"><\/a>\n<\/li><li class=\"prisna-gwt-flag-container prisna-gwt-language-no\">\n\t<a href=\"javascript:;\" onclick=\"PrisnaGWT.translate('no'); return false;\" title=\"Norwegian\"><\/a>\n<\/li><li class=\"prisna-gwt-flag-container prisna-gwt-language-pl\">\n\t<a href=\"javascript:;\" onclick=\"PrisnaGWT.translate('pl'); return false;\" title=\"Polish\"><\/a>\n<\/li><li class=\"prisna-gwt-flag-container prisna-gwt-language-pa\">\n\t<a href=\"javascript:;\" onclick=\"PrisnaGWT.translate('pa'); return false;\" title=\"Punjabi\"><\/a>\n<\/li><li class=\"prisna-gwt-flag-container prisna-gwt-language-sr\">\n\t<a href=\"javascript:;\" onclick=\"PrisnaGWT.translate('sr'); return false;\" title=\"Serbian\"><\/a>\n<\/li><li class=\"prisna-gwt-flag-container prisna-gwt-language-th\">\n\t<a href=\"javascript:;\" onclick=\"PrisnaGWT.translate('th'); return false;\" title=\"Thai\"><\/a>\n<\/li><li class=\"prisna-gwt-flag-container prisna-gwt-language-tr\">\n\t<a href=\"javascript:;\" onclick=\"PrisnaGWT.translate('tr'); return false;\" title=\"Turkish\"><\/a>\n<\/li>\n<\/ul>\n\n<div id=\"google_translate_element\" class=\"prisna-gwt-align-right\"><\/div>\n<script type=\"text\/javascript\">\n\/*<![CDATA[*\/\nfunction initializeGoogleTranslateElement() {\n\tnew google.translate.TranslateElement({\n\t\tpageLanguage: \"fr\",\n\t\tautoDisplay: false,\n\t\tincludedLanguages: \"ar,eu,bg,ca,zh-CN,zh-TW,cs,da,nl,en,fr,de,el,ga,it,ja,km,ko,ms,no,fa,pl,pt,pa,ro,ru,sr,es,th,tr,uk,vi\"\n\t}, \"google_translate_element\");\n}\n\/*]]>*\/\n<\/script>\n<script type=\"text\/javascript\" src=\"\/\/translate.google.com\/translate_a\/element.js?cb=initializeGoogleTranslateElement\"><\/script><\/code><\/p>\n","protected":false},"excerpt":{"rendered":"<p>J&#8217;ai d\u00e9j\u00e0 abord\u00e9 ici la conception particuli\u00e8re de la m\u00e9thode scientifique qu&#8217;avaient des associations se proclamant &#8220;pour la v\u00e9rit\u00e9 sur le 11-Septembre&#8221;, ainsi que leur pratique non moins \u00e9trange du d\u00e9bat d\u00e9mocratique. Certes, on peut concevoir que face \u00e0 un mur de mensonges officiel, certains soient tent\u00e9s par la m\u00e9thode forte pour faire tomber le [&hellip;]<\/p>\n","protected":false},"author":1,"featured_media":0,"comment_status":"open","ping_status":"open","sticky":false,"template":"","format":"standard","meta":[],"categories":[29,6],"tags":[78,112,355,356,48,71],"_links":{"self":[{"href":"https:\/\/aitia.fr\/erd\/wp-json\/wp\/v2\/posts\/6623"}],"collection":[{"href":"https:\/\/aitia.fr\/erd\/wp-json\/wp\/v2\/posts"}],"about":[{"href":"https:\/\/aitia.fr\/erd\/wp-json\/wp\/v2\/types\/post"}],"author":[{"embeddable":true,"href":"https:\/\/aitia.fr\/erd\/wp-json\/wp\/v2\/users\/1"}],"replies":[{"embeddable":true,"href":"https:\/\/aitia.fr\/erd\/wp-json\/wp\/v2\/comments?post=6623"}],"version-history":[{"count":94,"href":"https:\/\/aitia.fr\/erd\/wp-json\/wp\/v2\/posts\/6623\/revisions"}],"predecessor-version":[{"id":13602,"href":"https:\/\/aitia.fr\/erd\/wp-json\/wp\/v2\/posts\/6623\/revisions\/13602"}],"wp:attachment":[{"href":"https:\/\/aitia.fr\/erd\/wp-json\/wp\/v2\/media?parent=6623"}],"wp:term":[{"taxonomy":"category","embeddable":true,"href":"https:\/\/aitia.fr\/erd\/wp-json\/wp\/v2\/categories?post=6623"},{"taxonomy":"post_tag","embeddable":true,"href":"https:\/\/aitia.fr\/erd\/wp-json\/wp\/v2\/tags?post=6623"}],"curies":[{"name":"wp","href":"https:\/\/api.w.org\/{rel}","templated":true}]}}