{"id":6503,"date":"2016-05-13T21:36:32","date_gmt":"2016-05-13T19:36:32","guid":{"rendered":"https:\/\/aitia.fr\/erd\/?p=6503"},"modified":"2016-05-13T21:38:14","modified_gmt":"2016-05-13T19:38:14","slug":"instrumentalisation-abjecte-et-schizophrenie-afps","status":"publish","type":"post","link":"https:\/\/aitia.fr\/erd\/instrumentalisation-abjecte-et-schizophrenie-afps\/","title":{"rendered":"Instrumentalisation abjecte et schizophr\u00e9nie (AFPS)"},"content":{"rendered":"<div id=\"attachment_6506\" style=\"width: 410px\" class=\"wp-caption alignleft\"><a href=\"https:\/\/aitia.fr\/erd\/wp-content\/uploads\/2016\/05\/Archipel-E\u0301tat-de-Palestine.gif\" target=\"_blank\"><img aria-describedby=\"caption-attachment-6506\" decoding=\"async\" loading=\"lazy\" class=\"wp-image-6506\" src=\"https:\/\/aitia.fr\/erd\/wp-content\/uploads\/2016\/05\/Archipel-E\u0301tat-de-Palestine.gif\" alt=\"Archipel-E\u0301tat-de-Palestine\" width=\"400\" height=\"480\" \/><\/a><p id=\"caption-attachment-6506\" class=\"wp-caption-text\">La Palestine en pratique (<a href=\"https:\/\/obgeographiques.blogspot.fr\/\" target=\"_blank\">Julien Bousac<\/a>, 2011)<\/p><\/div>\n<p style=\"text-align: justify;\">La m\u00e9moire des femmes et des hommes qui ont arrach\u00e9 \u00e0 la d\u00e9portation et \u00e0 la mort les enfants juifs pendant l\u2019occupation doit \u00eatre pr\u00e9serv\u00e9e, transmise et rester vivante dans les nouvelles g\u00e9n\u00e9rations. Elle est le t\u00e9moignage d\u2019une exigence absolue d\u2019humanit\u00e9 face \u00e0 la barbarie et constitue une manifestation exemplaire de courage et de d\u00e9termination face \u00e0 des lois injustes.<\/p>\n<p style=\"text-align: justify;\">Nous savons malheureusement l\u2019instrumentalisation malsaine qui est faite de longue date de la Shoah et de la d\u00e9portation par l\u2019Etat d\u2019Isra\u00ebl. La r\u00e9cente visite en Isra\u00ebl et dans les territoires palestiniens d\u2019\u00e9lus du \u00ab\u00a0r\u00e9seau villes et villages des Justes de France\u00a0\u00bb dont Lyon, Strasbourg, Bordeaux, Nice ou Evry en est un dernier exemple. Scandaleux d\u2019un double point de vue moral et politique.<\/p>\n<p style=\"text-align: justify;\">Voir des \u00e9lus se plier au rituel de la plantation d\u2019arbres du KKL (Fonds national juif) dont l\u2019objet premier est de transformer le paysage en cherchant \u00e0 en effacer les traces de toute m\u00e9moire palestinienne est un paradoxe scandaleux s\u2019agissant de personnalit\u00e9s qui se revendiquent de la m\u00e9moire.<\/p>\n<p style=\"text-align: justify;\"><a href=\"https:\/\/www.france-palestine.org\/Instrumentalisation-abjecte-et-schizophrenie\" target=\"_blank\">Continuer la lecture sur le site de l&#8217;AFPS \u27f6<\/a><\/p>\n","protected":false},"excerpt":{"rendered":"<p>La m\u00e9moire des femmes et des hommes qui ont arrach\u00e9 \u00e0 la d\u00e9portation et \u00e0 la mort les enfants juifs pendant l\u2019occupation doit \u00eatre pr\u00e9serv\u00e9e, transmise et rester vivante dans les nouvelles g\u00e9n\u00e9rations. Elle est le t\u00e9moignage d\u2019une exigence absolue d\u2019humanit\u00e9 face \u00e0 la barbarie et constitue une manifestation exemplaire de courage et de d\u00e9termination [&hellip;]<\/p>\n","protected":false},"author":1,"featured_media":0,"comment_status":"open","ping_status":"open","sticky":false,"template":"","format":"standard","meta":[],"categories":[4,134],"tags":[162,349,161,56],"_links":{"self":[{"href":"https:\/\/aitia.fr\/erd\/wp-json\/wp\/v2\/posts\/6503"}],"collection":[{"href":"https:\/\/aitia.fr\/erd\/wp-json\/wp\/v2\/posts"}],"about":[{"href":"https:\/\/aitia.fr\/erd\/wp-json\/wp\/v2\/types\/post"}],"author":[{"embeddable":true,"href":"https:\/\/aitia.fr\/erd\/wp-json\/wp\/v2\/users\/1"}],"replies":[{"embeddable":true,"href":"https:\/\/aitia.fr\/erd\/wp-json\/wp\/v2\/comments?post=6503"}],"version-history":[{"count":6,"href":"https:\/\/aitia.fr\/erd\/wp-json\/wp\/v2\/posts\/6503\/revisions"}],"predecessor-version":[{"id":6511,"href":"https:\/\/aitia.fr\/erd\/wp-json\/wp\/v2\/posts\/6503\/revisions\/6511"}],"wp:attachment":[{"href":"https:\/\/aitia.fr\/erd\/wp-json\/wp\/v2\/media?parent=6503"}],"wp:term":[{"taxonomy":"category","embeddable":true,"href":"https:\/\/aitia.fr\/erd\/wp-json\/wp\/v2\/categories?post=6503"},{"taxonomy":"post_tag","embeddable":true,"href":"https:\/\/aitia.fr\/erd\/wp-json\/wp\/v2\/tags?post=6503"}],"curies":[{"name":"wp","href":"https:\/\/api.w.org\/{rel}","templated":true}]}}