{"id":640,"date":"2015-03-17T16:35:18","date_gmt":"2015-03-17T15:35:18","guid":{"rendered":"https:\/\/aitia.fr\/erd\/?p=640"},"modified":"2020-12-05T10:57:36","modified_gmt":"2020-12-05T09:57:36","slug":"quest-ce-quune-connaissance-rationnelle","status":"publish","type":"post","link":"https:\/\/aitia.fr\/erd\/quest-ce-quune-connaissance-rationnelle\/","title":{"rendered":"Qu&#8217;est-ce qu&#8217;une connaissance rationnelle ?"},"content":{"rendered":"<div id=\"attachment_2196\" style=\"width: 236px\" class=\"wp-caption alignleft\"><a href=\"https:\/\/pixabay.com\/fr\/ciel-silhouette-ombre-contour-239493\/\" target=\"_blank\" rel=\"noopener noreferrer\"><img aria-describedby=\"caption-attachment-2196\" decoding=\"async\" loading=\"lazy\" class=\"wp-image-2196 size-medium\" src=\"https:\/\/aitia.fr\/erd\/wp-content\/uploads\/2015\/03\/sky-239493_1280-226x300.jpg\" alt=\"sky-239493_1280\" width=\"226\" height=\"300\" srcset=\"https:\/\/aitia.fr\/erd\/wp-content\/uploads\/2015\/03\/sky-239493_1280-226x300.jpg 226w, https:\/\/aitia.fr\/erd\/wp-content\/uploads\/2015\/03\/sky-239493_1280.jpg 468w\" sizes=\"(max-width: 226px) 100vw, 226px\" \/><\/a><p id=\"caption-attachment-2196\" class=\"wp-caption-text\">sculpture n\u00e9cessitant de<br \/> solides connaissances rationnelles<\/p><\/div>\n<p style=\"text-align: justify;\">Vaste programme, comme aurait dit de Gaulle \u00e0 propos d&#8217;un <a title=\"vaste programme\" href=\"https:\/\/fr.wikipedia.org\/wiki\/Mort_aux_cons\" target=\"_blank\" rel=\"noopener noreferrer\">autre sujet<\/a>&#8230; finalement pas tr\u00e8s \u00e9loign\u00e9. Impossible dans un article de blog de traiter cette question en profondeur et d&#8217;avoir une quelconque pr\u00e9tention \u00e9pist\u00e9mologique ; n\u00e9anmoins, les discours m\u00e9diatiques ambiants abondent tellement en contre-exemples, nous soumettent \u00e0 tant de feux d&#8217;artifices irrationnels, qu&#8217;il para\u00eet utile de retracer les contours du cadre et de montrer surtout ce que la connaissance rationnelle <strong>n&#8217;est pas<\/strong>.<\/p>\n<p style=\"text-align: justify;\">Initialement, l&#8217;article aurait d\u00fb s&#8217;intituler &#8220;<em>Qu&#8217;est-ce qu&#8217;une connaissance scientifique ?<\/em>&#8221; ; cependant, la perception actuelle de ce qu&#8217;est la science, son association presque syst\u00e9matique \u00e0 la technique, \u00e0 l&#8217;industrie et aux &#8220;gros moyens&#8221; de la science institutionnelle m&#8217;ont convaincu que l&#8217;adjectif &#8220;scientifique&#8221; \u00e9tait trop r\u00e9ducteur voire trompeur.<\/p>\n<p style=\"text-align: justify;\"><!--more--><\/p>\n<h2 style=\"text-align: justify;\">Raison, \u00e9motion et foi : ennemies ou compl\u00e9mentaires ?<\/h2>\n<p style=\"text-align: justify;\">D\u00e9j\u00e0, la connaissance n&#8217;est pas <strong>uniquement<\/strong> rationnelle : elle peut \u00eatre purement sensible (lorsqu&#8217;on contemple un paysage, \u00e9coute une musique), amoureuse, religieuse&#8230; et contrairement \u00e0 ce qu&#8217;avancent certains int\u00e9gristes ignorants, ces diff\u00e9rents types de connaissance ne s&#8217;opposent pas mais se compl\u00e8tent. Il est faux de dire, par exemple, que la religion s&#8217;oppose \u00e0 la raison : nombreux sont les grands noms de la science qui avaient la foi, comme <a title=\"Newton et la religion\" href=\"https:\/\/fr.wikipedia.org\/wiki\/Isaac_Newton#Newton_et_la_religion\" target=\"_blank\" rel=\"noopener noreferrer\">Isaac Newton<\/a> qui non seulement fut tr\u00e8s croyant mais \u00e9tudia la Bible davantage que les questions scientifiques.<\/p>\n<div id=\"attachment_2473\" style=\"width: 228px\" class=\"wp-caption alignright\"><a href=\"https:\/\/fr.wikipedia.org\/wiki\/Isaac_Newton\" target=\"_blank\" rel=\"noopener noreferrer\"><img aria-describedby=\"caption-attachment-2473\" decoding=\"async\" loading=\"lazy\" class=\"wp-image-2473 size-medium\" src=\"https:\/\/aitia.fr\/erd\/wp-content\/uploads\/2015\/03\/GodfreyKneller-IsaacNewton-1689-218x300.jpg\" alt=\"Isaac Newton en 1689\" width=\"218\" height=\"300\" srcset=\"https:\/\/aitia.fr\/erd\/wp-content\/uploads\/2015\/03\/GodfreyKneller-IsaacNewton-1689-218x300.jpg 218w, https:\/\/aitia.fr\/erd\/wp-content\/uploads\/2015\/03\/GodfreyKneller-IsaacNewton-1689.jpg 407w\" sizes=\"(max-width: 218px) 100vw, 218px\" \/><\/a><p id=\"caption-attachment-2473\" class=\"wp-caption-text\">Isaac Newton en 1689 : <br \/>scientifique ou th\u00e9ologien ?<\/p><\/div>\n<p style=\"text-align: justify;\">Il faut donc admettre que les arguments parfois avanc\u00e9s par certaines personnes se disant &#8220;rationalistes&#8221; pour discr\u00e9diter les religions ne sont que de la <em>mauvaise foi<\/em> caricaturale : si Dieu est pour certains &#8220;au plus haut des cieux&#8221;, il ne peut s&#8217;agir aujourd&#8217;hui que d&#8217;une m\u00e9taphore, et la possibilit\u00e9 technique de se mouvoir dans l&#8217;atmosph\u00e8re voire en dehors de celle-ci ne saurait constituer une preuve de la non-existence de Dieu, au motif que personne ne l&#8217;a vu assis sur un nuage. Il faut savoir situer les \u00e9crits religieux dans leur contexte : tant que l&#8217;Homme \u00e9tait clou\u00e9 au sol, le &#8220;royaume des cieux&#8221; \u00e9tait pour lui le symbole m\u00eame de l&#8217;inaccessible, et donc tr\u00e8s logiquement la demeure divine. Faire habiter Dieu\u00a0&#8220;au plus haut des cieux&#8221; \u00e9tait donc une proposition des plus rationnelles ; aujourd&#8217;hui cependant, seuls quelques int\u00e9gristes religieux ont une lecture litt\u00e9rale des textes sacr\u00e9s. Mais on pourrait \u00e9galement oublier l&#8217;adjectif &#8220;religieux&#8221; et dire simplement :\u00a0<em>aujourd&#8217;hui, seuls quelques int\u00e9gristes ont une lecture litt\u00e9rale des textes<\/em>, et inclure dans ces textes des oeuvres scientifiques. On englobe ainsi les int\u00e9gristes de la science, qu&#8217;on nomme scientistes.<\/p>\n<h2>Connaissance rationnelle et sp\u00e9cialisation du savoir<\/h2>\n<p style=\"text-align: justify;\">Mais redescendons sur Terre. Pour beaucoup, &#8220;rationnel&#8221; est synonyme de &#8220;scientifique&#8221;, avec ce que cela comporte aujourd&#8217;hui de dimension technique, souvent ultra-sp\u00e9cialis\u00e9e et inaccessible au plus grand nombre. Rien n&#8217;est plus faux : si la science repose (ou devrait reposer) sur la raison, il est tout \u00e0 fait possible d&#8217;utiliser les outils de la science de fa\u00e7on irrationnelle (et produire ainsi une pseudo-science), comme il est possible d&#8217;utiliser la raison avec une grande rigueur sans le moindre recours aux outils complexes de la science &#8220;professionnelle&#8221;. N&#8217;oublions pas que la recherche scientifique fut pendant longtemps une activit\u00e9 de loisir pour\u00a0quelques privil\u00e9gi\u00e9s \u00e0 l&#8217;abri du besoin mat\u00e9riel, et que nul n&#8217;aurait alors song\u00e9 \u00e0 en faire une profession !<\/p>\n<p style=\"text-align: justify;\">L&#8217;hyper-technicit\u00e9 de la pratique scientifique conduit m\u00eame in\u00e9vitablement, comme l&#8217;ont montr\u00e9 de nombreux auteurs, \u00e0 produire une nouvelle ignorance d&#8217;autant plus dangereuse qu&#8217;elle n&#8217;a pas conscience d&#8217;elle-m\u00eame. La sp\u00e9cialisation, n\u00e9cessaire pour rendre humainement supportable la t\u00e2che des scientifiques, conduit in\u00e9luctablement \u00e0 une perte de vision globale ; l&#8217;informatique, extraordinaire outil sans lequel nombre de connaissances seraient impuissantes, engendre \u00e0 coup s\u00fbr une confiance excessive en des &#8220;bo\u00eetes noires&#8221;, d&#8217;autant plus excessive que les images qu&#8217;elles produisent rejoignent la complexit\u00e9 et le r\u00e9alisme du monde\u00a0v\u00e9ritable.<\/p>\n<p style=\"text-align: justify;\">Mais la raison en action sait \u00eatre simple, per\u00e7ante, brutale m\u00eame, et s&#8217;accompagne souvent d&#8217;un \u00e9clat de rire lorsqu&#8217;elle vient \u00e0 bout en quelques minutes d&#8217;un probl\u00e8me complexe. \u00c9tape finale d&#8217;un processus invisible qui, lui, a pu n\u00e9cessiter des ann\u00e9es, voire une vie enti\u00e8re. Le prix Nobel am\u00e9ricain Richard Feynman, pour qui\u00a0la physique semblait toujours \u00eatre une histoire dr\u00f4le, donna un excellent exemple de d\u00e9monstration rationnelle lors de l&#8217;enqu\u00eate sur\u00a0la catastrophe de la navette Challenger en 1986, qui explosa en plein vol peu apr\u00e8s son d\u00e9collage. Rappel des faits :<\/p>\n<p style=\"text-align: center;\"><iframe loading=\"lazy\" src=\"https:\/\/player.ina.fr\/player\/embed\/CAB86002535\/1\/1b0bd203fbcd702f9bc9b10ac3d0fc21\/560\/315\/1\/148db8\" width=\"560\" height=\"315\" frameborder=\"0\" marginwidth=\"0\" marginheight=\"0\" scrolling=\"no\"><\/iframe><\/p>\n<p style=\"text-align: justify;\">Dans son style tr\u00e8s direct et peu respectueux des conventions, Feynman montra, lors d&#8217;une audition t\u00e9l\u00e9vis\u00e9e de la commission d&#8217;enqu\u00eate, que la d\u00e9faillance de simples joints toriques pouvait expliquer la catastrophe en raison de la perte de leur \u00e9lasticit\u00e9 \u00e0 basse temp\u00e9rature. \u00c9coutons-le :<\/p>\n<p style=\"text-align: center;\"><iframe loading=\"lazy\" src=\"https:\/\/www.youtube.com\/embed\/6Rwcbsn19c0?rel=0\" width=\"480\" height=\"360\" frameborder=\"0\" allowfullscreen=\"allowfullscreen\"><\/iframe><\/p>\n<p style=\"text-align: justify;\">Traduction de ses propos :<\/p>\n<blockquote>\n<p style=\"text-align: justify;\">&#8220;<em>Alors j&#8217;ai pris ce truc parmi\u00a0vos joints et je l&#8217;ai mis dans de l&#8217;eau glac\u00e9e. Et j&#8217;ai d\u00e9couvert que quand vous exercez une pression dessus pendant un moment et ensuite la rel\u00e2chez, il ne revient pas \u00e0 sa forme initiale, il garde ses dimensions. En d&#8217;autres termes, pendant quelques secondes au moins et sans doute plus que \u00e7a, il n&#8217;y a pas de r\u00e9silience<\/em> <em>dans ce mat\u00e9riau particulier<\/em> [NdT : r\u00e9silience est utilis\u00e9 dans le domaine spatial au sens de &#8220;tol\u00e9rance \u00e0 la panne&#8221;]\u00a0<em>lorsqu&#8217;il est \u00e0 une temp\u00e9rature de 0\u00b0C. Je pense que cela a quelque importance pour notre probl\u00e8me.&#8221;<\/em><\/p>\n<\/blockquote>\n<p><\/p>\n<p style=\"text-align: justify;\">Par son allergie \u00e0 l&#8217;esprit de s\u00e9rieux, parce qu&#8217;il faisait profession de douter et non de savoir, Feynman venait de donner une le\u00e7on \u00e0 ce monstre technologique et administratif qu&#8217;\u00e9tait devenu la NASA, o\u00f9 la comp\u00e9tition\u00a0conduisait les ing\u00e9nieurs du bas de l&#8217;\u00e9chelle \u00e0 ne pas trop insister sur\u00a0les probl\u00e8mes rencontr\u00e9s aupr\u00e8s de leurs sup\u00e9rieurs hi\u00e9rarchiques afin de se faire bien voir, et o\u00f9 l&#8217;arrogance des &#8220;responsables&#8221; de haut niveau leur faisait oublier qu&#8217;en r\u00e9alit\u00e9 ils ne d\u00e9cidaient rien : la d\u00e9cision finale revenait toujours aux lois de la nature. Imbus de leur sup\u00e9riorit\u00e9 technologique, ils avaient n\u00e9glig\u00e9 de se mettre au niveau, tr\u00e8s rationnel, de leur plombier.<\/p>\n<h2 style=\"text-align: justify;\">N\u00e9cessit\u00e9 de barri\u00e8res logiques<\/h2>\n<div id=\"attachment_2480\" style=\"width: 310px\" class=\"wp-caption alignleft\"><a href=\"https:\/\/fr.wikipedia.org\/wiki\/Poup\u00e9e_russe\"><img aria-describedby=\"caption-attachment-2480\" decoding=\"async\" loading=\"lazy\" class=\"wp-image-2480 size-medium\" src=\"https:\/\/aitia.fr\/erd\/wp-content\/uploads\/2015\/03\/600px-Russian-Matroshka_no_bg-300x240.jpg\" alt=\"poup\u00e9es russes (matriochkas)\" width=\"300\" height=\"240\" srcset=\"https:\/\/aitia.fr\/erd\/wp-content\/uploads\/2015\/03\/600px-Russian-Matroshka_no_bg-300x240.jpg 300w, https:\/\/aitia.fr\/erd\/wp-content\/uploads\/2015\/03\/600px-Russian-Matroshka_no_bg.jpg 600w\" sizes=\"(max-width: 300px) 100vw, 300px\" \/><\/a><p id=\"caption-attachment-2480\" class=\"wp-caption-text\">transitivit\u00e9 exp\u00e9rimentale<\/p><\/div>\n<p style=\"text-align: justify;\">Un des premiers guides de la raison est la logique, qui s&#8217;impose \u00e0 chacun m\u00eame sans formation particuli\u00e8re, au moins pour les raisonnements simples. Ainsi, il doit \u00eatre \u00e9vident pour chacun que si <em>a &gt; b<\/em> et <em>b &gt; c<\/em>, alors <em>a &gt; c<\/em>\u00a0(ce qu&#8217;on nomme en math\u00e9matiques la <a title=\"relation transitive\" href=\"https:\/\/fr.wikipedia.org\/wiki\/Relation_transitive\" target=\"_blank\" rel=\"noopener noreferrer\">transitivit\u00e9<\/a> de la relation &#8220;est sup\u00e9rieur \u00e0&#8221;). Tout le monde a pu le v\u00e9rifier en mettant des petites bo\u00eetes dans des grandes. De m\u00eame, chacun doit admettre qu&#8217;on ne peut accepter en m\u00eame temps deux propositions contradictoires, telles que <em>a &lt; b<\/em> et <em>a &gt; b<\/em>. \u00c9nonc\u00e9es de cette fa\u00e7on, ces r\u00e8gles semblent des \u00e9vidences ; pourtant, des absurdit\u00e9s logiques implicites pars\u00e8ment tr\u00e8s souvent les discours m\u00e9diatiques, et nous n&#8217;y prenons pas forc\u00e9ment garde tant elles sont bien &#8220;envelopp\u00e9es&#8221; dans des concepts flous ou mises \u00e0 distance de notre raison par une tyrannie \u00e9motionnelle. Nous avons d\u00e9j\u00e0 d\u00e9busqu\u00e9 quelques absurdit\u00e9s logiques\u00a0<a title=\"Les mots creux du nouveau maccarthysme\" href=\"https:\/\/aitia.fr\/erd\/les-mots-creux-du-nouveau-maccarthysme\/\">dans cet article<\/a>.<\/p>\n<h2 style=\"text-align: justify;\">L&#8217;arbitrage n\u00e9cessaire du r\u00e9el<\/h2>\n<p style=\"text-align: justify;\">La logique pure, qui est une branche des math\u00e9matiques, n&#8217;ob\u00e9it qu&#8217;\u00e0 des r\u00e8gles formelles qui ne d\u00e9crivent pas forc\u00e9ment un monde familier et concret. Cependant, la logique &#8220;ordinaire&#8221;\u00a0s&#8217;applique le plus souvent\u00a0\u00e0 des ph\u00e9nom\u00e8nes courants dont nous avons fait l&#8217;exp\u00e9rience : par exemple, nul ne doute qu&#8217;on peut passer un objet solide \u00e0 travers un fluide (liquide ou gaz) sans le &#8220;couper en deux&#8221; (puisque la br\u00e8che ouverte dans le liquide ou le gaz se referme aussit\u00f4t) mais qu&#8217;il est impossible de faire la m\u00eame chose avec\u00a0un autre objet solide, l&#8217;un des deux au moins devant se rompre. Ce\u00a0&#8220;bon sens&#8221; est\u00a0quelquefois trompeur si l&#8217;on s&#8217;aventure en dehors du domaine d&#8217;exp\u00e9rience courant ; ainsi la physique quantique r\u00e9serve bien des surprises et il faut se forcer un peu pour accepter qu&#8217;un photon <a title=\"Exp\u00e9rience des fentes de Young\" href=\"https:\/\/fr.wikipedia.org\/wiki\/Fentes_d%27Young#Interpr.C3.A9tation_quantique_du_ph.C3.A9nom.C3.A8ne\" target=\"_blank\" rel=\"noopener noreferrer\">puisse passer dans deux trous \u00e0 la fois<\/a>. Mais il ne s&#8217;agit l\u00e0 que de probl\u00e8mes cognitifs dus \u00e0 une extension abusive de notre &#8220;bon sens physique&#8221; \u00e0 un monde dont nous n&#8217;avons pas une connaissance directe.<\/p>\n<p style=\"text-align: justify;\"><a href=\"https:\/\/aitia.fr\/erd\/wp-content\/uploads\/2015\/03\/NIST-NCSTAR-1-p38-Fairbanks-1.jpg\" target=\"_blank\" rel=\"noopener noreferrer\"><img decoding=\"async\" loading=\"lazy\" class=\"aligncenter wp-image-2439 size-large\" src=\"https:\/\/aitia.fr\/erd\/wp-content\/uploads\/2015\/03\/NIST-NCSTAR-1-p38-Fairbanks-1-1024x377.jpg\" alt=\"fig. 3.1 NIST NCSTAR 1 + image vid\u00e9o Evan Fairbanks collision WTC2\" width=\"700\" height=\"258\" srcset=\"https:\/\/aitia.fr\/erd\/wp-content\/uploads\/2015\/03\/NIST-NCSTAR-1-p38-Fairbanks-1-1024x377.jpg 1024w, https:\/\/aitia.fr\/erd\/wp-content\/uploads\/2015\/03\/NIST-NCSTAR-1-p38-Fairbanks-1-300x111.jpg 300w, https:\/\/aitia.fr\/erd\/wp-content\/uploads\/2015\/03\/NIST-NCSTAR-1-p38-Fairbanks-1-600x221.jpg 600w, https:\/\/aitia.fr\/erd\/wp-content\/uploads\/2015\/03\/NIST-NCSTAR-1-p38-Fairbanks-1.jpg 1080w\" sizes=\"(max-width: 700px) 100vw, 700px\" \/><\/a><\/p>\n<p style=\"text-align: center;\"><a title=\"NIST NCSTAR 1 (PDF)\" href=\"https:\/\/www.nist.gov\/customcf\/get_pdf.cfm?pub_id=909017\" target=\"_blank\" rel=\"noopener noreferrer\">Selon le NIST (p. 38)<\/a>\u00a0qui se base sur de nombreuses <a title=\"Vid\u00e9o Evan Fairbanks explosion WTC2 + effondrement\" href=\"https:\/\/www.youtube.com\/watch?v=9mfT8cDzjpk\" target=\"_blank\" rel=\"noopener noreferrer\">vid\u00e9os<\/a>,<br \/>\nl&#8217;avion a compl\u00e8tement disparu \u00e0 l&#8217;int\u00e9rieur du b\u00e2timent en un cinqui\u00e8me de seconde.<\/p>\n<p style=\"text-align: center;\"><a href=\"https:\/\/aitia.fr\/erd\/wp-content\/uploads\/2015\/03\/photo-trou-WTC2-NIST-NCSTAR-1-p39.jpg\" target=\"_blank\" rel=\"noopener noreferrer\"><img decoding=\"async\" loading=\"lazy\" class=\"aligncenter wp-image-2441 size-large\" src=\"https:\/\/aitia.fr\/erd\/wp-content\/uploads\/2015\/03\/photo-trou-WTC2-NIST-NCSTAR-1-p39-1024x402.jpg\" alt=\"photo trou WTC2 + fig. 3.2 NIST NCSTAR 1 p39\" width=\"700\" height=\"275\" srcset=\"https:\/\/aitia.fr\/erd\/wp-content\/uploads\/2015\/03\/photo-trou-WTC2-NIST-NCSTAR-1-p39-1024x402.jpg 1024w, https:\/\/aitia.fr\/erd\/wp-content\/uploads\/2015\/03\/photo-trou-WTC2-NIST-NCSTAR-1-p39-300x118.jpg 300w, https:\/\/aitia.fr\/erd\/wp-content\/uploads\/2015\/03\/photo-trou-WTC2-NIST-NCSTAR-1-p39-600x235.jpg 600w, https:\/\/aitia.fr\/erd\/wp-content\/uploads\/2015\/03\/photo-trou-WTC2-NIST-NCSTAR-1-p39.jpg 1440w\" sizes=\"(max-width: 700px) 100vw, 700px\" \/><\/a><\/p>\n<p style=\"text-align: center;\"><span class=\"Apple-style-span\"><a title=\"NIST NCSTAR 1 (PDF)\" href=\"https:\/\/www.nist.gov\/customcf\/get_pdf.cfm?pub_id=909017\" target=\"_blank\" rel=\"noopener noreferrer\">Selon le NIST (p. 39)<\/a>\u00a0qui se base sur de nombreuses photographies,<br \/>\nles colonnes ext\u00e9rieures\u00a0rencontr\u00e9es par la d\u00e9rive verticale n&#8217;ont pas \u00e9t\u00e9 coup\u00e9es.<\/span><\/p>\n<h2>Transmissibilit\u00e9 de la connaissance rationnelle<\/h2>\n<p style=\"text-align: justify;\">Une des caract\u00e9ristiques les plus essentielles de la connaissance rationnelle est la possibilit\u00e9 de la communiquer par le discours, oral ou \u00e9crit, ind\u00e9pendamment des cultures, croyances ou go\u00fbts personnels de chacun. Certes, cette transmission peut \u00eatre longue et difficile (la physique quantique est th\u00e9oriquement \u00e0 la port\u00e9e de tous ; en pratique, r\u00e9serv\u00e9e \u00e0\u00a0un public restreint seulement) mais rien ne l&#8217;emp\u00eache <em>a priori<\/em>. Elle se distingue en cela de la foi religieuse, ou m\u00eame des go\u00fbts alimentaires : une personne ayant grandi avec un certain type de cuisine peut avoir du mal \u00e0 en appr\u00e9cier une autre,\u00a0qui pourtant n&#8217;est pas moins bonne &#8220;en soi&#8221;.<\/p>\n<div id=\"attachment_2415\" style=\"width: 254px\" class=\"wp-caption alignright\"><a href=\"https:\/\/commons.wikimedia.org\/wiki\/File:Galileo.arp.300pix.jpg?uselang=fr\"><img aria-describedby=\"caption-attachment-2415\" decoding=\"async\" loading=\"lazy\" class=\"wp-image-2415 size-medium\" src=\"https:\/\/aitia.fr\/erd\/wp-content\/uploads\/2015\/03\/Galileo.arp_.300pix-244x300.jpg\" alt=\"Galileo Galilei\" width=\"244\" height=\"300\" srcset=\"https:\/\/aitia.fr\/erd\/wp-content\/uploads\/2015\/03\/Galileo.arp_.300pix-244x300.jpg 244w, https:\/\/aitia.fr\/erd\/wp-content\/uploads\/2015\/03\/Galileo.arp_.300pix.jpg 330w\" sizes=\"(max-width: 244px) 100vw, 244px\" \/><\/a><p id=\"caption-attachment-2415\" class=\"wp-caption-text\">Galileo Galilei<\/p><\/div>\n<p style=\"text-align: justify;\">Cette transmission ne peut certainement pas\u00a0se faire sous la contrainte :\u00a0aucune pression\u00a0d&#8217;ordre physique, financier, l\u00e9gislatif ou autre ne peut forcer quiconque \u00e0 <em>comprendre<\/em> quoi que ce soit, ou \u00e0 reconna\u00eetre la r\u00e9alit\u00e9 de telle donn\u00e9e exp\u00e9rimentale. Bien au contraire, le domaine de la raison est celui de la libert\u00e9, mais une libert\u00e9 encadr\u00e9e par les r\u00e8gles de la logique et de l&#8217;exp\u00e9rience dont nous parlions plus haut. Le c\u00e9l\u00e8bre Galileo Galilei, plus connu en fran\u00e7ais sous le nom de Galil\u00e9e et qu&#8217;on peut consid\u00e9rer comme un des\u00a0fondateurs de la physique, a bien\u00a0abjur\u00e9\u00a0sous la pression de l&#8217;\u00c9glise en 1633 l&#8217;<a title=\"h\u00e9liocentrisme (Wikip\u00e9dia)\" href=\"https:\/\/fr.wikipedia.org\/wiki\/H\u00e9liocentrisme\" target=\"_blank\" rel=\"noopener noreferrer\">h\u00e9liocentrisme<\/a> <a title=\"r\u00e9volution copernicienne (Wikip\u00e9dia)\" href=\"https:\/\/fr.wikipedia.org\/wiki\/R\u00e9volution_copernicienne\" target=\"_blank\" rel=\"noopener noreferrer\">copernicien<\/a> qu&#8217;il enseignait, mais cela n&#8217;a pas emp\u00each\u00e9, ni la Terre de tourner autour du Soleil (et sur elle-m\u00eame), ni les hommes d&#8217;\u00eatre de plus en plus nombreux \u00e0 le savoir.\u00a0Il serait\u00a0absurde de menacer de prison ou d&#8217;une amende quiconque refuse de croire que la Terre n&#8217;est pas le centre fixe du monde : bien au contraire,\u00a0la <strong>condition n\u00e9cessaire<\/strong> (mais non suffisante) pour d\u00e9montrer la fausset\u00e9 de cette affirmation est que chacun puisse la faire en toute libert\u00e9.<\/p>\n<p style=\"text-align: center;\"><iframe loading=\"lazy\" src=\"https:\/\/www.youtube.com\/embed\/zBd8VXvoTkI?rel=0\" width=\"640\" height=\"360\" frameborder=\"0\" allowfullscreen=\"allowfullscreen\"><\/iframe><\/p>\n<p style=\"text-align: center;\"><a title=\"Hassan Nasrallah (Wikip\u00e9dia)\" href=\"https:\/\/fr.wikipedia.org\/wiki\/Hassan_Nasrallah\" target=\"_blank\" rel=\"noopener noreferrer\">Hassan Nasrallah<\/a>\u00a0se moquant des fatwas d&#8217;un mufti de l&#8217;ISIS<span class=\"Apple-style-span\">\u00a0<\/span>passablement arri\u00e9r\u00e9<br \/>\n(puisqu&#8217;il veut imposer par la violence\u00a0la th\u00e9orie\u00a0<a title=\"g\u00e9ocentrisme (Wikip\u00e9dia)\" href=\"https:\/\/fr.wikipedia.org\/wiki\/G\u00e9ocentrisme\" target=\"_blank\" rel=\"noopener noreferrer\">g\u00e9ocentrique<\/a>\u00a0de l&#8217;univers),<br \/>\nmais\u00a0totalement en phase avec le cheikh\u00a0<span class=\"Apple-style-span\">Bandar al-Khaibari, un religieux saoudien<\/span><br \/>\n(signal\u00e9 dans\u00a0un article de\u00a0<a title=\"Pouring gasoline on fire (Veterans Today, 2015-02-19)\" href=\"https:\/\/www.veteranstoday.com\/2015\/02\/19\/pouring-gasoline-on-the-fire\/\" target=\"_blank\" rel=\"noopener noreferrer\">Veterans Today<\/a>)<\/p>\n<div><\/div>\n<h2>Connaissance m\u00e9diate et imm\u00e9diate<\/h2>\n<p style=\"text-align: justify;\">Mais finalement, <em>savons-nous<\/em> r\u00e9ellement que la Terre n&#8217;est pas au centre de l&#8217;univers ? En r\u00e9alit\u00e9, peu d&#8217;entre nous le savent de fa\u00e7on rationnelle : la plupart se contentent de faire confiance aux autorit\u00e9s scientifiques, \u00e0 des personnes plus qualifi\u00e9es qu&#8217;elles pour le comprendre. Ce qui est une attitude raisonnable, si l&#8217;existence de ces autorit\u00e9s n&#8217;est due qu&#8217;\u00e0 la qualit\u00e9 de leur raisonnement et de leur savoir, mais aussi \u00e0 condition que les autorit\u00e9s r\u00e9ellement comp\u00e9tentes soient bien celles qui acc\u00e8dent aux canaux de diffusion du savoir. Car dans un monde o\u00f9 le contr\u00f4le de l&#8217;information\u00a0constitue un pouvoir\u00a0de premier ordre, comment \u00eatre certain que les &#8220;experts&#8221;\u00a0pr\u00e9sent\u00e9s par des media centralis\u00e9s comme des autorit\u00e9s dans leur discipline sont bien \u00e0 la pointe du savoir et surtout sans parti pris, si l&#8217;on n&#8217;est pas soi-m\u00eame capable d&#8217;en juger ?<\/p>\n<p style=\"text-align: justify;\">Il\u00a0vaut mieux \u00eatre conscients qu&#8217;en d\u00e9finitive, nous ne savons pas grand-chose de fa\u00e7on rationnelle. Notre v\u00e9ritable domaine de savoir est toujours\u00a0limit\u00e9 par notre exp\u00e9rience et nos capacit\u00e9s de raisonnement. La tentation est grande de croire que nous pouvons tout savoir, et les vendeurs d&#8217;information (aussi bien du contenu que du contenant, les abonnements internet et les appareils connect\u00e9s constituant deux\u00a0march\u00e9s juteux interd\u00e9pendants) ne se privent pas de nous tenter afin que nous passions \u00e0 la caisse, mais en r\u00e9alit\u00e9, la plupart du temps <strong>nous ne savons pas, nous ne faisons que r\u00e9p\u00e9ter ce qui nous est dit<\/strong>. En cherchant \u00e0 tout &#8220;savoir&#8221; par la consultation compulsive d&#8217;informations en continu, sans prendre le temps d&#8217;exercer notre esprit critique, nous ne faisons en r\u00e9alit\u00e9 que nous asservir volontairement \u00e0 ceux qui contr\u00f4lent ces canaux m\u00e9diatiques.<\/p>\n<div id=\"attachment_2487\" style=\"width: 310px\" class=\"wp-caption alignleft\"><a href=\"https:\/\/en.wikipedia.org\/wiki\/Sedentary_lifestyle\" target=\"_blank\" rel=\"noopener noreferrer\"><img aria-describedby=\"caption-attachment-2487\" decoding=\"async\" loading=\"lazy\" class=\"wp-image-2487 size-medium\" src=\"https:\/\/aitia.fr\/erd\/wp-content\/uploads\/2015\/03\/645px-Family_watching_television_1958-300x279.jpg\" alt=\"645px-Family_watching_television_1958\" width=\"300\" height=\"279\" srcset=\"https:\/\/aitia.fr\/erd\/wp-content\/uploads\/2015\/03\/645px-Family_watching_television_1958-300x279.jpg 300w, https:\/\/aitia.fr\/erd\/wp-content\/uploads\/2015\/03\/645px-Family_watching_television_1958-600x558.jpg 600w, https:\/\/aitia.fr\/erd\/wp-content\/uploads\/2015\/03\/645px-Family_watching_television_1958.jpg 645w\" sizes=\"(max-width: 300px) 100vw, 300px\" \/><\/a><p id=\"caption-attachment-2487\" class=\"wp-caption-text\">s\u00e9ance de dressage (1958)<\/p><\/div>\n<p style=\"text-align: justify;\">Les exemples sont nombreux de choses &#8220;\u00e9videntes&#8221; que la plupart des gens r\u00e9p\u00e8tent sans les comprendre. Nous pouvons \u00eatre certains qu&#8217;il fait plus chaud (en moyenne) en \u00e9t\u00e9 qu&#8217;en hiver : nous en avons tous fait l&#8217;exp\u00e9rience. Il s&#8217;agit l\u00e0 d&#8217;une <em>donn\u00e9e exp\u00e9rimentale<\/em>.\u00a0<em>Comprendre<\/em> pourquoi n\u00e9cessite d\u00e9j\u00e0 un effort rationnel suppl\u00e9mentaire, que bien des personnes sont incapables de faire.<\/p>\n<p style=\"text-align: justify;\">Nous pouvons \u00eatre certains que se donner un coup de marteau sur le doigt fait mal : nous en avons \u00e9galement fait l&#8217;exp\u00e9rience. Mais le m\u00e9canisme par lequel nous ressentons la douleur est, lui, tr\u00e8s complexe et parfois trompeur : ainsi des personnes mutil\u00e9es per\u00e7oivent-elles souvent des douleurs dans des parties du corps qu&#8217;elles n&#8217;ont plus. Et tous les sens sont faciles \u00e0 tromper (m\u00eame chez les valides) pour qui conna\u00eet leur fonctionnement, et par cons\u00e9quent leurs limites.<\/p>\n<p style=\"text-align: justify;\">Savons-nous <em>rationnellement<\/em> que la gravit\u00e9 existe et comment elle se manifeste ? C&#8217;est d\u00e9j\u00e0 beaucoup plus subtil\u00a0: tous les humains en font n\u00e9cessairement l&#8217;exp\u00e9rience d\u00e8s le jour de leur naissance, mais il a fallu attendre Newton pour aller au-del\u00e0 des apparences et <em>comprendre<\/em> que, au lieu de se demander\u00a0pourquoi la Lune ne tombait pas, <a title=\"\u00ab Il fallait \u00eatre Newton pour apercevoir que la lune tombe, quand tout le monde voit bien qu\u2019elle ne tombe pas. \u00bb (Paul Val\u00e9ry)\" href=\"https:\/\/qqcitations.com\/citation\/152267\" target=\"_blank\" rel=\"noopener noreferrer\">il fallait voir\u00a0qu&#8217;elle tombait<\/a> exactement comme la pomme.<\/p>\n<p style=\"text-align: justify;\">Savons-nous <em>rationnellement<\/em> que des hommes ont march\u00e9 sur la Lune ? Au risque de choquer, je dirai que personnellement je ne peux pas l&#8217;affirmer. N&#8217;ayant pas \u00e9tudi\u00e9 de pr\u00e8s\u00a0la question, je me contente de r\u00e9p\u00e9ter ce que tout le monde &#8220;sait&#8221; (mais en r\u00e9alit\u00e9, r\u00e9p\u00e8te) : oui, des Am\u00e9ricains ont march\u00e9 sur la Lune,\u00a0<a title=\"missions lunaires du programme Apollo (Wikip\u00e9dia)\" href=\"https:\/\/fr.wikipedia.org\/wiki\/Programme_Apollo#Les_missions_lunaires\" target=\"_blank\" rel=\"noopener noreferrer\">entre 1969 et 1972<\/a>. Je sais rationnellement que c&#8217;est physiquement et techniquement possible, mais je sais \u00e9galement qu&#8217;il est physiquement et techniquement possible de tromper des t\u00e9l\u00e9spectateurs par des artifices de cin\u00e9ma\u00a0(il n&#8217;y avait, par la force des choses, que tr\u00e8s peu de t\u00e9moins directs).\u00a0Comme je n&#8217;ai pas une exp\u00e9rience personnelle de ces missions, et que ma raison (au niveau superficiel de connaissance que j&#8217;ai des \u00e9v\u00e9nements) ne me permet pas de prouver ni l&#8217;authenticit\u00e9 ni la supercherie, je dois bien reconna\u00eetre\u00a0qu&#8217;au fond, <strong>je n&#8217;en sais rien<\/strong>. Car ici, l&#8217;argument que tout le monde avancera spontan\u00e9ment (<em>&#8220;c&#8217;est impossible qu&#8217;on ait \u00e9t\u00e9 tromp\u00e9s \u00e0 ce point !&#8221;<\/em>) n&#8217;est pas un argument d&#8217;ordre rationnel (comme celui qu&#8217;on opposerait \u00e0 quiconque pr\u00e9tendrait qu&#8217;il fait plus chaud en hiver qu&#8217;en \u00e9t\u00e9), mais un argument d&#8217;ordre \u00e9motionnel et moral : la d\u00e9ception, l&#8217;indignation et la col\u00e8re seraient trop grandes pour nous. C&#8217;est peut-\u00eatre difficile \u00e0 admettre, mais c&#8217;est ainsi, et bien d&#8217;autres choses &#8220;connues de tous&#8221; rentrent dans la m\u00eame cat\u00e9gorie des &#8220;faux savoirs&#8221;, non parce que ce qu&#8217;ils disent est <em>n\u00e9cessairement<\/em> faux, mais parce que ce qu&#8217;ils disent ne peut \u00eatre ni d\u00e9montr\u00e9, ni\u00a0infirm\u00e9 rationnellement par la personne qui les porte. La case &#8220;je ne sais pas&#8221; est de loin la plus remplie dans le cerveau des humains qui testent vraiment la solidit\u00e9 de leurs connaissances.<\/p>\n<h2>Soyons durs et modestes<\/h2>\n<p style=\"text-align: justify;\">Le savoir rationnel est donc bien plus restreint que ce que notre orgueil nous pousse \u00e0 croire. Sortis de nos exp\u00e9riences directes et de l&#8217;exercice rigoureux de la\u00a0raison dans notre domaine r\u00e9el de comp\u00e9tence (lequel n&#8217;est pas le m\u00eame pour le boulanger, l&#8217;artisan menuisier, le musicien ou l&#8217;ing\u00e9nieur), nous ne pouvons en r\u00e9alit\u00e9 pas savoir grand-chose. L&#8217;omnipr\u00e9sence de media qui nous promettent de tout savoir sur tout, en n&#8217;importe quel lieu et \u00e0 tout instant n&#8217;a fait qu&#8217;empirer la chose : lorsqu&#8217;on n&#8217;avait pour tout horizon que celui de son village,\u00a0sans t\u00e9l\u00e9phone, radio ni t\u00e9l\u00e9vision, et encore moins d&#8217;internet, on savait qu&#8217;on ne savait pas tout, ce qui \u00e9tait d\u00e9j\u00e0 une forme de savoir. Et\u00a0on prenait aussi le temps d&#8217;\u00e9tudier r\u00e9ellement le monde \u00e0 port\u00e9e de sens et de raison.<\/p>\n<p style=\"text-align: justify;\">C&#8217;\u00e9taient les conditions de vie d&#8217;<a title=\"Immanuel Kant\" href=\"https:\/\/fr.wikipedia.org\/wiki\/Emmanuel_Kant\" target=\"_blank\" rel=\"noopener noreferrer\">Immanuel Kant<\/a>,\u00a0qui n&#8217;a jamais quitt\u00e9 sa r\u00e9gion natale, mais qui a contribu\u00e9 \u00e0 poser des bases solides au savoir rationnel. Tout comme Newton.<\/p>\n","protected":false},"excerpt":{"rendered":"<p>Vaste programme, comme aurait dit de Gaulle \u00e0 propos d&#8217;un autre sujet&#8230; finalement pas tr\u00e8s \u00e9loign\u00e9. Impossible dans un article de blog de traiter cette question en profondeur et d&#8217;avoir une quelconque pr\u00e9tention \u00e9pist\u00e9mologique ; n\u00e9anmoins, les discours m\u00e9diatiques ambiants abondent tellement en contre-exemples, nous soumettent \u00e0 tant de feux d&#8217;artifices irrationnels, qu&#8217;il para\u00eet utile [&hellip;]<\/p>\n","protected":false},"author":1,"featured_media":0,"comment_status":"open","ping_status":"open","sticky":false,"template":"","format":"standard","meta":[],"categories":[3],"tags":[206,205,83,203,87,204],"_links":{"self":[{"href":"https:\/\/aitia.fr\/erd\/wp-json\/wp\/v2\/posts\/640"}],"collection":[{"href":"https:\/\/aitia.fr\/erd\/wp-json\/wp\/v2\/posts"}],"about":[{"href":"https:\/\/aitia.fr\/erd\/wp-json\/wp\/v2\/types\/post"}],"author":[{"embeddable":true,"href":"https:\/\/aitia.fr\/erd\/wp-json\/wp\/v2\/users\/1"}],"replies":[{"embeddable":true,"href":"https:\/\/aitia.fr\/erd\/wp-json\/wp\/v2\/comments?post=640"}],"version-history":[{"count":121,"href":"https:\/\/aitia.fr\/erd\/wp-json\/wp\/v2\/posts\/640\/revisions"}],"predecessor-version":[{"id":17083,"href":"https:\/\/aitia.fr\/erd\/wp-json\/wp\/v2\/posts\/640\/revisions\/17083"}],"wp:attachment":[{"href":"https:\/\/aitia.fr\/erd\/wp-json\/wp\/v2\/media?parent=640"}],"wp:term":[{"taxonomy":"category","embeddable":true,"href":"https:\/\/aitia.fr\/erd\/wp-json\/wp\/v2\/categories?post=640"},{"taxonomy":"post_tag","embeddable":true,"href":"https:\/\/aitia.fr\/erd\/wp-json\/wp\/v2\/tags?post=640"}],"curies":[{"name":"wp","href":"https:\/\/api.w.org\/{rel}","templated":true}]}}