{"id":6271,"date":"2016-04-03T11:37:26","date_gmt":"2016-04-03T09:37:26","guid":{"rendered":"https:\/\/aitia.fr\/erd\/?p=6271"},"modified":"2016-04-03T11:38:39","modified_gmt":"2016-04-03T09:38:39","slug":"ce-nest-pas-francois-hollande-qui-dirige-la-france-cest-le-medef-gearoid-o-colmain-rt-france","status":"publish","type":"post","link":"https:\/\/aitia.fr\/erd\/ce-nest-pas-francois-hollande-qui-dirige-la-france-cest-le-medef-gearoid-o-colmain-rt-france\/","title":{"rendered":"\u00abCe n\u2019est pas Fran\u00e7ois Hollande qui dirige la France, c\u2019est le MEDEF\u00bb (Gear\u00f3id \u00d3 Colm\u00e1in, RT France)"},"content":{"rendered":"<p class=\"text__summary\" style=\"text-align: justify;\"><img decoding=\"async\" loading=\"lazy\" class=\"alignleft wp-image-6274\" src=\"https:\/\/aitia.fr\/erd\/wp-content\/uploads\/2016\/04\/manif.jpg\" alt=\"manif\" width=\"450\" height=\"253\" srcset=\"https:\/\/aitia.fr\/erd\/wp-content\/uploads\/2016\/04\/manif.jpg 790w, https:\/\/aitia.fr\/erd\/wp-content\/uploads\/2016\/04\/manif-300x169.jpg 300w, https:\/\/aitia.fr\/erd\/wp-content\/uploads\/2016\/04\/manif-768x432.jpg 768w, https:\/\/aitia.fr\/erd\/wp-content\/uploads\/2016\/04\/manif-600x337.jpg 600w\" sizes=\"(max-width: 450px) 100vw, 450px\" \/>Le parti dirig\u00e9 par Fran\u00e7ois Hollande est un parti capitaliste qui a le devoir d\u2019imposer le capitalisme aux ouvriers, estime l\u2019analyste politique ind\u00e9pendant Gear\u00f3id \u00d3 Colm\u00e1in [<em>Note de l&#8217;auteur de ce blog : analyste politique irlandais bas\u00e9 \u00e0 Paris<\/em>] en commentant les nombreuses protestations contre la loi travail.<\/p>\n<p style=\"text-align: justify;\"><strong>RT France\u00a0: <\/strong><strong>Pourquoi constate-t-on autant d\u2019<a href=\"https:\/\/francais.rt.com\/france\/18274--manifestations-contre-loi-travail-31-mars\">indignation dans les rues<\/a>\u00a0dans le cadre de\u00a0la nouvelle r\u00e9forme du Code de travail\u00a0?<\/strong><\/p>\n<p style=\"text-align: justify;\"><strong>O\u2019Colmain : <\/strong>En fait, ce qui est en train de se passer, c\u2019est une pr\u00e9carisation de la vie des travailleurs. Cela veut dire que \u00e7a va \u00eatre plus facile pour les employeurs de renvoyer quelqu\u2019un. Les\u00a0droits des travailleurs, qu\u2019ils ont gagn\u00e9s \u00e0 travers plus d\u2019un si\u00e8cle de lutte de classes en France, sont aujourd\u2019hui bafou\u00e9s par le gouvernement d\u2019Hollande. On voit donc que, en France, le gouvernement actuel est un gouvernement extr\u00eamement anti-travailleur et que les ouvriers n\u2019en peuvent plus. Il n&#8217;y a pas de travail de qualit\u00e9 aujourd\u2019hui pour la classe ouvri\u00e8re en France, on assiste \u00e0 un appauvrissement massif de la classe ouvri\u00e8re \u00e0 cause de la mondialisation.<\/p>\n<p style=\"text-align: justify;\">L\u2019immigration aussi joue un r\u00f4le, dans la mesure o\u00f9 ces\u00a0\u00e9trangers vont travailler bien \u00e9videmment pour un salaire moins \u00e9lev\u00e9 qu\u2019un travailleur fran\u00e7ais. Cela cr\u00e9e aussi des probl\u00e8mes de x\u00e9nophobie. Le\u00a0m\u00e9contentement, face \u00e0 cette situation, est surtout palpable chez les ouvriers fran\u00e7ais. Donc, on a plusieurs facteurs qui, je pense, jouent un r\u00f4le dans ce m\u00e9contentement, ce malaise fran\u00e7ais actuel que nous sommes en train de voir s&#8217;aggraver.<\/p>\n<p style=\"text-align: justify;\"><a href=\"https:\/\/francais.rt.com\/opinions\/18355-pas-francois-hollande-dirige-france-medef\" target=\"_blank\">Continuer la lecture sur RT France \u27f6<\/a><\/p>\n<p style=\"text-align: justify;\">Voir aussi sur ce blog, \u00e0 propos de la trahison in\u00e9luctable des v\u00e9ritables travailleurs par &#8220;la gauche&#8221; et de sa collaboration de plus en plus d\u00e9complex\u00e9e avec le capitalisme d\u00e9cha\u00een\u00e9 : <em><a href=\"https:\/\/aitia.fr\/erd\/les-mysteres-de-la-gauche\/\" target=\"_blank\">Les myst\u00e8res de la gauche<\/a><\/em>, de Jean-Claude Mich\u00e9a.<\/p>\n","protected":false},"excerpt":{"rendered":"<p>Le parti dirig\u00e9 par Fran\u00e7ois Hollande est un parti capitaliste qui a le devoir d\u2019imposer le capitalisme aux ouvriers, estime l\u2019analyste politique ind\u00e9pendant Gear\u00f3id \u00d3 Colm\u00e1in [Note de l&#8217;auteur de ce blog : analyste politique irlandais bas\u00e9 \u00e0 Paris] en commentant les nombreuses protestations contre la loi travail. RT France\u00a0: Pourquoi constate-t-on autant d\u2019indignation dans [&hellip;]<\/p>\n","protected":false},"author":1,"featured_media":0,"comment_status":"open","ping_status":"open","sticky":false,"template":"","format":"standard","meta":[],"categories":[4,134],"tags":[66,117,281,65],"_links":{"self":[{"href":"https:\/\/aitia.fr\/erd\/wp-json\/wp\/v2\/posts\/6271"}],"collection":[{"href":"https:\/\/aitia.fr\/erd\/wp-json\/wp\/v2\/posts"}],"about":[{"href":"https:\/\/aitia.fr\/erd\/wp-json\/wp\/v2\/types\/post"}],"author":[{"embeddable":true,"href":"https:\/\/aitia.fr\/erd\/wp-json\/wp\/v2\/users\/1"}],"replies":[{"embeddable":true,"href":"https:\/\/aitia.fr\/erd\/wp-json\/wp\/v2\/comments?post=6271"}],"version-history":[{"count":10,"href":"https:\/\/aitia.fr\/erd\/wp-json\/wp\/v2\/posts\/6271\/revisions"}],"predecessor-version":[{"id":6299,"href":"https:\/\/aitia.fr\/erd\/wp-json\/wp\/v2\/posts\/6271\/revisions\/6299"}],"wp:attachment":[{"href":"https:\/\/aitia.fr\/erd\/wp-json\/wp\/v2\/media?parent=6271"}],"wp:term":[{"taxonomy":"category","embeddable":true,"href":"https:\/\/aitia.fr\/erd\/wp-json\/wp\/v2\/categories?post=6271"},{"taxonomy":"post_tag","embeddable":true,"href":"https:\/\/aitia.fr\/erd\/wp-json\/wp\/v2\/tags?post=6271"}],"curies":[{"name":"wp","href":"https:\/\/api.w.org\/{rel}","templated":true}]}}