{"id":6252,"date":"2016-03-30T14:06:41","date_gmt":"2016-03-30T12:06:41","guid":{"rendered":"https:\/\/aitia.fr\/erd\/?p=6252"},"modified":"2016-03-30T14:06:41","modified_gmt":"2016-03-30T12:06:41","slug":"chasse-aux-sorcieres-antisemites-a-sciences-po-guillaume-weill-raynal","status":"publish","type":"post","link":"https:\/\/aitia.fr\/erd\/chasse-aux-sorcieres-antisemites-a-sciences-po-guillaume-weill-raynal\/","title":{"rendered":"Chasse aux sorci\u00e8res \u00abantis\u00e9mites\u00bb \u00e0 Sciences Po (Guillaume Weill Raynal)"},"content":{"rendered":"<p style=\"text-align: justify;\"><img decoding=\"async\" loading=\"lazy\" class=\"alignleft wp-image-6254\" src=\"https:\/\/aitia.fr\/erd\/wp-content\/uploads\/2016\/03\/conseil-de-la-licra-fr.jpg\" alt=\"conseil-de-la-licra-fr\" width=\"400\" height=\"252\" srcset=\"https:\/\/aitia.fr\/erd\/wp-content\/uploads\/2016\/03\/conseil-de-la-licra-fr.jpg 960w, https:\/\/aitia.fr\/erd\/wp-content\/uploads\/2016\/03\/conseil-de-la-licra-fr-300x189.jpg 300w, https:\/\/aitia.fr\/erd\/wp-content\/uploads\/2016\/03\/conseil-de-la-licra-fr-768x484.jpg 768w, https:\/\/aitia.fr\/erd\/wp-content\/uploads\/2016\/03\/conseil-de-la-licra-fr-600x378.jpg 600w\" sizes=\"(max-width: 400px) 100vw, 400px\" \/>[<em>Note de l&#8217;auteur du blog \u00c9loge de la raison dure : d\u00e9monstration par l&#8217;absurde de la vaste arnaque de la &#8220;lutte contre l&#8217;antis\u00e9mitisme&#8221; institutionnelle, qui a de plus en plus de mal \u00e0 cacher sa v\u00e9ritable nature : une police de la pens\u00e9e politique.<\/em>]<\/p>\n<p style=\"text-align: justify;\">Sur sa page Facebook, un prof de Sciences Po a proc\u00e9d\u00e9, ces jours-ci, au lynchage d&#8217;une \u00e9tudiante, d\u00e9sign\u00e9e comme \u00abantis\u00e9mite\u00bb. Sans la moindre preuve. Dans la meute des \u00ab likeurs \u00bb, un vice-pr\u00e9sident du CRIF, et&#8230; le D\u00e9l\u00e9gu\u00e9 interminist\u00e9riel \u00e0 la lutte contre le racisme et l&#8217;antis\u00e9mitisme.<\/p>\n<p style=\"text-align: justify;\">Sur les forums et les r\u00e9seaux sociaux, les \u00a0haines les plus diverses s\u2019expriment sans frein, le plus souvent dans le secret de l\u2019anonymat. Mais les attaques se font aussi parfois \u00e0 visage d\u00e9couvert, en pleine lumi\u00e8re, et en toute bonne conscience.\u00a0 A l\u2019heure o\u00f9 certains n\u2019ont de cesse de d\u00e9noncer les \u00ab\u00a0d\u00e9rives de l\u2019antiracisme\u00a0\u00bb r\u00e9elles ou suppos\u00e9es, il est peut-\u00eatre bon de rappeler qu\u2019une haine folle et gratuite peut parfois se dissimuler aussi sous le masque respectable et avantageux \u00a0de la lutte contre l\u2019antis\u00e9mitisme.<\/p>\n<p style=\"text-align: justify;\"><a href=\"https:\/\/blogs.mediapart.fr\/guillaume-weill-raynal\/blog\/290316\/chasse-aux-sorcieres-antisemites-sciences-po\" target=\"_blank\">Continuer la lecture sur le blog de Guillaume Weill Raynal \u27f6<\/a><\/p>\n","protected":false},"excerpt":{"rendered":"<p>[Note de l&#8217;auteur du blog \u00c9loge de la raison dure : d\u00e9monstration par l&#8217;absurde de la vaste arnaque de la &#8220;lutte contre l&#8217;antis\u00e9mitisme&#8221; institutionnelle, qui a de plus en plus de mal \u00e0 cacher sa v\u00e9ritable nature : une police de la pens\u00e9e politique.] Sur sa page Facebook, un prof de Sciences Po a proc\u00e9d\u00e9, [&hellip;]<\/p>\n","protected":false},"author":1,"featured_media":0,"comment_status":"open","ping_status":"open","sticky":false,"template":"","format":"standard","meta":[],"categories":[4,134],"tags":[125,127,208,150],"_links":{"self":[{"href":"https:\/\/aitia.fr\/erd\/wp-json\/wp\/v2\/posts\/6252"}],"collection":[{"href":"https:\/\/aitia.fr\/erd\/wp-json\/wp\/v2\/posts"}],"about":[{"href":"https:\/\/aitia.fr\/erd\/wp-json\/wp\/v2\/types\/post"}],"author":[{"embeddable":true,"href":"https:\/\/aitia.fr\/erd\/wp-json\/wp\/v2\/users\/1"}],"replies":[{"embeddable":true,"href":"https:\/\/aitia.fr\/erd\/wp-json\/wp\/v2\/comments?post=6252"}],"version-history":[{"count":6,"href":"https:\/\/aitia.fr\/erd\/wp-json\/wp\/v2\/posts\/6252\/revisions"}],"predecessor-version":[{"id":6263,"href":"https:\/\/aitia.fr\/erd\/wp-json\/wp\/v2\/posts\/6252\/revisions\/6263"}],"wp:attachment":[{"href":"https:\/\/aitia.fr\/erd\/wp-json\/wp\/v2\/media?parent=6252"}],"wp:term":[{"taxonomy":"category","embeddable":true,"href":"https:\/\/aitia.fr\/erd\/wp-json\/wp\/v2\/categories?post=6252"},{"taxonomy":"post_tag","embeddable":true,"href":"https:\/\/aitia.fr\/erd\/wp-json\/wp\/v2\/tags?post=6252"}],"curies":[{"name":"wp","href":"https:\/\/api.w.org\/{rel}","templated":true}]}}